{"id":56557,"date":"2019-05-10T11:00:40","date_gmt":"2019-05-10T08:00:40","guid":{"rendered":"http:\/\/arantv.az\/?p=56557"},"modified":"2019-05-10T11:00:40","modified_gmt":"2019-05-10T08:00:40","slug":"ilham-%c9%99liyev-xanimi-il%c9%99-agac%c9%99km%c9%99-aksiyasinda","status":"publish","type":"post","link":"https:\/\/arantv.az\/?p=56557","title":{"rendered":"\u0130lham \u018fliyev xan\u0131m\u0131 il\u0259 a\u011fac\u0259km\u0259 aksiyas\u0131nda"},"content":{"rendered":"<p>May\u0131n 10-da Az\u0259rbaycan Respublikas\u0131n\u0131n Prezidenti \u0130lham \u018fliyev, birinci xan\u0131m Mehriban \u018fliyeva v\u0259 ail\u0259 \u00fczvl\u0259ri Z\u0131\u011f dair\u0259si-Heyd\u0259r \u018fliyev Beyn\u0259lxalq Aeroportu avtomobil yolunun 28-ci kilometrliyind\u0259 sal\u0131nan ya\u015f\u0131ll\u0131q sah\u0259sind\u0259 ulu \u00f6nd\u0259r Heyd\u0259r \u018fliyevin do\u011fum g\u00fcn\u00fcn\u0259 h\u0259sr olunan a\u011fac\u0259km\u0259 kampaniyas\u0131nda i\u015ftirak edibl\u0259r.<\/p>\n<div id=\"AdviadNativeVideo0\" class=\"AdviadNativeVideo\"><\/div>\n<p>Bununla ba\u011fl\u0131<span style=\"color: #000000;\">\u00a0<\/span><a href=\"https:\/\/azertag.az\/xeber\/Prezident_Ilham_Aliyev_ulu_onder_Heyder_Aliyevin_dogum_gunune_hesr_olunan_agacekme_aksiyasinda_istirak_edib_YENILANACAK-1280612\" target=\"_blank\" rel=\"noopener\"><span style=\"color: #000000;\">AZ\u018fRTAC<\/span><\/a>\u00a0m\u0259lumat yay\u0131b.<\/p>\n","protected":false},"excerpt":{"rendered":"<p>May\u0131n 10-da Az\u0259rbaycan Respublikas\u0131n\u0131n Prezidenti \u0130lham \u018fliyev, birinci xan\u0131m Mehriban \u018fliyeva v\u0259 ail\u0259 \u00fczvl\u0259ri Z\u0131\u011f dair\u0259si-Heyd\u0259r \u018fliyev Beyn\u0259lxalq Aeroportu avtomobil yolunun 28-ci kilometrliyind\u0259 sal\u0131nan ya\u015f\u0131ll\u0131q sah\u0259sind\u0259 ulu \u00f6nd\u0259r Heyd\u0259r \u018fliyevin do\u011fum g\u00fcn\u00fcn\u0259 h\u0259sr olunan a\u011fac\u0259km\u0259 kampaniyas\u0131nda i\u015ftirak edibl\u0259r. Bununla ba\u011fl\u0131\u00a0AZ\u018fRTAC\u00a0m\u0259lumat yay\u0131b.<\/p>\n","protected":false},"author":2,"featured_media":56558,"comment_status":"closed","ping_status":"closed","sticky":false,"template":"","format":"standard","meta":{"om_disable_all_campaigns":false,"_monsterinsights_skip_tracking":false,"_monsterinsights_sitenote_active":false,"_monsterinsights_sitenote_note":"","_monsterinsights_sitenote_category":0},"categories":[4],"tags":[],"aioseo_notices":[],"gutentor_comment":0,"rttpg_featured_image_url":{"full":["https:\/\/arantv.az\/wp-content\/uploads\/2019\/05\/15259529895959123998_1000x669.jpg",620,465,false],"landscape":["https:\/\/arantv.az\/wp-content\/uploads\/2019\/05\/15259529895959123998_1000x669.jpg",620,465,false],"portraits":["https:\/\/arantv.az\/wp-content\/uploads\/2019\/05\/15259529895959123998_1000x669.jpg",620,465,false],"thumbnail":["https:\/\/arantv.az\/wp-content\/uploads\/2019\/05\/15259529895959123998_1000x669-150x150.jpg",150,150,true],"medium":["https:\/\/arantv.az\/wp-content\/uploads\/2019\/05\/15259529895959123998_1000x669-300x225.jpg",300,225,true],"large":["https:\/\/arantv.az\/wp-content\/uploads\/2019\/05\/15259529895959123998_1000x669.jpg",620,465,false],"1536x1536":["https:\/\/arantv.az\/wp-content\/uploads\/2019\/05\/15259529895959123998_1000x669.jpg",620,465,false],"2048x2048":["https:\/\/arantv.az\/wp-content\/uploads\/2019\/05\/15259529895959123998_1000x669.jpg",620,465,false],"post-thumbnail":["https:\/\/arantv.az\/wp-content\/uploads\/2019\/05\/15259529895959123998_1000x669-240x172.jpg",240,172,true],"advps-thumb-one":["https:\/\/arantv.az\/wp-content\/uploads\/2019\/05\/15259529895959123998_1000x669.jpg",620,465,false]},"rttpg_author":{"display_name":"V\u00fcsal Rafiqo\u011flu","author_link":"https:\/\/arantv.az\/?author=2"},"rttpg_comment":0,"rttpg_category":"<a href=\"https:\/\/arantv.az\/?cat=4\" rel=\"category\">Siyas\u0259t<\/a>","rttpg_excerpt":"May\u0131n 10-da Az\u0259rbaycan Respublikas\u0131n\u0131n Prezidenti \u0130lham \u018fliyev, birinci xan\u0131m Mehriban \u018fliyeva v\u0259 ail\u0259 \u00fczvl\u0259ri Z\u0131\u011f dair\u0259si-Heyd\u0259r \u018fliyev Beyn\u0259lxalq Aeroportu avtomobil yolunun 28-ci kilometrliyind\u0259 sal\u0131nan ya\u015f\u0131ll\u0131q sah\u0259sind\u0259 ulu \u00f6nd\u0259r Heyd\u0259r \u018fliyevin do\u011fum g\u00fcn\u00fcn\u0259 h\u0259sr olunan a\u011fac\u0259km\u0259 kampaniyas\u0131nda i\u015ftirak edibl\u0259r. Bununla ba\u011fl\u0131\u00a0AZ\u018fRTAC\u00a0m\u0259lumat yay\u0131b.","_links":{"self":[{"href":"https:\/\/arantv.az\/index.php?rest_route=\/wp\/v2\/posts\/56557"}],"collection":[{"href":"https:\/\/arantv.az\/index.php?rest_route=\/wp\/v2\/posts"}],"about":[{"href":"https:\/\/arantv.az\/index.php?rest_route=\/wp\/v2\/types\/post"}],"author":[{"embeddable":true,"href":"https:\/\/arantv.az\/index.php?rest_route=\/wp\/v2\/users\/2"}],"replies":[{"embeddable":true,"href":"https:\/\/arantv.az\/index.php?rest_route=%2Fwp%2Fv2%2Fcomments&post=56557"}],"version-history":[{"count":0,"href":"https:\/\/arantv.az\/index.php?rest_route=\/wp\/v2\/posts\/56557\/revisions"}],"wp:featuredmedia":[{"embeddable":true,"href":"https:\/\/arantv.az\/index.php?rest_route=\/wp\/v2\/media\/56558"}],"wp:attachment":[{"href":"https:\/\/arantv.az\/index.php?rest_route=%2Fwp%2Fv2%2Fmedia&parent=56557"}],"wp:term":[{"taxonomy":"category","embeddable":true,"href":"https:\/\/arantv.az\/index.php?rest_route=%2Fwp%2Fv2%2Fcategories&post=56557"},{"taxonomy":"post_tag","embeddable":true,"href":"https:\/\/arantv.az\/index.php?rest_route=%2Fwp%2Fv2%2Ftags&post=56557"}],"curies":[{"name":"wp","href":"https:\/\/api.w.org\/{rel}","templated":true}]}}