{"id":56570,"date":"2019-05-10T11:04:35","date_gmt":"2019-05-10T08:04:35","guid":{"rendered":"http:\/\/arantv.az\/?p=56570"},"modified":"2019-05-10T11:04:35","modified_gmt":"2019-05-10T08:04:35","slug":"leyla-%c9%99liyeva-babasini-bel%c9%99-andi-foto","status":"publish","type":"post","link":"https:\/\/arantv.az\/?p=56570","title":{"rendered":"Leyla \u018fliyeva babas\u0131n\u0131 BEL\u018f ANDI &#8211; FOTO"},"content":{"rendered":"<div id=\"entry\" class=\"entry\">Heyd\u0259r \u018fliyev Fondunun vitse-prezidenti Leyla \u018fliyeva babas\u0131 \u00fcmumilli lider Heyd\u0259r \u018fliyevin 96-ci ild\u00f6n\u00fcm\u00fc il\u0259 \u0259laq\u0259dar \u0130nstaqram s\u0259hif\u0259sind\u0259 xatir\u0259l\u0259rini payla\u015f\u0131b.<\/p>\n<div id=\"AdviadNativeVideo0\" class=\"AdviadNativeVideo\"><\/div>\n<p><b>ARANTV.AZ\u00a0<\/b>\u00a0x\u0259b\u0259r verir ki, L.\u018fliyeva m\u00fc\u011f\u0259nni A\u011fadada\u015f A\u011fayevin ifa etdiyi \u201cS\u0259n el\u0259 bir zirv\u0259s\u0259n\u201d mahn\u0131s\u0131n\u0131n fonunda babas\u0131n\u0131n foto v\u0259 videolar\u0131ndan haz\u0131rlanm\u0131\u015f slayd payla\u015f\u0131b.<br \/>\n<img class=\"imgbcodecent\" src=\"https:\/\/upload.az\/foto\/arxiv\/1_41557472341.jpg\" alt=\"Leyla \u018fliyeva babas\u0131n\u0131 BEL\u018f ANDI - FOTO\" \/><\/p>\n<div class=\"embed-responsive embed-responsive-16by9\"><iframe loading=\"lazy\" id=\"nmqembedid\" class=\"embed-responsive-item\" title=\"video player\" src=\"https:\/\/izle.az\/embed\/qyyxzTLSzTDxtjD1yPUEAA~~\" width=\"600\" height=\"340\" frameborder=\"0\" scrolling=\"no\" allowfullscreen=\"allowfullscreen\" data-mce-fragment=\"1\"><\/iframe><\/div>\n<div class=\"embed-responsive embed-responsive-16by9\"><iframe loading=\"lazy\" id=\"nmqembedid\" class=\"embed-responsive-item\" title=\"video player\" src=\"https:\/\/izle.az\/embed\/qyyx1XXJSMpwCihNivQEAA~~\" width=\"600\" height=\"340\" frameborder=\"0\" scrolling=\"no\" allowfullscreen=\"allowfullscreen\" data-mce-fragment=\"1\"><\/iframe><\/div>\n<div class=\"embed-responsive embed-responsive-16by9\"><iframe loading=\"lazy\" id=\"nmqembedid\" class=\"embed-responsive-item\" title=\"video player\" src=\"https:\/\/izle.az\/embed\/qyyxNXYv9TB1LQvyyokEAA~~\" width=\"600\" height=\"340\" frameborder=\"0\" scrolling=\"no\" allowfullscreen=\"allowfullscreen\" data-mce-fragment=\"1\"><\/iframe><\/div>\n<\/div>\n<p><b>big.az<\/b><\/p>\n","protected":false},"excerpt":{"rendered":"<p>Heyd\u0259r \u018fliyev Fondunun vitse-prezidenti Leyla \u018fliyeva babas\u0131 \u00fcmumilli lider Heyd\u0259r \u018fliyevin 96-ci ild\u00f6n\u00fcm\u00fc il\u0259 \u0259laq\u0259dar \u0130nstaqram s\u0259hif\u0259sind\u0259 xatir\u0259l\u0259rini payla\u015f\u0131b. ARANTV.AZ\u00a0\u00a0x\u0259b\u0259r verir ki, L.\u018fliyeva m\u00fc\u011f\u0259nni A\u011fadada\u015f A\u011fayevin ifa etdiyi \u201cS\u0259n el\u0259 bir zirv\u0259s\u0259n\u201d mahn\u0131s\u0131n\u0131n fonunda babas\u0131n\u0131n foto v\u0259 videolar\u0131ndan haz\u0131rlanm\u0131\u015f slayd payla\u015f\u0131b. big.az<\/p>\n","protected":false},"author":2,"featured_media":56571,"comment_status":"closed","ping_status":"closed","sticky":false,"template":"","format":"standard","meta":{"om_disable_all_campaigns":false,"_monsterinsights_skip_tracking":false,"_monsterinsights_sitenote_active":false,"_monsterinsights_sitenote_note":"","_monsterinsights_sitenote_category":0},"categories":[4],"tags":[],"aioseo_notices":[],"gutentor_comment":0,"rttpg_featured_image_url":{"full":["https:\/\/arantv.az\/wp-content\/uploads\/2019\/05\/1_11557472445.jpg",600,400,false],"landscape":["https:\/\/arantv.az\/wp-content\/uploads\/2019\/05\/1_11557472445.jpg",600,400,false],"portraits":["https:\/\/arantv.az\/wp-content\/uploads\/2019\/05\/1_11557472445.jpg",600,400,false],"thumbnail":["https:\/\/arantv.az\/wp-content\/uploads\/2019\/05\/1_11557472445-150x150.jpg",150,150,true],"medium":["https:\/\/arantv.az\/wp-content\/uploads\/2019\/05\/1_11557472445-300x200.jpg",300,200,true],"large":["https:\/\/arantv.az\/wp-content\/uploads\/2019\/05\/1_11557472445.jpg",600,400,false],"1536x1536":["https:\/\/arantv.az\/wp-content\/uploads\/2019\/05\/1_11557472445.jpg",600,400,false],"2048x2048":["https:\/\/arantv.az\/wp-content\/uploads\/2019\/05\/1_11557472445.jpg",600,400,false],"post-thumbnail":["https:\/\/arantv.az\/wp-content\/uploads\/2019\/05\/1_11557472445-240x172.jpg",240,172,true],"advps-thumb-one":["https:\/\/arantv.az\/wp-content\/uploads\/2019\/05\/1_11557472445.jpg",600,400,false]},"rttpg_author":{"display_name":"V\u00fcsal Rafiqo\u011flu","author_link":"https:\/\/arantv.az\/?author=2"},"rttpg_comment":0,"rttpg_category":"<a href=\"https:\/\/arantv.az\/?cat=4\" rel=\"category\">Siyas\u0259t<\/a>","rttpg_excerpt":"Heyd\u0259r \u018fliyev Fondunun vitse-prezidenti Leyla \u018fliyeva babas\u0131 \u00fcmumilli lider Heyd\u0259r \u018fliyevin 96-ci ild\u00f6n\u00fcm\u00fc il\u0259 \u0259laq\u0259dar \u0130nstaqram s\u0259hif\u0259sind\u0259 xatir\u0259l\u0259rini payla\u015f\u0131b. ARANTV.AZ\u00a0\u00a0x\u0259b\u0259r verir ki, L.\u018fliyeva m\u00fc\u011f\u0259nni A\u011fadada\u015f A\u011fayevin ifa etdiyi \u201cS\u0259n el\u0259 bir zirv\u0259s\u0259n\u201d mahn\u0131s\u0131n\u0131n fonunda babas\u0131n\u0131n foto v\u0259 videolar\u0131ndan haz\u0131rlanm\u0131\u015f slayd payla\u015f\u0131b. big.az","_links":{"self":[{"href":"https:\/\/arantv.az\/index.php?rest_route=\/wp\/v2\/posts\/56570"}],"collection":[{"href":"https:\/\/arantv.az\/index.php?rest_route=\/wp\/v2\/posts"}],"about":[{"href":"https:\/\/arantv.az\/index.php?rest_route=\/wp\/v2\/types\/post"}],"author":[{"embeddable":true,"href":"https:\/\/arantv.az\/index.php?rest_route=\/wp\/v2\/users\/2"}],"replies":[{"embeddable":true,"href":"https:\/\/arantv.az\/index.php?rest_route=%2Fwp%2Fv2%2Fcomments&post=56570"}],"version-history":[{"count":0,"href":"https:\/\/arantv.az\/index.php?rest_route=\/wp\/v2\/posts\/56570\/revisions"}],"wp:featuredmedia":[{"embeddable":true,"href":"https:\/\/arantv.az\/index.php?rest_route=\/wp\/v2\/media\/56571"}],"wp:attachment":[{"href":"https:\/\/arantv.az\/index.php?rest_route=%2Fwp%2Fv2%2Fmedia&parent=56570"}],"wp:term":[{"taxonomy":"category","embeddable":true,"href":"https:\/\/arantv.az\/index.php?rest_route=%2Fwp%2Fv2%2Fcategories&post=56570"},{"taxonomy":"post_tag","embeddable":true,"href":"https:\/\/arantv.az\/index.php?rest_route=%2Fwp%2Fv2%2Ftags&post=56570"}],"curies":[{"name":"wp","href":"https:\/\/api.w.org\/{rel}","templated":true}]}}