{"id":56579,"date":"2019-05-10T11:08:06","date_gmt":"2019-05-10T08:08:06","guid":{"rendered":"http:\/\/arantv.az\/?p=56579"},"modified":"2019-05-10T11:08:06","modified_gmt":"2019-05-10T08:08:06","slug":"heyd%c9%99r-%c9%99liyev-fondunun-15-illik-yubileyidir-foto","status":"publish","type":"post","link":"https:\/\/arantv.az\/?p=56579","title":{"rendered":"Heyd\u0259r \u018fliyev Fondunun 15 illik yubileyidir &#8211; FOTO"},"content":{"rendered":"<div class=\"row\">\n<div class=\"post single\">\n<div class=\"post_content page_margin_top_section clearfix\">\n<div class=\"content_box\">\n<div class=\"text\">\n<p><strong>Bu g\u00fcn Heyd\u0259r \u018fliyev Fondunun yaranmas\u0131n\u0131n 15 ili tamam olur.<\/strong><\/p>\n<p><b>ARANTV.AZ\u00a0<\/b>x\u0259b\u0259r verir ki, Fond tariximiz\u0259 m\u00fcst\u0259qil d\u00f6vl\u0259t qurucusu kimi daxil olmu\u015f Heyd\u0259r \u018fliyevin xatir\u0259sin\u0259 xalq\u0131m\u0131z\u0131n ehtiram\u0131n\u0131 ifad\u0259 etm\u0259k arzusundan, onun z\u0259ngin m\u0259n\u0259vi irsini \u0259ks etdirm\u0259k, az\u0259rbaycan\u00e7\u0131l\u0131q f\u0259ls\u0259f\u0259sinin \u00f6lk\u0259miz \u00fc\u00e7\u00fcn \u0259h\u0259miyy\u0259tini vur\u011fulamaq, milli d\u00f6vl\u0259t\u00e7ilik ideyalar\u0131n\u0131 yeni n\u0259sill\u0259r\u0259 a\u015f\u0131lamaq z\u0259rur\u0259tind\u0259n ir\u0259li g\u0259l\u0259r\u0259k yarad\u0131l\u0131b.<\/p>\n<p>2004-c\u00fc ild\u0259n f\u0259aliyy\u0259t\u0259 ba\u015flam\u0131\u015f Heyd\u0259r \u018fliyev Fondu t\u0259hsil, s\u0259hiyy\u0259, m\u0259d\u0259niyy\u0259t, idman, elm v\u0259 texnologiya, ekologiya, sosial v\u0259 dig\u0259r sah\u0259l\u0259rd\u0259 m\u00fcxt\u0259lif layih\u0259l\u0259r h\u0259yata ke\u00e7ir\u0259r\u0259k yeni c\u0259miyy\u0259t quruculu\u011funda f\u0259al i\u015ftirak edir, \u00f6lk\u0259nin sosial-iqtisadi inki\u015faf\u0131na \u00f6z t\u00f6hf\u0259sini verir.<\/p>\n<p><img loading=\"lazy\" src=\"https:\/\/publika.az\/storage\/2019\/05\/10\/fond3.jpg\" alt=\"\" width=\"700\" height=\"467\" \/><\/p>\n<p>Heyd\u0259r \u018fliyev Fondunun prezidenti Az\u0259rbaycan\u0131n birinci xan\u0131m\u0131, UNESCO v\u0259 ISESCO-nun Xo\u015fm\u0259raml\u0131 s\u0259firi Mehriban \u018fliyevad\u0131r. Fond x\u00fcsus\u0259n \u0259halinin qay\u011f\u0131ya ehtiyac\u0131 olan t\u0259b\u0259l\u0259ri \u2013 m\u0259cburi k\u00f6\u00e7k\u00fcnl\u0259r, \u0259lill\u0259r, \u015f\u0259hid ail\u0259l\u0259ri, valideyn himay\u0259sind\u0259n m\u0259hrum olan u\u015faqlar\u0131n probleml\u0259rinin h\u0259lli istiqam\u0259tind\u0259 m\u00fch\u00fcm add\u0131mlar at\u0131r.<\/p>\n<p>Fondun \u0259sas m\u0259qs\u0259di g\u00f6rk\u0259mli siyasi xadim Heyd\u0259r \u018fliyevin \u00f6lk\u0259nin sosial-iqtisadi, m\u0259d\u0259ni t\u0259r\u0259qqisi, sivil d\u00fcnya birliyin\u0259 inteqrasiyas\u0131, xalq\u0131n maddi rifah\u0131n\u0131n yax\u015f\u0131la\u015fmas\u0131 namin\u0259 m\u00fc\u0259yy\u0259n etdiyi, i\u015fl\u0259yib haz\u0131rlad\u0131\u011f\u0131 siyas\u0259tin \u00f6yr\u0259nilm\u0259sin\u0259, t\u0259bli\u011fin\u0259 v\u0259 bu ideyalar\u0131n h\u0259yata ke\u00e7irilm\u0259sin\u0259 d\u0259st\u0259k verm\u0259k, Az\u0259rbaycan\u0131n t\u0259r\u0259qqisi v\u0259 xalq\u0131m\u0131z\u0131n rifah\u0131 namin\u0259 \u00fcmummilli lider Heyd\u0259r \u018fliyevin z\u0259ngin irsind\u0259n b\u0259hr\u0259l\u0259n\u0259r\u0259k bu i\u015f\u0259 xidm\u0259t ed\u0259n geni\u015fmiqyasl\u0131 proqram v\u0259 layih\u0259l\u0259rin realla\u015fmas\u0131na k\u00f6m\u0259k etm\u0259k, elm, t\u0259hsil, m\u0259d\u0259niyy\u0259t, s\u0259hiyy\u0259, idman, ekoloji sah\u0259l\u0259r\u0259 aid proqram v\u0259 layih\u0259l\u0259r haz\u0131rlay\u0131b h\u0259yata ke\u00e7irm\u0259k, respublikan\u0131n v\u0259 xarici \u00f6lk\u0259l\u0259rin fondlar\u0131, QHT-l\u0259ri, ictimai t\u0259\u015fkilatlar\u0131 il\u0259 \u0259m\u0259kda\u015fl\u0131\u011f\u0131 geni\u015fl\u0259ndirm\u0259k, onlarla birg\u0259 layih\u0259l\u0259r h\u0259yata ke\u00e7irm\u0259kdir.<\/p>\n<p><img loading=\"lazy\" src=\"https:\/\/publika.az\/storage\/2019\/05\/10\/fond14.jpg\" alt=\"\" width=\"700\" height=\"440\" \/><\/p>\n<p>H\u0259m\u00e7inin Fond yerli \u0259h\u0259miyy\u0259tli sosial probleml\u0259rin h\u0259llin\u0259 yard\u0131m\u00e7\u0131 olmaq, x\u00fcsusi qay\u011f\u0131ya ehtiyac\u0131 olan insanlara k\u00f6m\u0259k g\u00f6st\u0259rir, insanlar\u0131n yarad\u0131c\u0131 potensial\u0131n\u0131n, bilik v\u0259 bacar\u0131qlar\u0131n\u0131n a\u015fkara \u00e7\u0131xar\u0131lmas\u0131na, qabiliyy\u0259tl\u0259rini g\u00f6st\u0259rm\u0259sin\u0259, inki\u015faf etdirm\u0259sin\u0259 yard\u0131m edir, Az\u0259rbaycan m\u0259d\u0259niyy\u0259tinin geni\u015f t\u0259bli\u011fi, sa\u011flam m\u0259n\u0259vi d\u0259y\u0259rl\u0259rin qorunmas\u0131 il\u0259 ba\u011fl\u0131 apar\u0131lan i\u015fl\u0259r\u0259 k\u00f6m\u0259k edir, u\u015faq v\u0259 g\u0259ncl\u0259rin h\u0259rt\u0259r\u0259fli bilikl\u0259r\u0259 malik v\u0259t\u0259nda\u015f kimi yeti\u015fdirilm\u0259si i\u015fin\u0259 xidm\u0259t edir, Az\u0259rbaycan Respublikas\u0131n\u0131n beyn\u0259lxalq n\u00fcfuzunun art\u0131r\u0131lmas\u0131 il\u0259 ba\u011fl\u0131 t\u0259dbirl\u0259rin h\u0259yata ke\u00e7irilm\u0259sin\u0259 yard\u0131m g\u00f6st\u0259rir.<\/p>\n<p><img loading=\"lazy\" src=\"https:\/\/publika.az\/storage\/2019\/05\/10\/fond15.jpg\" alt=\"\" width=\"700\" height=\"482\" \/><\/p>\n<p>Heyd\u0259r \u018fliyev Fondu Az\u0259rbaycan h\u0259qiq\u0259tl\u0259rini d\u00fcnya ictimaiyy\u0259tin\u0259 \u00e7atd\u0131rmaq bax\u0131mdan m\u00fch\u00fcm i\u015fl\u0259r\u0259 imza at\u0131b. Respublikan\u0131n v\u0259 xarici \u00f6lk\u0259l\u0259rin t\u0259hsil m\u00fc\u0259ssis\u0259l\u0259ri il\u0259 \u0259m\u0259kda\u015fl\u0131q, elmi t\u0259dqiqatlar\u0131n apar\u0131lmas\u0131na yard\u0131m g\u00f6st\u0259rm\u0259k, &#8211; xarici \u00f6lk\u0259l\u0259rin tan\u0131nm\u0131\u015f elmi-t\u0259dqiqat m\u0259rk\u0259zl\u0259ri il\u0259 aliml\u0259rin m\u00fcbadil\u0259sini t\u0259\u015fkil etm\u0259k, \u00f6lk\u0259nin yarad\u0131c\u0131 v\u0259 elmi potensial\u0131n\u0131n art\u0131r\u0131lmas\u0131na k\u00f6m\u0259k etm\u0259k, u\u015faq m\u00fc\u0259ssis\u0259l\u0259rinin infrastrukturlar\u0131n\u0131 inki\u015faf etdirm\u0259k, s\u0259hiyy\u0259 v\u0259 tibbi t\u0259sisatlar\u0131 inki\u015faf etdirm\u0259k, ekologiya sah\u0259sind\u0259 m\u00fch\u00fcm t\u0259dqiqatlar\u0131 d\u0259st\u0259kl\u0259m\u0259k, sa\u011flam h\u0259yat t\u0259rzini t\u0259bli\u011f etm\u0259k, &#8211; Az\u0259rbaycan Respublikas\u0131n\u0131n \u0259razisind\u0259 v\u0259 xaricd\u0259 aktual m\u00f6vzulara dair konfrans v\u0259 seminarlar t\u0259\u015fkil etm\u0259k, u\u015faqlar\u0131n, yarad\u0131c\u0131 g\u0259ncl\u0259rin, inc\u0259s\u0259n\u0259t xadiml\u0259rinin s\u0259rgil\u0259rini t\u0259\u015fkil etm\u0259k, dini tolerantl\u0131\u011f\u0131n b\u0259rq\u0259rar olmas\u0131na, v\u0259t\u0259nda\u015f c\u0259miyy\u0259ti quruculu\u011funa, qloballa\u015fan d\u00fcnyaya inteqrasiya prosesind\u0259 milli-m\u0259n\u0259vi d\u0259y\u0259rl\u0259rin qorunub saxlan\u0131lmas\u0131na d\u0259st\u0259k verm\u0259k d\u0259 Fondun \u0259sas m\u0259qs\u0259dl\u0259ri s\u0131ras\u0131ndad\u0131r.<\/p>\n<\/div>\n<\/div>\n<\/div>\n<div class=\"social_like\">\n<div>\n<div class=\"fb-like fb_iframe_widget\" data-href=\"\" data-layout=\"button_count\" data-action=\"recommend\" data-size=\"small\" data-show-faces=\"false\" data-share=\"false\"><\/div>\n<\/div>\n<div><\/div>\n<\/div>\n<\/div>\n<\/div>\n<div class=\"row page_margin_top\">\n<div id=\"news_media_gallery\" class=\"eagle-gallery img600 in as1\">\n<div class=\"eagle-medium-wrap\">\n<div class=\"scale-ico\"><\/div>\n<p><a class=\"eagle-view-medium-img\"><img src=\"https:\/\/publika.az\/storage\/2019\/05\/10\/fond2.jpg\" alt=\"\" \/><\/a><\/div>\n<div class=\"owl-carousel mini-slider\">\n<div class=\"owl-wrapper-outer\">\n<div class=\"owl-wrapper\">\n<div class=\"owl-item\"><img src=\"https:\/\/publika.az\/storage\/2019\/05\/10\/250x250f\/fond.jpg\" alt=\"\" data-medium-img=\"https:\/\/publika.az\/storage\/2019\/05\/10\/fond.jpg\" data-big-img=\"https:\/\/publika.az\/storage\/2019\/05\/10\/fond.jpg\" data-title=\"\" \/><\/div>\n<div class=\"owl-item\"><img src=\"https:\/\/publika.az\/storage\/2019\/05\/10\/250x250f\/fond10.jpg\" alt=\"\" data-medium-img=\"https:\/\/publika.az\/storage\/2019\/05\/10\/fond10.jpg\" data-big-img=\"https:\/\/publika.az\/storage\/2019\/05\/10\/fond10.jpg\" data-title=\"\" \/><\/div>\n<div class=\"owl-item\"><img src=\"https:\/\/publika.az\/storage\/2019\/05\/10\/250x250f\/fond11.jpg\" alt=\"\" data-medium-img=\"https:\/\/publika.az\/storage\/2019\/05\/10\/fond11.jpg\" data-big-img=\"https:\/\/publika.az\/storage\/2019\/05\/10\/fond11.jpg\" data-title=\"\" \/><\/div>\n<div class=\"owl-item active\"><\/div>\n<div class=\"owl-item\"><img src=\"https:\/\/publika.az\/storage\/2019\/05\/10\/250x250f\/fond3.jpg\" alt=\"\" data-medium-img=\"https:\/\/publika.az\/storage\/2019\/05\/10\/fond3.jpg\" data-big-img=\"https:\/\/publika.az\/storage\/2019\/05\/10\/fond3.jpg\" data-title=\"\" \/><\/div>\n<div class=\"owl-item\"><img src=\"https:\/\/publika.az\/storage\/2019\/05\/10\/250x250f\/fond4.jpg\" alt=\"\" data-medium-img=\"https:\/\/publika.az\/storage\/2019\/05\/10\/fond4.jpg\" data-big-img=\"https:\/\/publika.az\/storage\/2019\/05\/10\/fond4.jpg\" data-title=\"\" \/><\/div>\n<div class=\"owl-item\"><img src=\"https:\/\/publika.az\/storage\/2019\/05\/10\/250x250f\/fond6.jpg\" alt=\"\" data-medium-img=\"https:\/\/publika.az\/storage\/2019\/05\/10\/fond6.jpg\" data-big-img=\"https:\/\/publika.az\/storage\/2019\/05\/10\/fond6.jpg\" data-title=\"\" \/><\/div>\n<div>publika.az<\/div>\n<\/div>\n<\/div>\n<\/div>\n<\/div>\n<\/div>\n","protected":false},"excerpt":{"rendered":"<p>Bu g\u00fcn Heyd\u0259r \u018fliyev Fondunun yaranmas\u0131n\u0131n 15 ili tamam olur. ARANTV.AZ\u00a0x\u0259b\u0259r verir ki, Fond tariximiz\u0259 m\u00fcst\u0259qil d\u00f6vl\u0259t qurucusu kimi daxil olmu\u015f Heyd\u0259r \u018fliyevin xatir\u0259sin\u0259 xalq\u0131m\u0131z\u0131n ehtiram\u0131n\u0131 ifad\u0259 etm\u0259k arzusundan, onun z\u0259ngin m\u0259n\u0259vi irsini \u0259ks etdirm\u0259k, az\u0259rbaycan\u00e7\u0131l\u0131q f\u0259ls\u0259f\u0259sinin \u00f6lk\u0259miz \u00fc\u00e7\u00fcn \u0259h\u0259miyy\u0259tini vur\u011fulamaq, milli d\u00f6vl\u0259t\u00e7ilik ideyalar\u0131n\u0131 yeni n\u0259sill\u0259r\u0259 a\u015f\u0131lamaq z\u0259rur\u0259tind\u0259n ir\u0259li g\u0259l\u0259r\u0259k yarad\u0131l\u0131b. 2004-c\u00fc ild\u0259n f\u0259aliyy\u0259t\u0259 ba\u015flam\u0131\u015f Heyd\u0259r \u018fliyev Fondu t\u0259hsil, s\u0259hiyy\u0259, m\u0259d\u0259niyy\u0259t, idman, elm v\u0259 texnologiya, ekologiya, sosial v\u0259 dig\u0259r sah\u0259l\u0259rd\u0259 m\u00fcxt\u0259lif layih\u0259l\u0259r h\u0259yata ke\u00e7ir\u0259r\u0259k yeni c\u0259miyy\u0259t quruculu\u011funda f\u0259al i\u015ftirak edir, \u00f6lk\u0259nin sosial-iqtisadi inki\u015faf\u0131na \u00f6z t\u00f6hf\u0259sini verir. Heyd\u0259r \u018fliyev Fondunun prezidenti&hellip;<\/p>\n","protected":false},"author":2,"featured_media":56580,"comment_status":"closed","ping_status":"closed","sticky":false,"template":"","format":"standard","meta":{"om_disable_all_campaigns":false,"_monsterinsights_skip_tracking":false,"_monsterinsights_sitenote_active":false,"_monsterinsights_sitenote_note":"","_monsterinsights_sitenote_category":0},"categories":[4],"tags":[],"aioseo_notices":[],"gutentor_comment":0,"rttpg_featured_image_url":{"full":["https:\/\/arantv.az\/wp-content\/uploads\/2019\/05\/6d3b3390-199e-4423-86e1-532d12ecb73f.jpg",800,450,false],"landscape":["https:\/\/arantv.az\/wp-content\/uploads\/2019\/05\/6d3b3390-199e-4423-86e1-532d12ecb73f.jpg",800,450,false],"portraits":["https:\/\/arantv.az\/wp-content\/uploads\/2019\/05\/6d3b3390-199e-4423-86e1-532d12ecb73f.jpg",800,450,false],"thumbnail":["https:\/\/arantv.az\/wp-content\/uploads\/2019\/05\/6d3b3390-199e-4423-86e1-532d12ecb73f-150x150.jpg",150,150,true],"medium":["https:\/\/arantv.az\/wp-content\/uploads\/2019\/05\/6d3b3390-199e-4423-86e1-532d12ecb73f-300x169.jpg",300,169,true],"large":["https:\/\/arantv.az\/wp-content\/uploads\/2019\/05\/6d3b3390-199e-4423-86e1-532d12ecb73f.jpg",640,360,false],"1536x1536":["https:\/\/arantv.az\/wp-content\/uploads\/2019\/05\/6d3b3390-199e-4423-86e1-532d12ecb73f.jpg",800,450,false],"2048x2048":["https:\/\/arantv.az\/wp-content\/uploads\/2019\/05\/6d3b3390-199e-4423-86e1-532d12ecb73f.jpg",800,450,false],"post-thumbnail":["https:\/\/arantv.az\/wp-content\/uploads\/2019\/05\/6d3b3390-199e-4423-86e1-532d12ecb73f-240x172.jpg",240,172,true],"advps-thumb-one":["https:\/\/arantv.az\/wp-content\/uploads\/2019\/05\/6d3b3390-199e-4423-86e1-532d12ecb73f.jpg",800,450,false]},"rttpg_author":{"display_name":"V\u00fcsal Rafiqo\u011flu","author_link":"https:\/\/arantv.az\/?author=2"},"rttpg_comment":0,"rttpg_category":"<a href=\"https:\/\/arantv.az\/?cat=4\" rel=\"category\">Siyas\u0259t<\/a>","rttpg_excerpt":"Bu g\u00fcn Heyd\u0259r \u018fliyev Fondunun yaranmas\u0131n\u0131n 15 ili tamam olur. ARANTV.AZ\u00a0x\u0259b\u0259r verir ki, Fond tariximiz\u0259 m\u00fcst\u0259qil d\u00f6vl\u0259t qurucusu kimi daxil olmu\u015f Heyd\u0259r \u018fliyevin xatir\u0259sin\u0259 xalq\u0131m\u0131z\u0131n ehtiram\u0131n\u0131 ifad\u0259 etm\u0259k arzusundan, onun z\u0259ngin m\u0259n\u0259vi irsini \u0259ks etdirm\u0259k, az\u0259rbaycan\u00e7\u0131l\u0131q f\u0259ls\u0259f\u0259sinin \u00f6lk\u0259miz \u00fc\u00e7\u00fcn \u0259h\u0259miyy\u0259tini vur\u011fulamaq, milli d\u00f6vl\u0259t\u00e7ilik ideyalar\u0131n\u0131 yeni n\u0259sill\u0259r\u0259 a\u015f\u0131lamaq z\u0259rur\u0259tind\u0259n ir\u0259li g\u0259l\u0259r\u0259k yarad\u0131l\u0131b. 2004-c\u00fc ild\u0259n f\u0259aliyy\u0259t\u0259 ba\u015flam\u0131\u015f&hellip;","_links":{"self":[{"href":"https:\/\/arantv.az\/index.php?rest_route=\/wp\/v2\/posts\/56579"}],"collection":[{"href":"https:\/\/arantv.az\/index.php?rest_route=\/wp\/v2\/posts"}],"about":[{"href":"https:\/\/arantv.az\/index.php?rest_route=\/wp\/v2\/types\/post"}],"author":[{"embeddable":true,"href":"https:\/\/arantv.az\/index.php?rest_route=\/wp\/v2\/users\/2"}],"replies":[{"embeddable":true,"href":"https:\/\/arantv.az\/index.php?rest_route=%2Fwp%2Fv2%2Fcomments&post=56579"}],"version-history":[{"count":0,"href":"https:\/\/arantv.az\/index.php?rest_route=\/wp\/v2\/posts\/56579\/revisions"}],"wp:featuredmedia":[{"embeddable":true,"href":"https:\/\/arantv.az\/index.php?rest_route=\/wp\/v2\/media\/56580"}],"wp:attachment":[{"href":"https:\/\/arantv.az\/index.php?rest_route=%2Fwp%2Fv2%2Fmedia&parent=56579"}],"wp:term":[{"taxonomy":"category","embeddable":true,"href":"https:\/\/arantv.az\/index.php?rest_route=%2Fwp%2Fv2%2Fcategories&post=56579"},{"taxonomy":"post_tag","embeddable":true,"href":"https:\/\/arantv.az\/index.php?rest_route=%2Fwp%2Fv2%2Ftags&post=56579"}],"curies":[{"name":"wp","href":"https:\/\/api.w.org\/{rel}","templated":true}]}}