{"id":56594,"date":"2019-05-10T11:23:02","date_gmt":"2019-05-10T08:23:02","guid":{"rendered":"http:\/\/arantv.az\/?p=56594"},"modified":"2019-05-10T11:23:02","modified_gmt":"2019-05-10T08:23:02","slug":"az%c9%99rbaycan-ictimaiyy%c9%99ti-umummilli-lider-heyd%c9%99r-%c9%99liyevin-anadan-olmasinin-96-ci-ildonumunu-qeyd-edir-foto","status":"publish","type":"post","link":"https:\/\/arantv.az\/?p=56594","title":{"rendered":"Az\u0259rbaycan ictimaiyy\u0259ti \u00dcmummilli Lider Heyd\u0259r \u018fliyevin anadan olmas\u0131n\u0131n 96-c\u0131 ild\u00f6n\u00fcm\u00fcn\u00fc qeyd edir &#8211; FOTO"},"content":{"rendered":"<p>May\u0131n 10-u m\u00fcasir m\u00fcst\u0259qil Az\u0259rbaycan d\u00f6vl\u0259tinin memar\u0131 v\u0259 qurucusu, xalq\u0131m\u0131z\u0131n dahi o\u011flu v\u0259 \u00dcmummilli Lideri Heyd\u0259r \u018fliyevin anadan olmas\u0131n\u0131n 96-c\u0131 ild\u00f6n\u00fcm\u00fcd\u00fcr.<\/p>\n<p><span style=\"color: #000000;\">ARANTV.AZ\u00a0<\/span><span style=\"color: #000000;\">\u00a0<\/span><a href=\"https:\/\/az.trend.az\/\" target=\"_blank\" rel=\"noopener\"><span style=\"color: #000000;\">Trend<\/span><\/a>-\u0259 istinad\u0259n x\u0259b\u0259r verir ki, Ulu \u00d6nd\u0259rin ad g\u00fcn\u00fc &#8211; may\u0131n 10-da s\u0259h\u0259r saatlar\u0131ndan ictimaiyy\u0259t n\u00fcmay\u0259nd\u0259l\u0259ri, \u00f6lk\u0259mizin m\u00fcxt\u0259lif rayon v\u0259 \u015f\u0259h\u0259rl\u0259rind\u0259n Bak\u0131ya g\u0259lmi\u015f insanlar, Az\u0259rbaycan paytaxt\u0131n\u0131n qonaqlar\u0131 ax\u0131n-ax\u0131n F\u0259xri xiyabana \u00fcz tutur, \u00dcmummilli Lider Heyd\u0259r \u018fliyevin m\u0259zar\u0131 \u00f6n\u00fcn\u0259 \u0259klill\u0259r, t\u0259z\u0259-t\u0259r g\u00fcll\u0259r qoyur, onun \u0259ziz xatir\u0259sini d\u0259rin ehtiramla yad edir, ruhuna dualar oxuyurlar.<\/p>\n<p><img loading=\"lazy\" class=\"alignnone size-medium wp-image-56595\" src=\"https:\/\/arantv.az\/wp-content\/uploads\/2019\/05\/753687-300x225.jpg\" alt=\"\" width=\"300\" height=\"225\" \/><img loading=\"lazy\" class=\"alignnone size-full wp-image-56596\" src=\"https:\/\/arantv.az\/wp-content\/uploads\/2019\/05\/753687_02.jpg\" alt=\"\" width=\"250\" height=\"167\" \/><img loading=\"lazy\" class=\"alignnone size-full wp-image-56597\" src=\"https:\/\/arantv.az\/wp-content\/uploads\/2019\/05\/753687_29.jpg\" alt=\"\" width=\"250\" height=\"167\" \/><img loading=\"lazy\" class=\"alignnone size-full wp-image-56598\" src=\"https:\/\/arantv.az\/wp-content\/uploads\/2019\/05\/753687_03.jpg\" alt=\"\" width=\"250\" height=\"168\" \/><img loading=\"lazy\" class=\"alignnone size-full wp-image-56599\" src=\"https:\/\/arantv.az\/wp-content\/uploads\/2019\/05\/753687_32.jpg\" alt=\"\" width=\"250\" height=\"167\" \/><img loading=\"lazy\" class=\"alignnone size-full wp-image-56600\" src=\"https:\/\/arantv.az\/wp-content\/uploads\/2019\/05\/753687_21.jpg\" alt=\"\" width=\"250\" height=\"167\" \/><img loading=\"lazy\" class=\"alignnone size-full wp-image-56601\" src=\"https:\/\/arantv.az\/wp-content\/uploads\/2019\/05\/753687_19.jpg\" alt=\"\" width=\"248\" height=\"250\" \/><img loading=\"lazy\" class=\"alignnone size-full wp-image-56602\" src=\"https:\/\/arantv.az\/wp-content\/uploads\/2019\/05\/753687_05.jpg\" alt=\"\" width=\"250\" height=\"167\" \/><img loading=\"lazy\" class=\"alignnone size-full wp-image-56603\" src=\"https:\/\/arantv.az\/wp-content\/uploads\/2019\/05\/753687_06.jpg\" alt=\"\" width=\"250\" height=\"167\" \/><img loading=\"lazy\" class=\"alignnone size-full wp-image-56604\" src=\"https:\/\/arantv.az\/wp-content\/uploads\/2019\/05\/753687_17.jpg\" alt=\"\" width=\"250\" height=\"167\" \/><img loading=\"lazy\" class=\"alignnone size-full wp-image-56605\" src=\"https:\/\/arantv.az\/wp-content\/uploads\/2019\/05\/753687_08.jpg\" alt=\"\" width=\"250\" height=\"167\" \/><img loading=\"lazy\" class=\"alignnone size-full wp-image-56606\" src=\"https:\/\/arantv.az\/wp-content\/uploads\/2019\/05\/753687_13.jpg\" alt=\"\" width=\"250\" height=\"167\" \/><\/p>\n","protected":false},"excerpt":{"rendered":"<p>May\u0131n 10-u m\u00fcasir m\u00fcst\u0259qil Az\u0259rbaycan d\u00f6vl\u0259tinin memar\u0131 v\u0259 qurucusu, xalq\u0131m\u0131z\u0131n dahi o\u011flu v\u0259 \u00dcmummilli Lideri Heyd\u0259r \u018fliyevin anadan olmas\u0131n\u0131n 96-c\u0131 ild\u00f6n\u00fcm\u00fcd\u00fcr. ARANTV.AZ\u00a0\u00a0Trend-\u0259 istinad\u0259n x\u0259b\u0259r verir ki, Ulu \u00d6nd\u0259rin ad g\u00fcn\u00fc &#8211; may\u0131n 10-da s\u0259h\u0259r saatlar\u0131ndan ictimaiyy\u0259t n\u00fcmay\u0259nd\u0259l\u0259ri, \u00f6lk\u0259mizin m\u00fcxt\u0259lif rayon v\u0259 \u015f\u0259h\u0259rl\u0259rind\u0259n Bak\u0131ya g\u0259lmi\u015f insanlar, Az\u0259rbaycan paytaxt\u0131n\u0131n qonaqlar\u0131 ax\u0131n-ax\u0131n F\u0259xri xiyabana \u00fcz tutur, \u00dcmummilli Lider Heyd\u0259r \u018fliyevin m\u0259zar\u0131 \u00f6n\u00fcn\u0259 \u0259klill\u0259r, t\u0259z\u0259-t\u0259r g\u00fcll\u0259r qoyur, onun \u0259ziz xatir\u0259sini d\u0259rin ehtiramla yad edir, ruhuna dualar oxuyurlar.<\/p>\n","protected":false},"author":2,"featured_media":56607,"comment_status":"closed","ping_status":"closed","sticky":false,"template":"","format":"standard","meta":{"om_disable_all_campaigns":false,"_monsterinsights_skip_tracking":false,"_monsterinsights_sitenote_active":false,"_monsterinsights_sitenote_note":"","_monsterinsights_sitenote_category":0},"categories":[4],"tags":[],"aioseo_notices":[],"gutentor_comment":0,"rttpg_featured_image_url":{"full":["https:\/\/arantv.az\/wp-content\/uploads\/2019\/05\/753687-1.jpg",800,600,false],"landscape":["https:\/\/arantv.az\/wp-content\/uploads\/2019\/05\/753687-1.jpg",800,600,false],"portraits":["https:\/\/arantv.az\/wp-content\/uploads\/2019\/05\/753687-1.jpg",800,600,false],"thumbnail":["https:\/\/arantv.az\/wp-content\/uploads\/2019\/05\/753687-1-150x150.jpg",150,150,true],"medium":["https:\/\/arantv.az\/wp-content\/uploads\/2019\/05\/753687-1-300x225.jpg",300,225,true],"large":["https:\/\/arantv.az\/wp-content\/uploads\/2019\/05\/753687-1.jpg",640,480,false],"1536x1536":["https:\/\/arantv.az\/wp-content\/uploads\/2019\/05\/753687-1.jpg",800,600,false],"2048x2048":["https:\/\/arantv.az\/wp-content\/uploads\/2019\/05\/753687-1.jpg",800,600,false],"post-thumbnail":["https:\/\/arantv.az\/wp-content\/uploads\/2019\/05\/753687-1-240x172.jpg",240,172,true],"advps-thumb-one":["https:\/\/arantv.az\/wp-content\/uploads\/2019\/05\/753687-1.jpg",800,600,false]},"rttpg_author":{"display_name":"V\u00fcsal Rafiqo\u011flu","author_link":"https:\/\/arantv.az\/?author=2"},"rttpg_comment":0,"rttpg_category":"<a href=\"https:\/\/arantv.az\/?cat=4\" rel=\"category\">Siyas\u0259t<\/a>","rttpg_excerpt":"May\u0131n 10-u m\u00fcasir m\u00fcst\u0259qil Az\u0259rbaycan d\u00f6vl\u0259tinin memar\u0131 v\u0259 qurucusu, xalq\u0131m\u0131z\u0131n dahi o\u011flu v\u0259 \u00dcmummilli Lideri Heyd\u0259r \u018fliyevin anadan olmas\u0131n\u0131n 96-c\u0131 ild\u00f6n\u00fcm\u00fcd\u00fcr. ARANTV.AZ\u00a0\u00a0Trend-\u0259 istinad\u0259n x\u0259b\u0259r verir ki, Ulu \u00d6nd\u0259rin ad g\u00fcn\u00fc &#8211; may\u0131n 10-da s\u0259h\u0259r saatlar\u0131ndan ictimaiyy\u0259t n\u00fcmay\u0259nd\u0259l\u0259ri, \u00f6lk\u0259mizin m\u00fcxt\u0259lif rayon v\u0259 \u015f\u0259h\u0259rl\u0259rind\u0259n Bak\u0131ya g\u0259lmi\u015f insanlar, Az\u0259rbaycan paytaxt\u0131n\u0131n qonaqlar\u0131 ax\u0131n-ax\u0131n F\u0259xri xiyabana \u00fcz tutur, \u00dcmummilli Lider&hellip;","_links":{"self":[{"href":"https:\/\/arantv.az\/index.php?rest_route=\/wp\/v2\/posts\/56594"}],"collection":[{"href":"https:\/\/arantv.az\/index.php?rest_route=\/wp\/v2\/posts"}],"about":[{"href":"https:\/\/arantv.az\/index.php?rest_route=\/wp\/v2\/types\/post"}],"author":[{"embeddable":true,"href":"https:\/\/arantv.az\/index.php?rest_route=\/wp\/v2\/users\/2"}],"replies":[{"embeddable":true,"href":"https:\/\/arantv.az\/index.php?rest_route=%2Fwp%2Fv2%2Fcomments&post=56594"}],"version-history":[{"count":0,"href":"https:\/\/arantv.az\/index.php?rest_route=\/wp\/v2\/posts\/56594\/revisions"}],"wp:featuredmedia":[{"embeddable":true,"href":"https:\/\/arantv.az\/index.php?rest_route=\/wp\/v2\/media\/56607"}],"wp:attachment":[{"href":"https:\/\/arantv.az\/index.php?rest_route=%2Fwp%2Fv2%2Fmedia&parent=56594"}],"wp:term":[{"taxonomy":"category","embeddable":true,"href":"https:\/\/arantv.az\/index.php?rest_route=%2Fwp%2Fv2%2Fcategories&post=56594"},{"taxonomy":"post_tag","embeddable":true,"href":"https:\/\/arantv.az\/index.php?rest_route=%2Fwp%2Fv2%2Ftags&post=56594"}],"curies":[{"name":"wp","href":"https:\/\/api.w.org\/{rel}","templated":true}]}}