{"id":56618,"date":"2019-05-10T11:30:30","date_gmt":"2019-05-10T08:30:30","guid":{"rendered":"http:\/\/arantv.az\/?p=56618"},"modified":"2019-05-10T11:30:30","modified_gmt":"2019-05-10T08:30:30","slug":"ilham-%c9%99liyev-heyd%c9%99r-%c9%99liyev%c9%99-h%c9%99sr-edilmis-videocarx-paylasdi","status":"publish","type":"post","link":"https:\/\/arantv.az\/?p=56618","title":{"rendered":"\u0130lham \u018fliyev Heyd\u0259r \u018fliyev\u0259 h\u0259sr edilmi\u015f video\u00e7arx payla\u015fd\u0131"},"content":{"rendered":"<article class=\"news\">\n<div class=\"news-inner\">\n<p>Prezident<strong>\u00a0\u0130lham \u018fliyev\u00a0<\/strong>\u00f6z\u00fcn\u00fcn \u201cFacebook\u201d s\u0259hif\u0259sind\u0259 \u00fcmummilli lider Heyd\u0259r \u018fliyevin anadan olmas\u0131n\u0131n 96-c\u0131 ild\u00f6n\u00fcm\u00fcn\u0259 h\u0259sr edilmi\u015f video\u00e7arx yay\u0131mlay\u0131b.<\/p>\n<div id=\"AdviadNativeVideo0\" class=\"AdviadNativeVideo\"><\/div>\n<p>Video\u00e7arx \u201c10 May\u201d ba\u015fl\u0131\u011f\u0131 il\u0259 payla\u015f\u0131l\u0131b.<\/p>\n<p>Xat\u0131rladaq ki, bu g\u00fcn Az\u0259rbaycan\u0131n \u00fcmummilli lideri Heyd\u0259r \u018fliyevin do\u011fum g\u00fcn\u00fcd\u00fcr.<\/p>\n<div><iframe loading=\"lazy\" src=\"https:\/\/www.facebook.com\/plugins\/video.php?href=https%3A%2F%2Fwww.facebook.com%2FPresidentIlhamAliyev%2Fvideos%2F179500079620412%2F&amp;show_text=0&amp;width=560\" width=\"560\" height=\"315\" frameborder=\"0\" scrolling=\"no\" allowfullscreen=\"allowfullscreen\" data-mce-fragment=\"1\"><\/iframe><\/div>\n<\/div>\n<\/article>\n<section class=\"related-news\">\n<div class=\"l-center\">\n<h2><\/h2>\n<\/div>\n<\/section>\n","protected":false},"excerpt":{"rendered":"<p>Prezident\u00a0\u0130lham \u018fliyev\u00a0\u00f6z\u00fcn\u00fcn \u201cFacebook\u201d s\u0259hif\u0259sind\u0259 \u00fcmummilli lider Heyd\u0259r \u018fliyevin anadan olmas\u0131n\u0131n 96-c\u0131 ild\u00f6n\u00fcm\u00fcn\u0259 h\u0259sr edilmi\u015f video\u00e7arx yay\u0131mlay\u0131b. Video\u00e7arx \u201c10 May\u201d ba\u015fl\u0131\u011f\u0131 il\u0259 payla\u015f\u0131l\u0131b. Xat\u0131rladaq ki, bu g\u00fcn Az\u0259rbaycan\u0131n \u00fcmummilli lideri Heyd\u0259r \u018fliyevin do\u011fum g\u00fcn\u00fcd\u00fcr.<\/p>\n","protected":false},"author":2,"featured_media":56619,"comment_status":"closed","ping_status":"closed","sticky":false,"template":"","format":"standard","meta":{"om_disable_all_campaigns":false,"_monsterinsights_skip_tracking":false,"_monsterinsights_sitenote_active":false,"_monsterinsights_sitenote_note":"","_monsterinsights_sitenote_category":0},"categories":[4],"tags":[],"aioseo_notices":[],"gutentor_comment":0,"rttpg_featured_image_url":{"full":["https:\/\/arantv.az\/wp-content\/uploads\/2019\/05\/ilham.jpg",620,443,false],"landscape":["https:\/\/arantv.az\/wp-content\/uploads\/2019\/05\/ilham.jpg",620,443,false],"portraits":["https:\/\/arantv.az\/wp-content\/uploads\/2019\/05\/ilham.jpg",620,443,false],"thumbnail":["https:\/\/arantv.az\/wp-content\/uploads\/2019\/05\/ilham-150x150.jpg",150,150,true],"medium":["https:\/\/arantv.az\/wp-content\/uploads\/2019\/05\/ilham-300x214.jpg",300,214,true],"large":["https:\/\/arantv.az\/wp-content\/uploads\/2019\/05\/ilham.jpg",620,443,false],"1536x1536":["https:\/\/arantv.az\/wp-content\/uploads\/2019\/05\/ilham.jpg",620,443,false],"2048x2048":["https:\/\/arantv.az\/wp-content\/uploads\/2019\/05\/ilham.jpg",620,443,false],"post-thumbnail":["https:\/\/arantv.az\/wp-content\/uploads\/2019\/05\/ilham-240x172.jpg",240,172,true],"advps-thumb-one":["https:\/\/arantv.az\/wp-content\/uploads\/2019\/05\/ilham.jpg",620,443,false]},"rttpg_author":{"display_name":"V\u00fcsal Rafiqo\u011flu","author_link":"https:\/\/arantv.az\/?author=2"},"rttpg_comment":0,"rttpg_category":"<a href=\"https:\/\/arantv.az\/?cat=4\" rel=\"category\">Siyas\u0259t<\/a>","rttpg_excerpt":"Prezident\u00a0\u0130lham \u018fliyev\u00a0\u00f6z\u00fcn\u00fcn \u201cFacebook\u201d s\u0259hif\u0259sind\u0259 \u00fcmummilli lider Heyd\u0259r \u018fliyevin anadan olmas\u0131n\u0131n 96-c\u0131 ild\u00f6n\u00fcm\u00fcn\u0259 h\u0259sr edilmi\u015f video\u00e7arx yay\u0131mlay\u0131b. Video\u00e7arx \u201c10 May\u201d ba\u015fl\u0131\u011f\u0131 il\u0259 payla\u015f\u0131l\u0131b. Xat\u0131rladaq ki, bu g\u00fcn Az\u0259rbaycan\u0131n \u00fcmummilli lideri Heyd\u0259r \u018fliyevin do\u011fum g\u00fcn\u00fcd\u00fcr.","_links":{"self":[{"href":"https:\/\/arantv.az\/index.php?rest_route=\/wp\/v2\/posts\/56618"}],"collection":[{"href":"https:\/\/arantv.az\/index.php?rest_route=\/wp\/v2\/posts"}],"about":[{"href":"https:\/\/arantv.az\/index.php?rest_route=\/wp\/v2\/types\/post"}],"author":[{"embeddable":true,"href":"https:\/\/arantv.az\/index.php?rest_route=\/wp\/v2\/users\/2"}],"replies":[{"embeddable":true,"href":"https:\/\/arantv.az\/index.php?rest_route=%2Fwp%2Fv2%2Fcomments&post=56618"}],"version-history":[{"count":0,"href":"https:\/\/arantv.az\/index.php?rest_route=\/wp\/v2\/posts\/56618\/revisions"}],"wp:featuredmedia":[{"embeddable":true,"href":"https:\/\/arantv.az\/index.php?rest_route=\/wp\/v2\/media\/56619"}],"wp:attachment":[{"href":"https:\/\/arantv.az\/index.php?rest_route=%2Fwp%2Fv2%2Fmedia&parent=56618"}],"wp:term":[{"taxonomy":"category","embeddable":true,"href":"https:\/\/arantv.az\/index.php?rest_route=%2Fwp%2Fv2%2Fcategories&post=56618"},{"taxonomy":"post_tag","embeddable":true,"href":"https:\/\/arantv.az\/index.php?rest_route=%2Fwp%2Fv2%2Ftags&post=56618"}],"curies":[{"name":"wp","href":"https:\/\/api.w.org\/{rel}","templated":true}]}}