{"id":56629,"date":"2019-05-10T12:04:08","date_gmt":"2019-05-10T09:04:08","guid":{"rendered":"http:\/\/arantv.az\/?p=56629"},"modified":"2019-05-10T12:04:08","modified_gmt":"2019-05-10T09:04:08","slug":"prezident-ilham-%c9%99liyevin-atasi-il%c9%99-fotosu","status":"publish","type":"post","link":"https:\/\/arantv.az\/?p=56629","title":{"rendered":"Prezident \u0130lham \u018fliyevin atas\u0131 il\u0259 FOTOSU"},"content":{"rendered":"<p>Bu g\u00fcn Az\u0259rbaycan\u0131n \u00fcmummilli lideri Heyd\u0259r \u018fliyevin do\u011fum g\u00fcn\u00fcd\u00fcr. Heyd\u0259r \u018fliyevin anadan olmas\u0131n\u0131n 96-c\u0131 ild\u00f6n\u00fcm\u00fcd\u00fcr.<\/p>\n<p><b>ARANTV.AZ\u00a0<\/b>\u00a0\u00fcmumilli lider Heyd\u0259r \u018fliyev v\u0259 Az\u0259rbaycan respublikas\u0131n\u0131n prezidenti \u0130lham \u018fliyevin he\u00e7 yerd\u0259 g\u00f6rm\u0259diyiniz fotosunu t\u0259qdim edir:<\/p>\n<div id=\"AdviadNativeVideo0\" class=\"AdviadNativeVideo\"><\/div>\n<p><img class=\"imgbcodecent\" src=\"https:\/\/upload.az\/foto\/arxiv\/1_11557478377.jpg\" alt=\"Prezident \u0130lham \u018fliyevin atas\u0131 il\u0259 FOTOSU\" \/><\/p>\n<p>big.az<\/p>\n","protected":false},"excerpt":{"rendered":"<p>Bu g\u00fcn Az\u0259rbaycan\u0131n \u00fcmummilli lideri Heyd\u0259r \u018fliyevin do\u011fum g\u00fcn\u00fcd\u00fcr. Heyd\u0259r \u018fliyevin anadan olmas\u0131n\u0131n 96-c\u0131 ild\u00f6n\u00fcm\u00fcd\u00fcr. ARANTV.AZ\u00a0\u00a0\u00fcmumilli lider Heyd\u0259r \u018fliyev v\u0259 Az\u0259rbaycan respublikas\u0131n\u0131n prezidenti \u0130lham \u018fliyevin he\u00e7 yerd\u0259 g\u00f6rm\u0259diyiniz fotosunu t\u0259qdim edir: big.az<\/p>\n","protected":false},"author":2,"featured_media":56630,"comment_status":"closed","ping_status":"closed","sticky":false,"template":"","format":"standard","meta":{"om_disable_all_campaigns":false,"_monsterinsights_skip_tracking":false,"_monsterinsights_sitenote_active":false,"_monsterinsights_sitenote_note":"","_monsterinsights_sitenote_category":0},"categories":[4],"tags":[],"aioseo_notices":[],"gutentor_comment":0,"rttpg_featured_image_url":{"full":["https:\/\/arantv.az\/wp-content\/uploads\/2019\/05\/1_41557478355.jpg",650,498,false],"landscape":["https:\/\/arantv.az\/wp-content\/uploads\/2019\/05\/1_41557478355.jpg",650,498,false],"portraits":["https:\/\/arantv.az\/wp-content\/uploads\/2019\/05\/1_41557478355.jpg",650,498,false],"thumbnail":["https:\/\/arantv.az\/wp-content\/uploads\/2019\/05\/1_41557478355-150x150.jpg",150,150,true],"medium":["https:\/\/arantv.az\/wp-content\/uploads\/2019\/05\/1_41557478355-300x230.jpg",300,230,true],"large":["https:\/\/arantv.az\/wp-content\/uploads\/2019\/05\/1_41557478355.jpg",640,490,false],"1536x1536":["https:\/\/arantv.az\/wp-content\/uploads\/2019\/05\/1_41557478355.jpg",650,498,false],"2048x2048":["https:\/\/arantv.az\/wp-content\/uploads\/2019\/05\/1_41557478355.jpg",650,498,false],"post-thumbnail":["https:\/\/arantv.az\/wp-content\/uploads\/2019\/05\/1_41557478355-240x172.jpg",240,172,true],"advps-thumb-one":["https:\/\/arantv.az\/wp-content\/uploads\/2019\/05\/1_41557478355.jpg",650,498,false]},"rttpg_author":{"display_name":"V\u00fcsal Rafiqo\u011flu","author_link":"https:\/\/arantv.az\/?author=2"},"rttpg_comment":0,"rttpg_category":"<a href=\"https:\/\/arantv.az\/?cat=4\" rel=\"category\">Siyas\u0259t<\/a>","rttpg_excerpt":"Bu g\u00fcn Az\u0259rbaycan\u0131n \u00fcmummilli lideri Heyd\u0259r \u018fliyevin do\u011fum g\u00fcn\u00fcd\u00fcr. Heyd\u0259r \u018fliyevin anadan olmas\u0131n\u0131n 96-c\u0131 ild\u00f6n\u00fcm\u00fcd\u00fcr. ARANTV.AZ\u00a0\u00a0\u00fcmumilli lider Heyd\u0259r \u018fliyev v\u0259 Az\u0259rbaycan respublikas\u0131n\u0131n prezidenti \u0130lham \u018fliyevin he\u00e7 yerd\u0259 g\u00f6rm\u0259diyiniz fotosunu t\u0259qdim edir: big.az","_links":{"self":[{"href":"https:\/\/arantv.az\/index.php?rest_route=\/wp\/v2\/posts\/56629"}],"collection":[{"href":"https:\/\/arantv.az\/index.php?rest_route=\/wp\/v2\/posts"}],"about":[{"href":"https:\/\/arantv.az\/index.php?rest_route=\/wp\/v2\/types\/post"}],"author":[{"embeddable":true,"href":"https:\/\/arantv.az\/index.php?rest_route=\/wp\/v2\/users\/2"}],"replies":[{"embeddable":true,"href":"https:\/\/arantv.az\/index.php?rest_route=%2Fwp%2Fv2%2Fcomments&post=56629"}],"version-history":[{"count":0,"href":"https:\/\/arantv.az\/index.php?rest_route=\/wp\/v2\/posts\/56629\/revisions"}],"wp:featuredmedia":[{"embeddable":true,"href":"https:\/\/arantv.az\/index.php?rest_route=\/wp\/v2\/media\/56630"}],"wp:attachment":[{"href":"https:\/\/arantv.az\/index.php?rest_route=%2Fwp%2Fv2%2Fmedia&parent=56629"}],"wp:term":[{"taxonomy":"category","embeddable":true,"href":"https:\/\/arantv.az\/index.php?rest_route=%2Fwp%2Fv2%2Fcategories&post=56629"},{"taxonomy":"post_tag","embeddable":true,"href":"https:\/\/arantv.az\/index.php?rest_route=%2Fwp%2Fv2%2Ftags&post=56629"}],"curies":[{"name":"wp","href":"https:\/\/api.w.org\/{rel}","templated":true}]}}