{"id":56635,"date":"2019-05-10T12:05:57","date_gmt":"2019-05-10T09:05:57","guid":{"rendered":"http:\/\/arantv.az\/?p=56635"},"modified":"2019-05-10T12:05:57","modified_gmt":"2019-05-10T09:05:57","slug":"pasinyanin-susa-s%c9%99f%c9%99rin%c9%99-reaksiya-novb%c9%99ti-aprel-hadis%c9%99l%c9%99ri-yasana-bil%c9%99r","status":"publish","type":"post","link":"https:\/\/arantv.az\/?p=56635","title":{"rendered":"Pa\u015finyan\u0131n \u015eu\u015fa s\u0259f\u0259rin\u0259 reaksiya: N\u00f6vb\u0259ti Aprel hadis\u0259l\u0259ri ya\u015fana bil\u0259r"},"content":{"rendered":"<p>Erm\u0259nistan\u0131n ba\u015f naziri Nikol Pa\u015finyan\u0131n Az\u0259rbaycan Da\u011fl\u0131q Qaraba\u011f b\u00f6lg\u0259sin\u0259, \u015eu\u015faya qanunsuz s\u0259f\u0259ri onun xarici siyas\u0259tind\u0259 he\u00e7 n\u0259yin d\u0259yi\u015fm\u0259diyini g\u00f6st\u0259rir.<\/p>\n<p>G\u00f6zl\u0259m\u0259k olard\u0131 ki, ke\u00e7mi\u015f prezident Sarqsyan\u0131n siyas\u0259tin\u0259 etiraz ed\u0259n xalq\u0131n d\u0259st\u0259yi il\u0259 hakimiyy\u0259t\u0259 g\u0259l\u0259n bu az tan\u0131nan siyas\u0259t\u00e7i Erm\u0259nistan\u0131n xarici siyas\u0259tind\u0259 m\u00fc\u0259yy\u0259n d\u0259yi\u015fiklikl\u0259r ed\u0259c\u0259k. Amma zaman ke\u00e7dikc\u0259 m\u0259lum olur ki, bu d\u0259yi\u015fiklikl\u0259r yoxdur v\u0259 m\u0259hz bunun n\u0259tic\u0259sidir ki, Erm\u0259nistan\u0131n \u00f6z\u00fcnd\u0259 Pa\u015finyan\u0131n reytinqi g\u00fcn\u00fc-g\u00fcnd\u0259n azalmaqdad\u0131r.<\/p>\n<p><b>ARANTV.AZ\u00a0<\/b>\u00a0x\u0259b\u0259r verir ki, bunu oxu.az-a a\u00e7\u0131qlamas\u0131nda mill\u0259t v\u0259kili, politoloq Ayd\u0131n Mirz\u0259zad\u0259 deyib.<\/p>\n<p>Mill\u0259t v\u0259kili bildirib ki, Erm\u0259nistan\u0131n m\u00f6vcud probleml\u0259rinin k\u00f6k\u00fcnd\u0259 ilk n\u00f6vb\u0259d\u0259 onun Az\u0259rbaycana qar\u015f\u0131 i\u015f\u011fal\u00e7\u0131l\u0131q siyas\u0259tinin dayanmas\u0131 h\u0259l\u0259 d\u0259 yeni hakimiyy\u0259tin d\u00fc\u015f\u00fcnc\u0259sin\u0259 hakim ola bilmir.<\/p>\n<p>\u201cPa\u015finyan\u0131n yen\u0259 d\u0259 i\u015f\u011fal\u00e7\u0131l\u0131q siyas\u0259tini davam etdirm\u0259si, Az\u0259rbaycana qar\u015f\u0131 t\u0259xribat\u00e7\u0131l\u0131q h\u0259r\u0259k\u0259tl\u0259ri t\u00f6r\u0259tm\u0259si Sarqsyan\u0131n f\u0259aliyy\u0259tind\u0259n he\u00e7 n\u0259 il\u0259 f\u0259rql\u0259nmir.<\/p>\n<div id=\"AdviadNativeVideo0\" class=\"AdviadNativeVideo\"><\/div>\n<p>Amma bir m\u0259s\u0259l\u0259 var: eyni siyas\u0259t eyni n\u0259tic\u0259 il\u0259 sonuclan\u0131r, bitir v\u0259 bu bax\u0131mdan, tamamil\u0259 g\u00f6zl\u0259nil\u0259ndir ki, m\u00fc\u0259yy\u0259n d\u00f6vrd\u0259n sonra c\u0259bh\u0259 x\u0259ttind\u0259 Erm\u0259nistan\u0131n t\u0259xribatlar\u0131na cavab olaraq, yenid\u0259n Aprel hadis\u0259l\u0259ri saya\u011f\u0131 hadis\u0259l\u0259r ba\u015f versin.<\/p>\n<p>Tamamil\u0259 g\u00f6zl\u0259nil\u0259ndir ki, Erm\u0259nistan\u0131n \u00f6z\u00fcnd\u0259 Pa\u015finyan siyas\u0259tin\u0259 qar\u015f\u0131 daha g\u00fccl\u00fc etiraz dal\u011fas\u0131 ba\u015flas\u0131n. Tamamil\u0259 g\u00f6zl\u0259nil\u0259ndir ki, Erm\u0259nistan Sarqsyan-Pa\u015finyan siyas\u0259ti n\u0259tic\u0259sind\u0259 tamam pis, d\u00f6z\u00fclm\u0259z v\u0259ziyy\u0259t\u0259 d\u00fc\u015fs\u00fcn.<\/p>\n<p>Eyni zamanda, \u0259g\u0259r Pa\u015finyan hesab edirs\u0259 ki, onun ritorikas\u0131 Az\u0259rbaycan\u0131 yanl\u0131\u015f yola d\u00f6nd\u0259r\u0259c\u0259k, yaxud da Az\u0259rbaycan onun provakasiyal\u0131 h\u0259r\u0259k\u0259tl\u0259rin\u0259 g\u00f6z yumacaq, \u00e7ox yan\u0131l\u0131r.<\/p>\n<p>Az\u0259rbaycan \u00f6z m\u0259nafeyini, \u00f6z q\u00fcrurunu qorumaq q\u00fcdr\u0259tind\u0259dir v\u0259 bu c\u00fcr h\u0259r\u0259k\u0259tl\u0259r Az\u0259rbaycan t\u0259r\u0259find\u0259n \u00e7ox s\u0259rt reaksiya il\u0259 \u00fczl\u0259\u015f\u0259c\u0259k\u201d, &#8211; dey\u0259 A.Mirz\u0259zad\u0259 \u0259lav\u0259 edib.<\/p>\n<p>M\u0259lumat \u00fc\u00e7\u00fcn bildir\u0259k ki, Erm\u0259nistan Ba\u015f naziri Nikol Pa\u015finyan Az\u0259rbaycan\u0131n \u015eu\u015fa \u015f\u0259h\u0259rinin i\u015f\u011fal\u0131 \u015f\u0259r\u0259fin\u0259 d\u00fcz\u0259nl\u0259n\u0259n m\u0259rasim\u0259 qat\u0131l\u0131b. Daha sonra o, Az\u0259rbaycan \u015f\u0259h\u0259rind\u0259 Az\u0259rbaycan xalq mahn\u0131s\u0131na oynayan erm\u0259nil\u0259r\u0259 qo\u015fulub, \u201cYall\u0131\u201d gedib.<\/p>\n<p>Pa\u015finyan\u0131n bu add\u0131m\u0131 Az\u0259rbaycan t\u0259r\u0259find\u0259n k\u0259skin reaksiya do\u011furub. Az\u0259rbaycan X\u0130N hadis\u0259l\u0259rin bundan sonrak\u0131 m\u00fcmk\u00fcn inki\u015faf\u0131 il\u0259 ba\u011fl\u0131 b\u00fct\u00fcn m\u0259suliyy\u0259tin Erm\u0259nistan r\u0259hb\u0259rliyinin \u00fcz\u0259rin\u0259 d\u00fc\u015fd\u00fcy\u00fcn\u0259 dair b\u0259yanat yay\u0131b.<\/p>\n","protected":false},"excerpt":{"rendered":"<p>Erm\u0259nistan\u0131n ba\u015f naziri Nikol Pa\u015finyan\u0131n Az\u0259rbaycan Da\u011fl\u0131q Qaraba\u011f b\u00f6lg\u0259sin\u0259, \u015eu\u015faya qanunsuz s\u0259f\u0259ri onun xarici siyas\u0259tind\u0259 he\u00e7 n\u0259yin d\u0259yi\u015fm\u0259diyini g\u00f6st\u0259rir. G\u00f6zl\u0259m\u0259k olard\u0131 ki, ke\u00e7mi\u015f prezident Sarqsyan\u0131n siyas\u0259tin\u0259 etiraz ed\u0259n xalq\u0131n d\u0259st\u0259yi il\u0259 hakimiyy\u0259t\u0259 g\u0259l\u0259n bu az tan\u0131nan siyas\u0259t\u00e7i Erm\u0259nistan\u0131n xarici siyas\u0259tind\u0259 m\u00fc\u0259yy\u0259n d\u0259yi\u015fiklikl\u0259r ed\u0259c\u0259k. Amma zaman ke\u00e7dikc\u0259 m\u0259lum olur ki, bu d\u0259yi\u015fiklikl\u0259r yoxdur v\u0259 m\u0259hz bunun n\u0259tic\u0259sidir ki, Erm\u0259nistan\u0131n \u00f6z\u00fcnd\u0259 Pa\u015finyan\u0131n reytinqi g\u00fcn\u00fc-g\u00fcnd\u0259n azalmaqdad\u0131r. ARANTV.AZ\u00a0\u00a0x\u0259b\u0259r verir ki, bunu oxu.az-a a\u00e7\u0131qlamas\u0131nda mill\u0259t v\u0259kili, politoloq Ayd\u0131n Mirz\u0259zad\u0259 deyib. Mill\u0259t v\u0259kili bildirib ki, Erm\u0259nistan\u0131n m\u00f6vcud probleml\u0259rinin k\u00f6k\u00fcnd\u0259 ilk n\u00f6vb\u0259d\u0259 onun Az\u0259rbaycana qar\u015f\u0131 i\u015f\u011fal\u00e7\u0131l\u0131q siyas\u0259tinin&hellip;<\/p>\n","protected":false},"author":2,"featured_media":56636,"comment_status":"closed","ping_status":"closed","sticky":false,"template":"","format":"standard","meta":{"om_disable_all_campaigns":false,"_monsterinsights_skip_tracking":false,"_monsterinsights_sitenote_active":false,"_monsterinsights_sitenote_note":"","_monsterinsights_sitenote_category":0},"categories":[1],"tags":[],"aioseo_notices":[],"gutentor_comment":0,"rttpg_featured_image_url":{"full":["https:\/\/arantv.az\/wp-content\/uploads\/2019\/05\/pashinyan_susa.jpg",581,373,false],"landscape":["https:\/\/arantv.az\/wp-content\/uploads\/2019\/05\/pashinyan_susa.jpg",581,373,false],"portraits":["https:\/\/arantv.az\/wp-content\/uploads\/2019\/05\/pashinyan_susa.jpg",581,373,false],"thumbnail":["https:\/\/arantv.az\/wp-content\/uploads\/2019\/05\/pashinyan_susa-150x150.jpg",150,150,true],"medium":["https:\/\/arantv.az\/wp-content\/uploads\/2019\/05\/pashinyan_susa-300x193.jpg",300,193,true],"large":["https:\/\/arantv.az\/wp-content\/uploads\/2019\/05\/pashinyan_susa.jpg",581,373,false],"1536x1536":["https:\/\/arantv.az\/wp-content\/uploads\/2019\/05\/pashinyan_susa.jpg",581,373,false],"2048x2048":["https:\/\/arantv.az\/wp-content\/uploads\/2019\/05\/pashinyan_susa.jpg",581,373,false],"post-thumbnail":["https:\/\/arantv.az\/wp-content\/uploads\/2019\/05\/pashinyan_susa-240x172.jpg",240,172,true],"advps-thumb-one":["https:\/\/arantv.az\/wp-content\/uploads\/2019\/05\/pashinyan_susa.jpg",581,373,false]},"rttpg_author":{"display_name":"V\u00fcsal Rafiqo\u011flu","author_link":"https:\/\/arantv.az\/?author=2"},"rttpg_comment":0,"rttpg_category":"<a href=\"https:\/\/arantv.az\/?cat=1\" rel=\"category\">C\u0259miyy\u0259t<\/a>","rttpg_excerpt":"Erm\u0259nistan\u0131n ba\u015f naziri Nikol Pa\u015finyan\u0131n Az\u0259rbaycan Da\u011fl\u0131q Qaraba\u011f b\u00f6lg\u0259sin\u0259, \u015eu\u015faya qanunsuz s\u0259f\u0259ri onun xarici siyas\u0259tind\u0259 he\u00e7 n\u0259yin d\u0259yi\u015fm\u0259diyini g\u00f6st\u0259rir. G\u00f6zl\u0259m\u0259k olard\u0131 ki, ke\u00e7mi\u015f prezident Sarqsyan\u0131n siyas\u0259tin\u0259 etiraz ed\u0259n xalq\u0131n d\u0259st\u0259yi il\u0259 hakimiyy\u0259t\u0259 g\u0259l\u0259n bu az tan\u0131nan siyas\u0259t\u00e7i Erm\u0259nistan\u0131n xarici siyas\u0259tind\u0259 m\u00fc\u0259yy\u0259n d\u0259yi\u015fiklikl\u0259r ed\u0259c\u0259k. Amma zaman ke\u00e7dikc\u0259 m\u0259lum olur ki, bu d\u0259yi\u015fiklikl\u0259r yoxdur v\u0259 m\u0259hz bunun&hellip;","_links":{"self":[{"href":"https:\/\/arantv.az\/index.php?rest_route=\/wp\/v2\/posts\/56635"}],"collection":[{"href":"https:\/\/arantv.az\/index.php?rest_route=\/wp\/v2\/posts"}],"about":[{"href":"https:\/\/arantv.az\/index.php?rest_route=\/wp\/v2\/types\/post"}],"author":[{"embeddable":true,"href":"https:\/\/arantv.az\/index.php?rest_route=\/wp\/v2\/users\/2"}],"replies":[{"embeddable":true,"href":"https:\/\/arantv.az\/index.php?rest_route=%2Fwp%2Fv2%2Fcomments&post=56635"}],"version-history":[{"count":0,"href":"https:\/\/arantv.az\/index.php?rest_route=\/wp\/v2\/posts\/56635\/revisions"}],"wp:featuredmedia":[{"embeddable":true,"href":"https:\/\/arantv.az\/index.php?rest_route=\/wp\/v2\/media\/56636"}],"wp:attachment":[{"href":"https:\/\/arantv.az\/index.php?rest_route=%2Fwp%2Fv2%2Fmedia&parent=56635"}],"wp:term":[{"taxonomy":"category","embeddable":true,"href":"https:\/\/arantv.az\/index.php?rest_route=%2Fwp%2Fv2%2Fcategories&post=56635"},{"taxonomy":"post_tag","embeddable":true,"href":"https:\/\/arantv.az\/index.php?rest_route=%2Fwp%2Fv2%2Ftags&post=56635"}],"curies":[{"name":"wp","href":"https:\/\/api.w.org\/{rel}","templated":true}]}}