{"id":56647,"date":"2019-05-10T12:27:20","date_gmt":"2019-05-10T09:27:20","guid":{"rendered":"http:\/\/arantv.az\/?p=56647"},"modified":"2019-05-10T12:27:20","modified_gmt":"2019-05-10T09:27:20","slug":"nazir-muavini-dunya-olk%c9%99l%c9%99ri-h%c9%99r-hansi-t%c9%99dbirin-az%c9%99rbaycanda-kecirilm%c9%99sin%c9%99-t%c9%99r%c9%99ddud-etm%c9%99d%c9%99n-raziliq-verirl%c9%99r-bu-ulu-ond%c9%99rin-siyas","status":"publish","type":"post","link":"https:\/\/arantv.az\/?p=56647","title":{"rendered":"Nazir m\u00fcavini: &#8220;D\u00fcnya \u00f6lk\u0259l\u0259ri h\u0259r hans\u0131 t\u0259dbirin Az\u0259rbaycanda ke\u00e7irilm\u0259sin\u0259 t\u0259r\u0259dd\u00fcd etm\u0259d\u0259n raz\u0131l\u0131q verirl\u0259r, bu, ulu \u00f6nd\u0259rin siyas\u0259tinin n\u0259tic\u0259sidir&#8221;"},"content":{"rendered":"<p>&#8220;\u00d6t\u0259n il Az\u0259rbaycanda 50-d\u0259n art\u0131q beyn\u0259lxalq idman t\u0259dbirl\u0259ri v\u0259 yar\u0131\u015flar\u0131 ke\u00e7irilib&#8221;.<\/p>\n<p><strong>ARANTV.AZ\u00a0<\/strong>\u00a0<a href=\"https:\/\/az.trend.az\/\" target=\"_blank\" rel=\"noopener\"><span style=\"color: #000000;\">Trend<\/span><\/a>-\u0259 istinad\u0259n x\u0259b\u0259r verir ki, bunu jurnalistl\u0259r\u0259 a\u00e7\u0131qlamas\u0131nda G\u0259ncl\u0259r v\u0259 \u0130dman nazirinin m\u00fcavini \u0130smay\u0131l \u0130smay\u0131lov deyib.<\/p>\n<p>Nazir m\u00fcavini bildirib ki, bu d\u00f6vl\u0259timizin y\u00fcr\u00fctd\u00fcy\u00fc u\u011furlu siyas\u0259tin n\u0259tic\u0259sidir: &#8220;Az\u0259rbaycan bu g\u00fcn d\u00fcnyada idman \u00f6lk\u0259si kimi tan\u0131n\u0131r. Bu g\u00fcn\u0259 q\u0259d\u0259r \u00f6lk\u0259mizd\u0259 d\u00fcnyan\u0131n \u0259n ali idman t\u0259dbirl\u0259ri t\u0259\u015fkil olunub. Bunun da \u0259sas\u0131 ulu \u00f6nd\u0259r Heyd\u0259r \u018fliyev t\u0259r\u0259find\u0259n qoyulub. Bu siyas\u0259t bu g\u00fcn d\u0259 Prezident \u0130lham \u018fliyev t\u0259r\u0259find\u0259n davam etdirilir&#8221;.<\/p>\n<p>\u0130.\u0130smay\u0131lov qeyd edib ki, beyn\u0259lxalq \u0259h\u0259miyy\u0259tli yar\u0131\u015flar\u0131n Az\u0259rbaycanda ke\u00e7irilm\u0259si \u00f6lk\u0259mizin d\u00fcnyan\u0131n idman arenas\u0131nda etimad\u0131 do\u011frultmas\u0131ndan ir\u0259li g\u0259lir:<\/p>\n<p>&#8220;D\u00fcnya \u00f6lk\u0259l\u0259ri bu g\u00fcn h\u0259r hans\u0131 bir t\u0259dbirin, yar\u0131\u015f\u0131n Az\u0259rbaycanda ke\u00e7irilm\u0259sin\u0259 t\u0259r\u0259dd\u00fcd etm\u0259d\u0259n raz\u0131l\u0131q verirl\u0259r. Bu, ulu \u00f6nd\u0259rin siyas\u0259tinin n\u0259tic\u0259sidir&#8221;.<\/p>\n","protected":false},"excerpt":{"rendered":"<p>&#8220;\u00d6t\u0259n il Az\u0259rbaycanda 50-d\u0259n art\u0131q beyn\u0259lxalq idman t\u0259dbirl\u0259ri v\u0259 yar\u0131\u015flar\u0131 ke\u00e7irilib&#8221;. ARANTV.AZ\u00a0\u00a0Trend-\u0259 istinad\u0259n x\u0259b\u0259r verir ki, bunu jurnalistl\u0259r\u0259 a\u00e7\u0131qlamas\u0131nda G\u0259ncl\u0259r v\u0259 \u0130dman nazirinin m\u00fcavini \u0130smay\u0131l \u0130smay\u0131lov deyib. Nazir m\u00fcavini bildirib ki, bu d\u00f6vl\u0259timizin y\u00fcr\u00fctd\u00fcy\u00fc u\u011furlu siyas\u0259tin n\u0259tic\u0259sidir: &#8220;Az\u0259rbaycan bu g\u00fcn d\u00fcnyada idman \u00f6lk\u0259si kimi tan\u0131n\u0131r. Bu g\u00fcn\u0259 q\u0259d\u0259r \u00f6lk\u0259mizd\u0259 d\u00fcnyan\u0131n \u0259n ali idman t\u0259dbirl\u0259ri t\u0259\u015fkil olunub. Bunun da \u0259sas\u0131 ulu \u00f6nd\u0259r Heyd\u0259r \u018fliyev t\u0259r\u0259find\u0259n qoyulub. Bu siyas\u0259t bu g\u00fcn d\u0259 Prezident \u0130lham \u018fliyev t\u0259r\u0259find\u0259n davam etdirilir&#8221;. \u0130.\u0130smay\u0131lov qeyd edib ki, beyn\u0259lxalq \u0259h\u0259miyy\u0259tli yar\u0131\u015flar\u0131n Az\u0259rbaycanda ke\u00e7irilm\u0259si \u00f6lk\u0259mizin d\u00fcnyan\u0131n idman arenas\u0131nda etimad\u0131&hellip;<\/p>\n","protected":false},"author":2,"featured_media":56648,"comment_status":"closed","ping_status":"closed","sticky":false,"template":"","format":"standard","meta":{"om_disable_all_campaigns":false,"_monsterinsights_skip_tracking":false,"_monsterinsights_sitenote_active":false,"_monsterinsights_sitenote_note":"","_monsterinsights_sitenote_category":0},"categories":[4],"tags":[],"aioseo_notices":[],"gutentor_comment":0,"rttpg_featured_image_url":{"full":["https:\/\/arantv.az\/wp-content\/uploads\/2019\/05\/753763.jpg",800,600,false],"landscape":["https:\/\/arantv.az\/wp-content\/uploads\/2019\/05\/753763.jpg",800,600,false],"portraits":["https:\/\/arantv.az\/wp-content\/uploads\/2019\/05\/753763.jpg",800,600,false],"thumbnail":["https:\/\/arantv.az\/wp-content\/uploads\/2019\/05\/753763-150x150.jpg",150,150,true],"medium":["https:\/\/arantv.az\/wp-content\/uploads\/2019\/05\/753763-300x225.jpg",300,225,true],"large":["https:\/\/arantv.az\/wp-content\/uploads\/2019\/05\/753763.jpg",640,480,false],"1536x1536":["https:\/\/arantv.az\/wp-content\/uploads\/2019\/05\/753763.jpg",800,600,false],"2048x2048":["https:\/\/arantv.az\/wp-content\/uploads\/2019\/05\/753763.jpg",800,600,false],"post-thumbnail":["https:\/\/arantv.az\/wp-content\/uploads\/2019\/05\/753763-240x172.jpg",240,172,true],"advps-thumb-one":["https:\/\/arantv.az\/wp-content\/uploads\/2019\/05\/753763.jpg",800,600,false]},"rttpg_author":{"display_name":"V\u00fcsal Rafiqo\u011flu","author_link":"https:\/\/arantv.az\/?author=2"},"rttpg_comment":0,"rttpg_category":"<a href=\"https:\/\/arantv.az\/?cat=4\" rel=\"category\">Siyas\u0259t<\/a>","rttpg_excerpt":"&#8220;\u00d6t\u0259n il Az\u0259rbaycanda 50-d\u0259n art\u0131q beyn\u0259lxalq idman t\u0259dbirl\u0259ri v\u0259 yar\u0131\u015flar\u0131 ke\u00e7irilib&#8221;. ARANTV.AZ\u00a0\u00a0Trend-\u0259 istinad\u0259n x\u0259b\u0259r verir ki, bunu jurnalistl\u0259r\u0259 a\u00e7\u0131qlamas\u0131nda G\u0259ncl\u0259r v\u0259 \u0130dman nazirinin m\u00fcavini \u0130smay\u0131l \u0130smay\u0131lov deyib. Nazir m\u00fcavini bildirib ki, bu d\u00f6vl\u0259timizin y\u00fcr\u00fctd\u00fcy\u00fc u\u011furlu siyas\u0259tin n\u0259tic\u0259sidir: &#8220;Az\u0259rbaycan bu g\u00fcn d\u00fcnyada idman \u00f6lk\u0259si kimi tan\u0131n\u0131r. Bu g\u00fcn\u0259 q\u0259d\u0259r \u00f6lk\u0259mizd\u0259 d\u00fcnyan\u0131n \u0259n ali idman t\u0259dbirl\u0259ri t\u0259\u015fkil&hellip;","_links":{"self":[{"href":"https:\/\/arantv.az\/index.php?rest_route=\/wp\/v2\/posts\/56647"}],"collection":[{"href":"https:\/\/arantv.az\/index.php?rest_route=\/wp\/v2\/posts"}],"about":[{"href":"https:\/\/arantv.az\/index.php?rest_route=\/wp\/v2\/types\/post"}],"author":[{"embeddable":true,"href":"https:\/\/arantv.az\/index.php?rest_route=\/wp\/v2\/users\/2"}],"replies":[{"embeddable":true,"href":"https:\/\/arantv.az\/index.php?rest_route=%2Fwp%2Fv2%2Fcomments&post=56647"}],"version-history":[{"count":0,"href":"https:\/\/arantv.az\/index.php?rest_route=\/wp\/v2\/posts\/56647\/revisions"}],"wp:featuredmedia":[{"embeddable":true,"href":"https:\/\/arantv.az\/index.php?rest_route=\/wp\/v2\/media\/56648"}],"wp:attachment":[{"href":"https:\/\/arantv.az\/index.php?rest_route=%2Fwp%2Fv2%2Fmedia&parent=56647"}],"wp:term":[{"taxonomy":"category","embeddable":true,"href":"https:\/\/arantv.az\/index.php?rest_route=%2Fwp%2Fv2%2Fcategories&post=56647"},{"taxonomy":"post_tag","embeddable":true,"href":"https:\/\/arantv.az\/index.php?rest_route=%2Fwp%2Fv2%2Ftags&post=56647"}],"curies":[{"name":"wp","href":"https:\/\/api.w.org\/{rel}","templated":true}]}}