{"id":56662,"date":"2019-05-10T13:07:15","date_gmt":"2019-05-10T10:07:15","guid":{"rendered":"http:\/\/arantv.az\/?p=56662"},"modified":"2019-05-10T13:07:15","modified_gmt":"2019-05-10T10:07:15","slug":"bakida-atasinin-d%c9%99rmanini-ic%c9%99n-sagird-z%c9%99h%c9%99rl%c9%99ndi","status":"publish","type":"post","link":"https:\/\/arantv.az\/?p=56662","title":{"rendered":"Bak\u0131da atas\u0131n\u0131n d\u0259rman\u0131n\u0131 i\u00e7\u0259n \u015fagird z\u0259h\u0259rl\u0259ndi"},"content":{"rendered":"<p>Bak\u0131da atas\u0131n\u0131n d\u0259rman\u0131n\u0131 i\u00e7\u0259n 109 n\u00f6mr\u0259li tam orta m\u0259kt\u0259bin \u015fagirdi z\u0259h\u0259rl\u0259nib.<\/p>\n<div id=\"AdviadNativeVideo0\" class=\"AdviadNativeVideo\"><\/div>\n<p><b>ARANTV.AZ\u00a0<\/b>x\u0259b\u0259r verir ki, m\u0259kt\u0259bd\u0259n Trend-\u0259 veril\u0259n m\u0259lumata g\u00f6r\u0259, 30 aprel 2019-cu il tarixind\u0259 t\u0259xmin\u0259n saat 20:30 rad\u0259l\u0259rind\u0259 V sinif \u015fagirdinin (m\u00fcvafiq s\u0259b\u0259bl\u0259rd\u0259n \u015fagirdin ad\u0131 qeyd edilmir) valideyni m\u0259kt\u0259b direktoruna \u00f6vlad\u0131n\u0131n evd\u0259 valideynin d\u0259rman\u0131n\u0131 q\u0259bul ed\u0259r\u0259k z\u0259h\u0259rl\u0259ndiyini bildirib:<\/p>\n<p>&#8220;Ev\u0259 t\u0259cili tibbi yard\u0131m \u00e7a\u011fr\u0131l\u0131b v\u0259 u\u015faq Kliniki Tibbi M\u0259rk\u0259zin Toksikologiya \u015f\u00f6b\u0259sin\u0259 yerl\u0259\u015fdirilib. M\u00fcvafiq m\u00fcayin\u0259 v\u0259 m\u00fcalic\u0259 prosedurlar\u0131ndan sonra u\u015faq ev\u0259 burax\u0131l\u0131b, haz\u0131rda v\u0259ziyy\u0259ti normald\u0131r. Onun psixoloji durumunun \u00f6yr\u0259nilm\u0259si m\u0259qs\u0259dil\u0259 m\u0259kt\u0259b n\u00fcmay\u0259nd\u0259l\u0259ri v\u0259 psixoloq evl\u0259rind\u0259 olub v\u0259 u\u015fa\u011fa m\u00fcvafiq m\u00fcvafiq psixoloji yard\u0131m g\u00f6st\u0259rilib. M\u0259kt\u0259bl\u0259rd\u0259 valideynl\u0259rl\u0259 g\u00f6r\u00fc\u015fl\u0259rd\u0259 u\u015faqlar\u0131n t\u0259hl\u00fck\u0259sizliyinin t\u0259min olunmas\u0131n\u0131n diqq\u0259t m\u0259rk\u0259zind\u0259 saxlan\u0131lmas\u0131 m\u0259kt\u0259b r\u0259hb\u0259rliyi t\u0259r\u0259find\u0259n daim t\u00f6vsiy\u0259 olunur&#8221;.<\/p>\n<p>M\u0259kt\u0259bd\u0259n qeyd dilib ki, hadis\u0259 il\u0259 ba\u011fl\u0131 Bak\u0131 \u015e\u0259h\u0259ri \u00fczr\u0259 T\u0259hsil \u0130dar\u0259si t\u0259r\u0259find\u0259n xidm\u0259ti ara\u015fd\u0131rma apar\u0131l\u0131b. Ara\u015fd\u0131rma zaman\u0131 m\u0259kt\u0259bin m\u00fc\u0259lliml\u0259ri haqq\u0131nda s\u0259sl\u0259ndiril\u0259n fikirl\u0259r t\u0259sdiqini tapmay\u0131b.<\/p>\n","protected":false},"excerpt":{"rendered":"<p>Bak\u0131da atas\u0131n\u0131n d\u0259rman\u0131n\u0131 i\u00e7\u0259n 109 n\u00f6mr\u0259li tam orta m\u0259kt\u0259bin \u015fagirdi z\u0259h\u0259rl\u0259nib. ARANTV.AZ\u00a0x\u0259b\u0259r verir ki, m\u0259kt\u0259bd\u0259n Trend-\u0259 veril\u0259n m\u0259lumata g\u00f6r\u0259, 30 aprel 2019-cu il tarixind\u0259 t\u0259xmin\u0259n saat 20:30 rad\u0259l\u0259rind\u0259 V sinif \u015fagirdinin (m\u00fcvafiq s\u0259b\u0259bl\u0259rd\u0259n \u015fagirdin ad\u0131 qeyd edilmir) valideyni m\u0259kt\u0259b direktoruna \u00f6vlad\u0131n\u0131n evd\u0259 valideynin d\u0259rman\u0131n\u0131 q\u0259bul ed\u0259r\u0259k z\u0259h\u0259rl\u0259ndiyini bildirib: &#8220;Ev\u0259 t\u0259cili tibbi yard\u0131m \u00e7a\u011fr\u0131l\u0131b v\u0259 u\u015faq Kliniki Tibbi M\u0259rk\u0259zin Toksikologiya \u015f\u00f6b\u0259sin\u0259 yerl\u0259\u015fdirilib. M\u00fcvafiq m\u00fcayin\u0259 v\u0259 m\u00fcalic\u0259 prosedurlar\u0131ndan sonra u\u015faq ev\u0259 burax\u0131l\u0131b, haz\u0131rda v\u0259ziyy\u0259ti normald\u0131r. Onun psixoloji durumunun \u00f6yr\u0259nilm\u0259si m\u0259qs\u0259dil\u0259 m\u0259kt\u0259b n\u00fcmay\u0259nd\u0259l\u0259ri v\u0259 psixoloq evl\u0259rind\u0259 olub v\u0259 u\u015fa\u011fa m\u00fcvafiq m\u00fcvafiq psixoloji yard\u0131m&hellip;<\/p>\n","protected":false},"author":2,"featured_media":56663,"comment_status":"closed","ping_status":"closed","sticky":false,"template":"","format":"standard","meta":{"om_disable_all_campaigns":false,"_monsterinsights_skip_tracking":false,"_monsterinsights_sitenote_active":false,"_monsterinsights_sitenote_note":"","_monsterinsights_sitenote_category":0},"categories":[5],"tags":[],"aioseo_notices":[],"gutentor_comment":0,"rttpg_featured_image_url":{"full":["https:\/\/arantv.az\/wp-content\/uploads\/2019\/05\/4_31557481016.jpg",649,365,false],"landscape":["https:\/\/arantv.az\/wp-content\/uploads\/2019\/05\/4_31557481016.jpg",649,365,false],"portraits":["https:\/\/arantv.az\/wp-content\/uploads\/2019\/05\/4_31557481016.jpg",649,365,false],"thumbnail":["https:\/\/arantv.az\/wp-content\/uploads\/2019\/05\/4_31557481016-150x150.jpg",150,150,true],"medium":["https:\/\/arantv.az\/wp-content\/uploads\/2019\/05\/4_31557481016-300x169.jpg",300,169,true],"large":["https:\/\/arantv.az\/wp-content\/uploads\/2019\/05\/4_31557481016.jpg",640,360,false],"1536x1536":["https:\/\/arantv.az\/wp-content\/uploads\/2019\/05\/4_31557481016.jpg",649,365,false],"2048x2048":["https:\/\/arantv.az\/wp-content\/uploads\/2019\/05\/4_31557481016.jpg",649,365,false],"post-thumbnail":["https:\/\/arantv.az\/wp-content\/uploads\/2019\/05\/4_31557481016-240x172.jpg",240,172,true],"advps-thumb-one":["https:\/\/arantv.az\/wp-content\/uploads\/2019\/05\/4_31557481016.jpg",649,365,false]},"rttpg_author":{"display_name":"V\u00fcsal Rafiqo\u011flu","author_link":"https:\/\/arantv.az\/?author=2"},"rttpg_comment":0,"rttpg_category":"<a href=\"https:\/\/arantv.az\/?cat=5\" rel=\"category\">Hadis\u0259<\/a>","rttpg_excerpt":"Bak\u0131da atas\u0131n\u0131n d\u0259rman\u0131n\u0131 i\u00e7\u0259n 109 n\u00f6mr\u0259li tam orta m\u0259kt\u0259bin \u015fagirdi z\u0259h\u0259rl\u0259nib. ARANTV.AZ\u00a0x\u0259b\u0259r verir ki, m\u0259kt\u0259bd\u0259n Trend-\u0259 veril\u0259n m\u0259lumata g\u00f6r\u0259, 30 aprel 2019-cu il tarixind\u0259 t\u0259xmin\u0259n saat 20:30 rad\u0259l\u0259rind\u0259 V sinif \u015fagirdinin (m\u00fcvafiq s\u0259b\u0259bl\u0259rd\u0259n \u015fagirdin ad\u0131 qeyd edilmir) valideyni m\u0259kt\u0259b direktoruna \u00f6vlad\u0131n\u0131n evd\u0259 valideynin d\u0259rman\u0131n\u0131 q\u0259bul ed\u0259r\u0259k z\u0259h\u0259rl\u0259ndiyini bildirib: &#8220;Ev\u0259 t\u0259cili tibbi yard\u0131m \u00e7a\u011fr\u0131l\u0131b v\u0259 u\u015faq&hellip;","_links":{"self":[{"href":"https:\/\/arantv.az\/index.php?rest_route=\/wp\/v2\/posts\/56662"}],"collection":[{"href":"https:\/\/arantv.az\/index.php?rest_route=\/wp\/v2\/posts"}],"about":[{"href":"https:\/\/arantv.az\/index.php?rest_route=\/wp\/v2\/types\/post"}],"author":[{"embeddable":true,"href":"https:\/\/arantv.az\/index.php?rest_route=\/wp\/v2\/users\/2"}],"replies":[{"embeddable":true,"href":"https:\/\/arantv.az\/index.php?rest_route=%2Fwp%2Fv2%2Fcomments&post=56662"}],"version-history":[{"count":0,"href":"https:\/\/arantv.az\/index.php?rest_route=\/wp\/v2\/posts\/56662\/revisions"}],"wp:featuredmedia":[{"embeddable":true,"href":"https:\/\/arantv.az\/index.php?rest_route=\/wp\/v2\/media\/56663"}],"wp:attachment":[{"href":"https:\/\/arantv.az\/index.php?rest_route=%2Fwp%2Fv2%2Fmedia&parent=56662"}],"wp:term":[{"taxonomy":"category","embeddable":true,"href":"https:\/\/arantv.az\/index.php?rest_route=%2Fwp%2Fv2%2Fcategories&post=56662"},{"taxonomy":"post_tag","embeddable":true,"href":"https:\/\/arantv.az\/index.php?rest_route=%2Fwp%2Fv2%2Ftags&post=56662"}],"curies":[{"name":"wp","href":"https:\/\/api.w.org\/{rel}","templated":true}]}}