{"id":56675,"date":"2019-05-10T13:28:43","date_gmt":"2019-05-10T10:28:43","guid":{"rendered":"http:\/\/arantv.az\/?p=56675"},"modified":"2019-05-10T13:28:43","modified_gmt":"2019-05-10T10:28:43","slug":"az%c9%99rbaycanda-q%c9%99bir-yerl%c9%99ri-pulsuz-ayrilacaq","status":"publish","type":"post","link":"https:\/\/arantv.az\/?p=56675","title":{"rendered":"Az\u0259rbaycanda q\u0259bir yerl\u0259ri pulsuz ayr\u0131lacaq"},"content":{"rendered":"<p><strong>Az\u0259rbaycanda q\u0259biristanl\u0131qlar b\u0259l\u0259diyy\u0259l\u0259rin balans\u0131na ke\u00e7iril\u0259c\u0259k.<\/strong><\/p>\n<p><b>ARANTV.AZ<\/b>-\u0131n x\u0259b\u0259rin\u0259 g\u00f6r\u0259, bunu jurnalistl\u0259r\u0259 a\u00e7\u0131qlamas\u0131nda Dini Qurumlarla \u0130\u015f \u00dczr\u0259 D\u00f6vl\u0259t Komit\u0259sinin s\u0259dr m\u00fcavini G\u00fcnd\u00fcz \u0130smay\u0131lov deyib.<\/p>\n<p>Onun s\u00f6zl\u0259rin\u0259 g\u00f6r\u0259, Komit\u0259 Az\u0259rbaycan \u0130qtisadiyyat Nazirliyi il\u0259 birg\u0259 q\u0259biristanl\u0131q v\u0259 onlar\u0131n sal\u0131nmas\u0131 il\u0259 ba\u011fl\u0131 m\u0259s\u0259l\u0259l\u0259rin t\u0259nziml\u0259nm\u0259si \u00fc\u00e7\u00fcn s\u0259n\u0259d haz\u0131rlay\u0131b.<\/p>\n<p>&#8220;Bu s\u0259n\u0259d Nazirl\u0259r Kabinetind\u0259 art\u0131q t\u0259sdiql\u0259nib. Eyni zamanda, Nazirl\u0259r Kabinetinin s\u0259r\u0259ncam\u0131na \u0259sas\u0259n, q\u0259biristanl\u0131qlar\u0131 s\u0259n\u0259dd\u0259 n\u0259z\u0259rd\u0259 tutuldu\u011fu kimi, b\u0259l\u0259diyy\u0259l\u0259rin balans\u0131na ke\u00e7m\u0259si il\u0259 ba\u011fl\u0131 m\u00fcdd\u0259t g\u00f6st\u0259rilib. H\u0259min m\u00fcdd\u0259t \u0259rzind\u0259 b\u0259l\u0259diyy\u0259l\u0259rin balans\u0131na ke\u00e7m\u0259li olan q\u0259biristanl\u0131qlarda bu proses yekunla\u015fd\u0131r\u0131lacaq&#8221;, &#8211; dey\u0259 s\u0259dr m\u00fcavini bildirib.<\/p>\n<p>S\u0259dr m\u00fcavini h\u0259m\u00e7inin bildirib ki, s\u0259n\u0259dd\u0259 bir \u00e7ox m\u0259s\u0259l\u0259 \u00f6z \u0259ksini tap\u0131b. M\u0259s\u0259l\u0259n, q\u0259biristanl\u0131qlar sal\u0131nark\u0259n b\u00fct\u00fcn normalar m\u00fc\u0259yy\u0259nl\u0259\u015fdirilib, eyni zamanda, \u0259n \u00e7ox c\u0259miyy\u0259ti narahat ed\u0259n m\u0259s\u0259l\u0259 torpa\u011f\u0131n pulsuz ayr\u0131lmas\u0131d\u0131r ki, bu da s\u0259n\u0259dd\u0259 \u00f6z \u0259ksini tap\u0131b.<\/p>\n<p>&#8220;S\u0259n\u0259dd\u0259 \u0259ks\u0259r m\u0259s\u0259l\u0259l\u0259r, dem\u0259k olar ki, q\u0259biristanl\u0131qlar\u0131n sal\u0131nmas\u0131, d\u0259fn i\u015finin t\u0259\u015fkili il\u0259 ba\u011fl\u0131 b\u00fct\u00fcn m\u0259s\u0259l\u0259l\u0259r \u00f6z \u0259ksini tap\u0131b, o c\u00fcml\u0259d\u0259n d\u0259 torpa\u011f\u0131n pulsuz verilm\u0259si m\u0259s\u0259l\u0259si d\u0259. Bununla yana\u015f\u0131 \u00f6n\u0259mli m\u0259qamlardan biri d\u0259 ondan ibar\u0259tdir ki, q\u0259birl\u0259r aras\u0131 m\u0259saf\u0259 konkret g\u00f6st\u0259rilib, q\u0259bir da\u015flar\u0131n \u00f6l\u00e7\u00fcs\u00fc konkret g\u00f6zl\u0259nilib. D\u00fc\u015f\u00fcn\u00fcr\u0259m ki, q\u0259biristanl\u0131qlar\u0131n b\u0259l\u0259diyy\u0259l\u0259rin balans\u0131na ke\u00e7m\u0259sind\u0259n v\u0259 bu prosedur yekunla\u015fandan sonra h\u0259min bu s\u0259n\u0259din icras\u0131na ba\u015flan\u0131lacaq. Bu s\u0259n\u0259d imkan ver\u0259c\u0259k ki, biz q\u0259biristanl\u0131qlarda d\u0259fn i\u015fl\u0259ri il\u0259 ba\u011fl\u0131 m\u0259s\u0259l\u0259l\u0259ri t\u0259nziml\u0259y\u0259 bil\u0259k. Qeyd edim ki, bu, yaln\u0131z q\u0259biristanl\u0131qlar v\u0259 d\u0259fn i\u015finin t\u0259\u015fkili il\u0259 ba\u011fl\u0131d\u0131r. Ya\u015f m\u0259rasiml\u0259rin bura aidiyy\u0259ti yoxdur&#8221;, &#8211; dey\u0259 s\u0259dr m\u00fcavini bildirib.Unikal.org<\/p>\n","protected":false},"excerpt":{"rendered":"<p>Az\u0259rbaycanda q\u0259biristanl\u0131qlar b\u0259l\u0259diyy\u0259l\u0259rin balans\u0131na ke\u00e7iril\u0259c\u0259k. ARANTV.AZ-\u0131n x\u0259b\u0259rin\u0259 g\u00f6r\u0259, bunu jurnalistl\u0259r\u0259 a\u00e7\u0131qlamas\u0131nda Dini Qurumlarla \u0130\u015f \u00dczr\u0259 D\u00f6vl\u0259t Komit\u0259sinin s\u0259dr m\u00fcavini G\u00fcnd\u00fcz \u0130smay\u0131lov deyib. Onun s\u00f6zl\u0259rin\u0259 g\u00f6r\u0259, Komit\u0259 Az\u0259rbaycan \u0130qtisadiyyat Nazirliyi il\u0259 birg\u0259 q\u0259biristanl\u0131q v\u0259 onlar\u0131n sal\u0131nmas\u0131 il\u0259 ba\u011fl\u0131 m\u0259s\u0259l\u0259l\u0259rin t\u0259nziml\u0259nm\u0259si \u00fc\u00e7\u00fcn s\u0259n\u0259d haz\u0131rlay\u0131b. &#8220;Bu s\u0259n\u0259d Nazirl\u0259r Kabinetind\u0259 art\u0131q t\u0259sdiql\u0259nib. Eyni zamanda, Nazirl\u0259r Kabinetinin s\u0259r\u0259ncam\u0131na \u0259sas\u0259n, q\u0259biristanl\u0131qlar\u0131 s\u0259n\u0259dd\u0259 n\u0259z\u0259rd\u0259 tutuldu\u011fu kimi, b\u0259l\u0259diyy\u0259l\u0259rin balans\u0131na ke\u00e7m\u0259si il\u0259 ba\u011fl\u0131 m\u00fcdd\u0259t g\u00f6st\u0259rilib. H\u0259min m\u00fcdd\u0259t \u0259rzind\u0259 b\u0259l\u0259diyy\u0259l\u0259rin balans\u0131na ke\u00e7m\u0259li olan q\u0259biristanl\u0131qlarda bu proses yekunla\u015fd\u0131r\u0131lacaq&#8221;, &#8211; dey\u0259 s\u0259dr m\u00fcavini bildirib. S\u0259dr m\u00fcavini h\u0259m\u00e7inin bildirib ki, s\u0259n\u0259dd\u0259 bir \u00e7ox&hellip;<\/p>\n","protected":false},"author":2,"featured_media":56676,"comment_status":"closed","ping_status":"closed","sticky":false,"template":"","format":"standard","meta":{"om_disable_all_campaigns":false,"_monsterinsights_skip_tracking":false,"_monsterinsights_sitenote_active":false,"_monsterinsights_sitenote_note":"","_monsterinsights_sitenote_category":0},"categories":[1],"tags":[],"aioseo_notices":[],"gutentor_comment":0,"rttpg_featured_image_url":{"full":["https:\/\/arantv.az\/wp-content\/uploads\/2019\/05\/1557482030.885cd5473306405.jpg",600,400,false],"landscape":["https:\/\/arantv.az\/wp-content\/uploads\/2019\/05\/1557482030.885cd5473306405.jpg",600,400,false],"portraits":["https:\/\/arantv.az\/wp-content\/uploads\/2019\/05\/1557482030.885cd5473306405.jpg",600,400,false],"thumbnail":["https:\/\/arantv.az\/wp-content\/uploads\/2019\/05\/1557482030.885cd5473306405-150x150.jpg",150,150,true],"medium":["https:\/\/arantv.az\/wp-content\/uploads\/2019\/05\/1557482030.885cd5473306405-300x200.jpg",300,200,true],"large":["https:\/\/arantv.az\/wp-content\/uploads\/2019\/05\/1557482030.885cd5473306405.jpg",600,400,false],"1536x1536":["https:\/\/arantv.az\/wp-content\/uploads\/2019\/05\/1557482030.885cd5473306405.jpg",600,400,false],"2048x2048":["https:\/\/arantv.az\/wp-content\/uploads\/2019\/05\/1557482030.885cd5473306405.jpg",600,400,false],"post-thumbnail":["https:\/\/arantv.az\/wp-content\/uploads\/2019\/05\/1557482030.885cd5473306405-240x172.jpg",240,172,true],"advps-thumb-one":["https:\/\/arantv.az\/wp-content\/uploads\/2019\/05\/1557482030.885cd5473306405.jpg",600,400,false]},"rttpg_author":{"display_name":"V\u00fcsal Rafiqo\u011flu","author_link":"https:\/\/arantv.az\/?author=2"},"rttpg_comment":0,"rttpg_category":"<a href=\"https:\/\/arantv.az\/?cat=1\" rel=\"category\">C\u0259miyy\u0259t<\/a>","rttpg_excerpt":"Az\u0259rbaycanda q\u0259biristanl\u0131qlar b\u0259l\u0259diyy\u0259l\u0259rin balans\u0131na ke\u00e7iril\u0259c\u0259k. ARANTV.AZ-\u0131n x\u0259b\u0259rin\u0259 g\u00f6r\u0259, bunu jurnalistl\u0259r\u0259 a\u00e7\u0131qlamas\u0131nda Dini Qurumlarla \u0130\u015f \u00dczr\u0259 D\u00f6vl\u0259t Komit\u0259sinin s\u0259dr m\u00fcavini G\u00fcnd\u00fcz \u0130smay\u0131lov deyib. Onun s\u00f6zl\u0259rin\u0259 g\u00f6r\u0259, Komit\u0259 Az\u0259rbaycan \u0130qtisadiyyat Nazirliyi il\u0259 birg\u0259 q\u0259biristanl\u0131q v\u0259 onlar\u0131n sal\u0131nmas\u0131 il\u0259 ba\u011fl\u0131 m\u0259s\u0259l\u0259l\u0259rin t\u0259nziml\u0259nm\u0259si \u00fc\u00e7\u00fcn s\u0259n\u0259d haz\u0131rlay\u0131b. &#8220;Bu s\u0259n\u0259d Nazirl\u0259r Kabinetind\u0259 art\u0131q t\u0259sdiql\u0259nib. Eyni zamanda, Nazirl\u0259r Kabinetinin s\u0259r\u0259ncam\u0131na \u0259sas\u0259n, q\u0259biristanl\u0131qlar\u0131&hellip;","_links":{"self":[{"href":"https:\/\/arantv.az\/index.php?rest_route=\/wp\/v2\/posts\/56675"}],"collection":[{"href":"https:\/\/arantv.az\/index.php?rest_route=\/wp\/v2\/posts"}],"about":[{"href":"https:\/\/arantv.az\/index.php?rest_route=\/wp\/v2\/types\/post"}],"author":[{"embeddable":true,"href":"https:\/\/arantv.az\/index.php?rest_route=\/wp\/v2\/users\/2"}],"replies":[{"embeddable":true,"href":"https:\/\/arantv.az\/index.php?rest_route=%2Fwp%2Fv2%2Fcomments&post=56675"}],"version-history":[{"count":0,"href":"https:\/\/arantv.az\/index.php?rest_route=\/wp\/v2\/posts\/56675\/revisions"}],"wp:featuredmedia":[{"embeddable":true,"href":"https:\/\/arantv.az\/index.php?rest_route=\/wp\/v2\/media\/56676"}],"wp:attachment":[{"href":"https:\/\/arantv.az\/index.php?rest_route=%2Fwp%2Fv2%2Fmedia&parent=56675"}],"wp:term":[{"taxonomy":"category","embeddable":true,"href":"https:\/\/arantv.az\/index.php?rest_route=%2Fwp%2Fv2%2Fcategories&post=56675"},{"taxonomy":"post_tag","embeddable":true,"href":"https:\/\/arantv.az\/index.php?rest_route=%2Fwp%2Fv2%2Ftags&post=56675"}],"curies":[{"name":"wp","href":"https:\/\/api.w.org\/{rel}","templated":true}]}}