{"id":56684,"date":"2019-05-10T13:36:42","date_gmt":"2019-05-10T10:36:42","guid":{"rendered":"http:\/\/arantv.az\/?p=56684"},"modified":"2019-05-10T13:36:42","modified_gmt":"2019-05-10T10:36:42","slug":"s%c9%99hidl%c9%99r-v%c9%99-f%c9%99xri-xiyabanlar-da-b%c9%99l%c9%99diyy%c9%99l%c9%99r%c9%99-veril%c9%99c%c9%99k","status":"publish","type":"post","link":"https:\/\/arantv.az\/?p=56684","title":{"rendered":"\u015e\u0259hidl\u0259r v\u0259 F\u0259xri Xiyabanlar da b\u0259l\u0259diyy\u0259l\u0259r\u0259 veril\u0259c\u0259k"},"content":{"rendered":"<p>Nazirl\u0259r Kabinetinin q\u0259biristanl\u0131qlar\u0131n b\u0259l\u0259diyy\u0259l\u0259r\u0259 verilm\u0259si il\u0259\u00a0ba\u011fl\u0131 m\u00fcvafiq q\u0259rar\u0131nda \u015e\u0259hidl\u0259r v\u0259 F\u0259xri Xiyabanlarla ba\u011fl\u0131 m\u0259s\u0259l\u0259l\u0259r d\u0259 \u00f6z \u0259ksini tap\u0131b.<\/p>\n<p><strong>ARANTV.AZ<\/strong>-\u0131n m\u0259lumat\u0131na g\u00f6r\u0259, bunu jurnalistl\u0259r\u0259 a\u00e7\u0131qlamas\u0131nda Dini Qurumlarla \u0130\u015f \u00fczr\u0259 D\u00f6vl\u0259t komit\u0259si s\u0259drinin m\u00fcavini G\u00fcnd\u00fcz \u0130smay\u0131lov deyib.<\/p>\n<p>Onun s\u00f6zl\u0259rin\u0259 g\u00f6r\u0259, haz\u0131rda bu istiqam\u0259td\u0259 i\u015fl\u0259r apar\u0131l\u0131r:<\/p>\n<div id=\"AdviadNativeVideo0\" class=\"AdviadNativeVideo\"><\/div>\n<p>\u201cM\u0259s\u0259l\u0259 bar\u0259d\u0259 aidiyy\u0259ti qurumlar t\u0259r\u0259find\u0259n ictimaiyy\u0259t\u0259 \u0259lav\u0259 m\u0259lumat veril\u0259c\u0259k. Q\u0259biristanl\u0131qlar\u0131n b\u0259l\u0259diyy\u0259l\u0259rin balans\u0131na verilm\u0259si il\u0259 ba\u011fl\u0131 konkret m\u00fcdd\u0259t Nazirl\u0259r Kabinetinin m\u00fcvafiq q\u0259rar\u0131nda \u0259ksini tap\u0131b. H\u0259min m\u00fcdd\u0259tin n\u00f6vb\u0259ti b\u0259l\u0259diyy\u0259 se\u00e7kil\u0259ri il\u0259 he\u00e7 bir \u0259laq\u0259si yoxdur\u201d.<\/p>\n<p>G\u00fcnd\u00fcz \u0130smay\u0131lov qeyd edib ki, Az\u0259rbaycanda \u00f6z\u0259l q\u0259biristanl\u0131qlar\u0131n olmas\u0131 m\u00fcmk\u00fcn deyil:<\/p>\n<p>\u201cNazirl\u0259r Kabinetinin q\u0259biritanl\u0131qlarla ba\u011fl\u0131\u00a0t\u0259sdiql\u0259diyi s\u0259n\u0259d\u0259 g\u00f6r\u0259, q\u0259biristanl\u0131qlar b\u0259l\u0259diyy\u0259l\u0259rin balans\u0131nda olmal\u0131d\u0131r. Q\u0259biristanl\u0131qlarla ba\u011fl\u0131 b\u00fct\u00fcn m\u0259s\u0259l\u0259l\u0259r h\u0259min s\u0259n\u0259dl\u0259 t\u0259nziml\u0259nm\u0259lidir. H\u0259min s\u0259n\u0259dd\u0259 is\u0259 q\u0259biristanl\u0131qlar\u0131n sal\u0131nmas\u0131, d\u0259fn i\u015finin t\u0259\u015fkili ham\u0131s\u0131 \u00f6z \u0259ksini tap\u0131b\u201d.oxu.az<\/p>\n","protected":false},"excerpt":{"rendered":"<p>Nazirl\u0259r Kabinetinin q\u0259biristanl\u0131qlar\u0131n b\u0259l\u0259diyy\u0259l\u0259r\u0259 verilm\u0259si il\u0259\u00a0ba\u011fl\u0131 m\u00fcvafiq q\u0259rar\u0131nda \u015e\u0259hidl\u0259r v\u0259 F\u0259xri Xiyabanlarla ba\u011fl\u0131 m\u0259s\u0259l\u0259l\u0259r d\u0259 \u00f6z \u0259ksini tap\u0131b. ARANTV.AZ-\u0131n m\u0259lumat\u0131na g\u00f6r\u0259, bunu jurnalistl\u0259r\u0259 a\u00e7\u0131qlamas\u0131nda Dini Qurumlarla \u0130\u015f \u00fczr\u0259 D\u00f6vl\u0259t komit\u0259si s\u0259drinin m\u00fcavini G\u00fcnd\u00fcz \u0130smay\u0131lov deyib. Onun s\u00f6zl\u0259rin\u0259 g\u00f6r\u0259, haz\u0131rda bu istiqam\u0259td\u0259 i\u015fl\u0259r apar\u0131l\u0131r: \u201cM\u0259s\u0259l\u0259 bar\u0259d\u0259 aidiyy\u0259ti qurumlar t\u0259r\u0259find\u0259n ictimaiyy\u0259t\u0259 \u0259lav\u0259 m\u0259lumat veril\u0259c\u0259k. Q\u0259biristanl\u0131qlar\u0131n b\u0259l\u0259diyy\u0259l\u0259rin balans\u0131na verilm\u0259si il\u0259 ba\u011fl\u0131 konkret m\u00fcdd\u0259t Nazirl\u0259r Kabinetinin m\u00fcvafiq q\u0259rar\u0131nda \u0259ksini tap\u0131b. H\u0259min m\u00fcdd\u0259tin n\u00f6vb\u0259ti b\u0259l\u0259diyy\u0259 se\u00e7kil\u0259ri il\u0259 he\u00e7 bir \u0259laq\u0259si yoxdur\u201d. G\u00fcnd\u00fcz \u0130smay\u0131lov qeyd edib ki, Az\u0259rbaycanda \u00f6z\u0259l q\u0259biristanl\u0131qlar\u0131n olmas\u0131 m\u00fcmk\u00fcn deyil: \u201cNazirl\u0259r Kabinetinin q\u0259biritanl\u0131qlarla&hellip;<\/p>\n","protected":false},"author":2,"featured_media":56685,"comment_status":"closed","ping_status":"closed","sticky":false,"template":"","format":"standard","meta":{"om_disable_all_campaigns":false,"_monsterinsights_skip_tracking":false,"_monsterinsights_sitenote_active":false,"_monsterinsights_sitenote_note":"","_monsterinsights_sitenote_category":0},"categories":[1],"tags":[],"aioseo_notices":[],"gutentor_comment":0,"rttpg_featured_image_url":{"full":["https:\/\/arantv.az\/wp-content\/uploads\/2019\/05\/52001143_2115141601933574_2081184982335750144_n.jpg",620,414,false],"landscape":["https:\/\/arantv.az\/wp-content\/uploads\/2019\/05\/52001143_2115141601933574_2081184982335750144_n.jpg",620,414,false],"portraits":["https:\/\/arantv.az\/wp-content\/uploads\/2019\/05\/52001143_2115141601933574_2081184982335750144_n.jpg",620,414,false],"thumbnail":["https:\/\/arantv.az\/wp-content\/uploads\/2019\/05\/52001143_2115141601933574_2081184982335750144_n-150x150.jpg",150,150,true],"medium":["https:\/\/arantv.az\/wp-content\/uploads\/2019\/05\/52001143_2115141601933574_2081184982335750144_n-300x200.jpg",300,200,true],"large":["https:\/\/arantv.az\/wp-content\/uploads\/2019\/05\/52001143_2115141601933574_2081184982335750144_n.jpg",620,414,false],"1536x1536":["https:\/\/arantv.az\/wp-content\/uploads\/2019\/05\/52001143_2115141601933574_2081184982335750144_n.jpg",620,414,false],"2048x2048":["https:\/\/arantv.az\/wp-content\/uploads\/2019\/05\/52001143_2115141601933574_2081184982335750144_n.jpg",620,414,false],"post-thumbnail":["https:\/\/arantv.az\/wp-content\/uploads\/2019\/05\/52001143_2115141601933574_2081184982335750144_n-240x172.jpg",240,172,true],"advps-thumb-one":["https:\/\/arantv.az\/wp-content\/uploads\/2019\/05\/52001143_2115141601933574_2081184982335750144_n.jpg",620,414,false]},"rttpg_author":{"display_name":"V\u00fcsal Rafiqo\u011flu","author_link":"https:\/\/arantv.az\/?author=2"},"rttpg_comment":0,"rttpg_category":"<a href=\"https:\/\/arantv.az\/?cat=1\" rel=\"category\">C\u0259miyy\u0259t<\/a>","rttpg_excerpt":"Nazirl\u0259r Kabinetinin q\u0259biristanl\u0131qlar\u0131n b\u0259l\u0259diyy\u0259l\u0259r\u0259 verilm\u0259si il\u0259\u00a0ba\u011fl\u0131 m\u00fcvafiq q\u0259rar\u0131nda \u015e\u0259hidl\u0259r v\u0259 F\u0259xri Xiyabanlarla ba\u011fl\u0131 m\u0259s\u0259l\u0259l\u0259r d\u0259 \u00f6z \u0259ksini tap\u0131b. ARANTV.AZ-\u0131n m\u0259lumat\u0131na g\u00f6r\u0259, bunu jurnalistl\u0259r\u0259 a\u00e7\u0131qlamas\u0131nda Dini Qurumlarla \u0130\u015f \u00fczr\u0259 D\u00f6vl\u0259t komit\u0259si s\u0259drinin m\u00fcavini G\u00fcnd\u00fcz \u0130smay\u0131lov deyib. Onun s\u00f6zl\u0259rin\u0259 g\u00f6r\u0259, haz\u0131rda bu istiqam\u0259td\u0259 i\u015fl\u0259r apar\u0131l\u0131r: \u201cM\u0259s\u0259l\u0259 bar\u0259d\u0259 aidiyy\u0259ti qurumlar t\u0259r\u0259find\u0259n ictimaiyy\u0259t\u0259 \u0259lav\u0259 m\u0259lumat veril\u0259c\u0259k. Q\u0259biristanl\u0131qlar\u0131n b\u0259l\u0259diyy\u0259l\u0259rin balans\u0131na&hellip;","_links":{"self":[{"href":"https:\/\/arantv.az\/index.php?rest_route=\/wp\/v2\/posts\/56684"}],"collection":[{"href":"https:\/\/arantv.az\/index.php?rest_route=\/wp\/v2\/posts"}],"about":[{"href":"https:\/\/arantv.az\/index.php?rest_route=\/wp\/v2\/types\/post"}],"author":[{"embeddable":true,"href":"https:\/\/arantv.az\/index.php?rest_route=\/wp\/v2\/users\/2"}],"replies":[{"embeddable":true,"href":"https:\/\/arantv.az\/index.php?rest_route=%2Fwp%2Fv2%2Fcomments&post=56684"}],"version-history":[{"count":0,"href":"https:\/\/arantv.az\/index.php?rest_route=\/wp\/v2\/posts\/56684\/revisions"}],"wp:featuredmedia":[{"embeddable":true,"href":"https:\/\/arantv.az\/index.php?rest_route=\/wp\/v2\/media\/56685"}],"wp:attachment":[{"href":"https:\/\/arantv.az\/index.php?rest_route=%2Fwp%2Fv2%2Fmedia&parent=56684"}],"wp:term":[{"taxonomy":"category","embeddable":true,"href":"https:\/\/arantv.az\/index.php?rest_route=%2Fwp%2Fv2%2Fcategories&post=56684"},{"taxonomy":"post_tag","embeddable":true,"href":"https:\/\/arantv.az\/index.php?rest_route=%2Fwp%2Fv2%2Ftags&post=56684"}],"curies":[{"name":"wp","href":"https:\/\/api.w.org\/{rel}","templated":true}]}}