{"id":56694,"date":"2019-05-10T13:42:02","date_gmt":"2019-05-10T10:42:02","guid":{"rendered":"http:\/\/arantv.az\/?p=56694"},"modified":"2019-05-10T13:42:02","modified_gmt":"2019-05-10T10:42:02","slug":"m%c9%99kt%c9%99bli-qizin-intihar-c%c9%99hdi-il%c9%99-bagli-r%c9%99smi-aciqlama","status":"publish","type":"post","link":"https:\/\/arantv.az\/?p=56694","title":{"rendered":"M\u0259kt\u0259bli q\u0131z\u0131n intihar c\u0259hdi il\u0259 ba\u011fl\u0131 r\u0259smi a\u00e7\u0131qlama"},"content":{"rendered":"<p>Bir ne\u00e7\u0259 g\u00fcnd\u00fcr ki, sosial \u015f\u0259b\u0259k\u0259l\u0259rd\u0259 109 n\u00f6mr\u0259li tam orta m\u0259kt\u0259bin 5-ci sinif \u015fagirdi F. \u018f.-nin m\u00fc\u0259lliml\u0259rinin t\u0259zyiqin\u0259 d\u00f6zm\u0259y\u0259r\u0259k intihara c\u0259hd etm\u0259si il\u0259 ba\u011fl\u0131 yay\u0131lm\u0131\u015f x\u0259b\u0259r geni\u015f m\u00fczakir\u0259 olunur. Bildirilir ki, hadis\u0259d\u0259n sonra s\u00f6z\u00fcged\u0259n \u015fagirdin Nigar v\u0259 Bahar adl\u0131 m\u00fc\u0259lliml\u0259rin\u0259 Cinay\u0259t M\u0259c\u0259ll\u0259sinin &#8220;\u00f6z\u00fcn\u00fc \u00f6ld\u00fcrm\u0259 h\u0259ddin\u0259 \u00e7atd\u0131rma&#8221; madd\u0259si il\u0259 cinay\u0259t i\u015fi ba\u015flan\u0131l\u0131b.<\/p>\n<p><b>ARANTV.AZ\u00a0<\/b>x\u0259b\u0259r verir ki, Bak\u0131 \u015e\u0259h\u0259r T\u0259hsil \u0130dar\u0259sind\u0259n qafqazinfo-nun sor\u011fusuna cavab olaraq bildirilib ki, m\u0259s\u0259l\u0259 ara\u015fd\u0131r\u0131l\u0131b v\u0259 m\u0259kt\u0259bin m\u00fc\u0259lliml\u0259ri haqq\u0131nda s\u0259sl\u0259ndiril\u0259n fikirl\u0259r t\u0259sdiqini tapmay\u0131b:<\/p>\n<div id=\"AdviadNativeVideo0\" class=\"AdviadNativeVideo\"><\/div>\n<p>&#8220;109 n\u00f6mr\u0259li tam orta m\u0259kt\u0259bd\u0259n verilmi\u015f m\u0259lumatda qeyd olunur ki, 30 aprel 2019-cu il tarixind\u0259 t\u0259xmin\u0259n saat 20:30 rad\u0259l\u0259rind\u0259 V sinif \u015fagirdinin (m\u00fcvafiq s\u0259b\u0259bl\u0259rd\u0259n \u015fagirdin ad\u0131 qeyd edilmir) valideyni m\u0259kt\u0259b direktoruna m\u0259lumat verib ki, \u00f6vlad\u0131 evd\u0259 valideynin d\u0259rman\u0131n\u0131 q\u0259bul ed\u0259r\u0259k z\u0259h\u0259rl\u0259nib. Ev\u0259 t\u0259cili tibbi yard\u0131m \u00e7a\u011fr\u0131l\u0131b v\u0259 u\u015faq Kliniki Tibbi M\u0259rk\u0259zin Toksikologiya \u015f\u00f6b\u0259sin\u0259 yerl\u0259\u015fdirilib.<\/p>\n<p>M\u00fcvafiq m\u00fcayin\u0259 v\u0259 m\u00fcalic\u0259 prosedurlar\u0131ndan sonra u\u015faq ev\u0259 burax\u0131l\u0131b, haz\u0131rda v\u0259ziyy\u0259ti normald\u0131r. Onun psixoloji durumunun \u00f6yr\u0259nilm\u0259si m\u0259qs\u0259dil\u0259 m\u0259kt\u0259b n\u00fcmay\u0259nd\u0259l\u0259ri v\u0259 psixoloq evl\u0259rind\u0259 olub v\u0259 u\u015fa\u011fa m\u00fcvafiq m\u00fcvafiq psixoloji yard\u0131m g\u00f6st\u0259rilib.<\/p>\n<p>Qeyd olunan hadis\u0259 il\u0259 ba\u011fl\u0131 Bak\u0131 \u015e\u0259h\u0259ri \u00fczr\u0259 T\u0259hsil \u0130dar\u0259si t\u0259r\u0259find\u0259n xidm\u0259ti ara\u015fd\u0131rma apar\u0131l\u0131b. Ara\u015fd\u0131rma zaman\u0131 m\u0259kt\u0259bin m\u00fc\u0259lliml\u0259ri haqq\u0131nda s\u0259sl\u0259ndiril\u0259n fikirl\u0259r t\u0259sdiqini tapmay\u0131b&#8221;.<\/p>\n","protected":false},"excerpt":{"rendered":"<p>Bir ne\u00e7\u0259 g\u00fcnd\u00fcr ki, sosial \u015f\u0259b\u0259k\u0259l\u0259rd\u0259 109 n\u00f6mr\u0259li tam orta m\u0259kt\u0259bin 5-ci sinif \u015fagirdi F. \u018f.-nin m\u00fc\u0259lliml\u0259rinin t\u0259zyiqin\u0259 d\u00f6zm\u0259y\u0259r\u0259k intihara c\u0259hd etm\u0259si il\u0259 ba\u011fl\u0131 yay\u0131lm\u0131\u015f x\u0259b\u0259r geni\u015f m\u00fczakir\u0259 olunur. Bildirilir ki, hadis\u0259d\u0259n sonra s\u00f6z\u00fcged\u0259n \u015fagirdin Nigar v\u0259 Bahar adl\u0131 m\u00fc\u0259lliml\u0259rin\u0259 Cinay\u0259t M\u0259c\u0259ll\u0259sinin &#8220;\u00f6z\u00fcn\u00fc \u00f6ld\u00fcrm\u0259 h\u0259ddin\u0259 \u00e7atd\u0131rma&#8221; madd\u0259si il\u0259 cinay\u0259t i\u015fi ba\u015flan\u0131l\u0131b. ARANTV.AZ\u00a0x\u0259b\u0259r verir ki, Bak\u0131 \u015e\u0259h\u0259r T\u0259hsil \u0130dar\u0259sind\u0259n qafqazinfo-nun sor\u011fusuna cavab olaraq bildirilib ki, m\u0259s\u0259l\u0259 ara\u015fd\u0131r\u0131l\u0131b v\u0259 m\u0259kt\u0259bin m\u00fc\u0259lliml\u0259ri haqq\u0131nda s\u0259sl\u0259ndiril\u0259n fikirl\u0259r t\u0259sdiqini tapmay\u0131b: &#8220;109 n\u00f6mr\u0259li tam orta m\u0259kt\u0259bd\u0259n verilmi\u015f m\u0259lumatda qeyd olunur ki, 30 aprel 2019-cu il tarixind\u0259 t\u0259xmin\u0259n&hellip;<\/p>\n","protected":false},"author":2,"featured_media":56695,"comment_status":"closed","ping_status":"closed","sticky":false,"template":"","format":"standard","meta":{"om_disable_all_campaigns":false,"_monsterinsights_skip_tracking":false,"_monsterinsights_sitenote_active":false,"_monsterinsights_sitenote_note":"","_monsterinsights_sitenote_category":0},"categories":[5],"tags":[],"aioseo_notices":[],"gutentor_comment":0,"rttpg_featured_image_url":{"full":["https:\/\/arantv.az\/wp-content\/uploads\/2019\/05\/derman_2837567_21557484621.jpg",649,487,false],"landscape":["https:\/\/arantv.az\/wp-content\/uploads\/2019\/05\/derman_2837567_21557484621.jpg",649,487,false],"portraits":["https:\/\/arantv.az\/wp-content\/uploads\/2019\/05\/derman_2837567_21557484621.jpg",649,487,false],"thumbnail":["https:\/\/arantv.az\/wp-content\/uploads\/2019\/05\/derman_2837567_21557484621-150x150.jpg",150,150,true],"medium":["https:\/\/arantv.az\/wp-content\/uploads\/2019\/05\/derman_2837567_21557484621-300x225.jpg",300,225,true],"large":["https:\/\/arantv.az\/wp-content\/uploads\/2019\/05\/derman_2837567_21557484621.jpg",640,480,false],"1536x1536":["https:\/\/arantv.az\/wp-content\/uploads\/2019\/05\/derman_2837567_21557484621.jpg",649,487,false],"2048x2048":["https:\/\/arantv.az\/wp-content\/uploads\/2019\/05\/derman_2837567_21557484621.jpg",649,487,false],"post-thumbnail":["https:\/\/arantv.az\/wp-content\/uploads\/2019\/05\/derman_2837567_21557484621-240x172.jpg",240,172,true],"advps-thumb-one":["https:\/\/arantv.az\/wp-content\/uploads\/2019\/05\/derman_2837567_21557484621.jpg",649,487,false]},"rttpg_author":{"display_name":"V\u00fcsal Rafiqo\u011flu","author_link":"https:\/\/arantv.az\/?author=2"},"rttpg_comment":0,"rttpg_category":"<a href=\"https:\/\/arantv.az\/?cat=5\" rel=\"category\">Hadis\u0259<\/a>","rttpg_excerpt":"Bir ne\u00e7\u0259 g\u00fcnd\u00fcr ki, sosial \u015f\u0259b\u0259k\u0259l\u0259rd\u0259 109 n\u00f6mr\u0259li tam orta m\u0259kt\u0259bin 5-ci sinif \u015fagirdi F. \u018f.-nin m\u00fc\u0259lliml\u0259rinin t\u0259zyiqin\u0259 d\u00f6zm\u0259y\u0259r\u0259k intihara c\u0259hd etm\u0259si il\u0259 ba\u011fl\u0131 yay\u0131lm\u0131\u015f x\u0259b\u0259r geni\u015f m\u00fczakir\u0259 olunur. Bildirilir ki, hadis\u0259d\u0259n sonra s\u00f6z\u00fcged\u0259n \u015fagirdin Nigar v\u0259 Bahar adl\u0131 m\u00fc\u0259lliml\u0259rin\u0259 Cinay\u0259t M\u0259c\u0259ll\u0259sinin &#8220;\u00f6z\u00fcn\u00fc \u00f6ld\u00fcrm\u0259 h\u0259ddin\u0259 \u00e7atd\u0131rma&#8221; madd\u0259si il\u0259 cinay\u0259t i\u015fi ba\u015flan\u0131l\u0131b. ARANTV.AZ\u00a0x\u0259b\u0259r verir ki, Bak\u0131&hellip;","_links":{"self":[{"href":"https:\/\/arantv.az\/index.php?rest_route=\/wp\/v2\/posts\/56694"}],"collection":[{"href":"https:\/\/arantv.az\/index.php?rest_route=\/wp\/v2\/posts"}],"about":[{"href":"https:\/\/arantv.az\/index.php?rest_route=\/wp\/v2\/types\/post"}],"author":[{"embeddable":true,"href":"https:\/\/arantv.az\/index.php?rest_route=\/wp\/v2\/users\/2"}],"replies":[{"embeddable":true,"href":"https:\/\/arantv.az\/index.php?rest_route=%2Fwp%2Fv2%2Fcomments&post=56694"}],"version-history":[{"count":0,"href":"https:\/\/arantv.az\/index.php?rest_route=\/wp\/v2\/posts\/56694\/revisions"}],"wp:featuredmedia":[{"embeddable":true,"href":"https:\/\/arantv.az\/index.php?rest_route=\/wp\/v2\/media\/56695"}],"wp:attachment":[{"href":"https:\/\/arantv.az\/index.php?rest_route=%2Fwp%2Fv2%2Fmedia&parent=56694"}],"wp:term":[{"taxonomy":"category","embeddable":true,"href":"https:\/\/arantv.az\/index.php?rest_route=%2Fwp%2Fv2%2Fcategories&post=56694"},{"taxonomy":"post_tag","embeddable":true,"href":"https:\/\/arantv.az\/index.php?rest_route=%2Fwp%2Fv2%2Ftags&post=56694"}],"curies":[{"name":"wp","href":"https:\/\/api.w.org\/{rel}","templated":true}]}}