{"id":56700,"date":"2019-05-10T13:44:30","date_gmt":"2019-05-10T10:44:30","guid":{"rendered":"http:\/\/arantv.az\/?p=56700"},"modified":"2019-05-10T13:44:30","modified_gmt":"2019-05-10T10:44:30","slug":"mill%c9%99t-v%c9%99kili-heyd%c9%99r-%c9%99liyev-fondu-milyonlarin-umid-yeridir","status":"publish","type":"post","link":"https:\/\/arantv.az\/?p=56700","title":{"rendered":"Mill\u0259t v\u0259kili: &#8220;Heyd\u0259r \u018fliyev Fondu milyonlar\u0131n \u00fcmid yeridir&#8221;"},"content":{"rendered":"<p>15 il bundan qabaq Az\u0259rbaycanda b\u00f6y\u00fck \u0259n\u0259n\u0259l\u0259ri v\u0259 tarixi olan xeyriyy\u0259\u00e7ilik m\u0259kt\u0259binin yenid\u0259n dir\u00e7\u0259lm\u0259si v\u0259 ya\u015fad\u0131lmas\u0131 istiqam\u0259tind\u0259 f\u0259aliyy\u0259t g\u00f6st\u0259r\u0259n, \u00f6mr\u00fcn\u00fc d\u00f6vl\u0259timizin inki\u015faf\u0131 v\u0259 xalq\u0131n rifah\u0131n\u0131n y\u00fcks\u0259ldilm\u0259sin\u0259 h\u0259sr ed\u0259n dahi bir \u015f\u0259xsiyy\u0259tin, Heyd\u0259r \u018fliyevin ad\u0131n\u0131 da\u015f\u0131yan fond t\u0259sis olundu. Yarad\u0131ld\u0131\u011f\u0131 g\u00fcnd\u0259n says\u0131z-hesabs\u0131z u\u011furlara nail olmu\u015f, t\u0259hsil, s\u0259hiyy\u0259 v\u0259 dig\u0259r sah\u0259l\u0259rd\u0259 ciddi islahatlar\u0131n apar\u0131lmas\u0131na t\u00f6hf\u0259sini vermi\u015f Heyd\u0259r \u018fliyev Fondu Az\u0259rbaycan\u0131n d\u00fcnyada t\u0259bli\u011fi v\u0259 z\u0259ngin d\u0259y\u0259rl\u0259rimizin tan\u0131d\u0131lmas\u0131 istiqam\u0259tind\u0259 b\u00f6y\u00fck i\u015fl\u0259r g\u00f6rm\u00fc\u015fd\u00fcr.<\/p>\n<p><strong>ARANTV.AZ\u00a0<\/strong> bildirir ki, bu fikirl\u0259ri\u00a0<a href=\"http:\/\/az.trend.az\/\" target=\"_blank\" rel=\"noopener\"><span style=\"color: #000000;\">Trend<\/span><\/a>-\u0259\u00a0a\u00e7\u0131qlamas\u0131nda mill\u0259t v\u0259kili\u00a0<strong>Xanlar F\u0259tiyev<\/strong>\u00a0s\u00f6yl\u0259yib.<\/p>\n<p>Onun s\u00f6zl\u0259rin\u0259 g\u00f6r\u0259, fondun t\u0259sis olunmas\u0131nda \u0259sas m\u0259qs\u0259d yaln\u0131z xeyriyy\u0259\u00e7ilik olmay\u0131b: &#8220;Fondun \u0259n vacib missiyalardan biri d\u0259 ad\u0131 Az\u0259rbaycan tarixin\u0259 m\u00fcst\u0259qil d\u00f6vl\u0259t qurucusu kimi q\u0131z\u0131l h\u0259rfl\u0259rl\u0259 yaz\u0131lm\u0131\u015f \u00fcmummilli lider Heyd\u0259r \u018fliyevin xatir\u0259sin\u0259 xalq\u0131m\u0131z\u0131n ehtiram\u0131n\u0131 ifad\u0259 etm\u0259k, onun z\u0259ngin d\u00fcnyag\u00f6r\u00fcn\u00fc\u015f\u00fcn\u00fc, uzaqg\u00f6r\u0259n siyas\u0259tini, \u00f6lk\u0259miz \u00fc\u00e7\u00fcn \u0259h\u0259miyy\u0259tini vur\u011fulamaq, az\u0259rbaycan\u00e7\u0131l\u0131q ideyalar\u0131n\u0131 yeni n\u0259sill\u0259r\u0259 a\u015f\u0131lamaq, ulu \u00f6nd\u0259rin \u00f6lk\u0259nin sosial-iqtisadi, m\u0259d\u0259ni t\u0259r\u0259qqisi, sivil d\u00fcnya birliyin\u0259 inteqrasiyas\u0131, xalq\u0131n maddi rifah\u0131n\u0131n yax\u015f\u0131la\u015fd\u0131r\u0131lmas\u0131 namin\u0259 m\u00fc\u0259yy\u0259n etdiyi ideyalar\u0131n realla\u015fmas\u0131na d\u0259st\u0259k verm\u0259kl\u0259 onun ideyalar\u0131n\u0131 ya\u015fatmaqdan ibar\u0259t idi&#8221;.<\/p>\n<p>Mill\u0259t v\u0259kilinin s\u00f6zl\u0259rin\u0259 g\u00f6r\u0259, Fondun yarad\u0131c\u0131s\u0131 v\u0259 prezidenti Mehriban \u018fliyeva ilk d\u00f6vrd\u0259n t\u0259hsil\u0259 yard\u0131m\u0131 vacib hesab ed\u0259r\u0259k ictimaiyy\u0259tin diqq\u0259tini m\u00fcasir d\u00fcnyada h\u0259r bir \u00f6lk\u0259nin inki\u015faf\u0131n\u0131n \u0259sas\u0131nda dayanan t\u0259hsil\u0259 y\u00f6n\u0259ltdi:<\/p>\n<p>&#8220;Heyd\u0259r \u018fliyev Fondunun k\u00f6m\u0259kliyi il\u0259 &#8220;Yenil\u0259\u015f\u0259n Az\u0259rbaycana yeni m\u0259kt\u0259b&#8221; layih\u0259si \u00e7\u0259r\u00e7iv\u0259sind\u0259 \u00f6lk\u0259mizin b\u00fct\u00fcn \u015f\u0259h\u0259r v\u0259 rayonlar\u0131nda, h\u0259tta ucqar k\u0259ndl\u0259rd\u0259 bel\u0259 yeni m\u0259kt\u0259b binalar\u0131, u\u015faq ba\u011f\u00e7alar\u0131 in\u015fa olunub, m\u00fcasir avadanl\u0131qlarla v\u0259 texniki invertarlarla t\u0259min olunub. T\u0259sad\u00fcfi deyil ki, Fond \u00f6lk\u0259d\u0259 yaln\u0131z t\u0259hsilin inki\u015faf etdirilm\u0259si il\u0259 deyil, h\u0259m d\u0259 s\u0259hiyy\u0259nin yenil\u0259nm\u0259si v\u0259 m\u00fcasirl\u0259\u015fm\u0259si istiqam\u0259tind\u0259 \u00f6z t\u00f6hf\u0259sini verib, bu istiqam\u0259td\u0259 d\u00f6vl\u0259t siyas\u0259tin\u0259 g\u00fccl\u00fc d\u0259st\u0259k olub&#8221;.<\/p>\n<p>X.F\u0259tiyev qeyd edib ki, paytaxtda v\u0259 b\u00f6lg\u0259l\u0259rd\u0259 tikil\u0259n \u00e7oxsayl\u0131 s\u0259hiyy\u0259 ocaqlar\u0131, onlar\u0131n laz\u0131mi avadanl\u0131qlarla v\u0259 yum\u015faq invertarlarla t\u0259minat\u0131 il\u0259 yana\u015f\u0131, Heyd\u0259r \u018fliyev Fondu c\u0259miyy\u0259ti narahat ed\u0259n bir \u00e7ox probleml\u0259rin h\u0259llin\u0259 yard\u0131m g\u00f6st\u0259rib v\u0259 bu g\u00fcn d\u0259 vacib v\u0259 \u00f6n\u0259mli missiyas\u0131n\u0131 davam etm\u0259kd\u0259dir.<\/p>\n<p>Diabetli u\u015faqlara \u0259n y\u00fcks\u0259k qay\u011f\u0131, talassemiyas\u0131z h\u0259yat namin\u0259 layih\u0259sinin icras\u0131 \u00e7\u0259r\u00e7iv\u0259sind\u0259 Bak\u0131da m\u00fcasir Talassemiya M\u0259rk\u0259zi tikildiyini bildir\u0259n deputat, Mehriban xan\u0131m \u018fliyevan\u0131n diqq\u0259t v\u0259 qay\u011f\u0131s\u0131 say\u0259sind\u0259 Daun Sindromlu \u015e\u0259xsl\u0259rin Reabilitasiya M\u0259rk\u0259zi in\u015fa olundu\u011funu, Fondun d\u0259st\u0259yi il\u0259 b\u00f6lg\u0259l\u0259rd\u0259 x\u00fcsusi qay\u011f\u0131ya ehtiyac\u0131 olan insanlara tibbi bax\u0131\u015flar\u0131n v\u0259 c\u0259rrahiyy\u0259 \u0259m\u0259liyyatlar\u0131n\u0131n t\u0259\u015fkilinni d\u0259 x\u00fcsusi vur\u011fulay\u0131b:<\/p>\n<p>&#8220;Valideynl\u0259rind\u0259n m\u0259hrum olmu\u015f azya\u015fl\u0131 u\u015faqlara d\u0259st\u0259k proqramlar\u0131 v\u0259 y\u00fczl\u0259rc\u0259 xeyriyy\u0259\u00e7ilik aksiyalar\u0131 h\u0259m fondun m\u0259ram\u0131n\u0131n v\u0259 Mehriban \u018fliyevan\u0131n xeyirxahl\u0131q missiyas\u0131n\u0131n bariz n\u00fcmun\u0259sidir. Yard\u0131ma ehtiyac\u0131 olan h\u0259r k\u0259sin yan\u0131nda olmaq yorulmadan xalq \u00fc\u00e7\u00fcn, v\u0259t\u0259nda\u015flar \u00fc\u00e7\u00fcn \u00e7al\u0131\u015fan Mehriban xan\u0131m\u0131n v\u0259 Fondun amal\u0131d\u0131r&#8221;.<\/p>\n<p>X.F\u0259tiyev \u0259lav\u0259 edib ki, 15 ildir Heyd\u0259r \u018fliyev prinsipl\u0259rini ya\u015fadan, durmadan xeyriyy\u0259\u00e7ilik ideyalar\u0131n\u0131 t\u0259bli\u011f ed\u0259n Fondun g\u00f6rd\u00fcy\u00fc i\u015fl\u0259r, h\u0259yata ke\u00e7irdikl\u0259ri layih\u0259l\u0259r haqq\u0131nda g\u00fcnl\u0259rl\u0259 dan\u0131\u015fmaq, cild-cild kitablar yazmaq olar: &#8220;Az\u0259rbaycan ictimaiyy\u0259ti h\u0259r \u015f\u0259h\u0259rd\u0259, h\u0259r rayonda, h\u0259r k\u0259ndd\u0259 Mehriban xan\u0131m\u0131n v\u0259 r\u0259hb\u0259rlik etdiyi Heyd\u0259r \u018fliyev Fondunun xeyirxah \u0259m\u0259ll\u0259rinin n\u0259tic\u0259sini g\u00f6r\u00fcr, hiss edir. Bu alic\u0259nab missiyan\u0131 \u00f6z\u00fc \u00fc\u00e7\u00fcn \u00f6n\u0259mli \u015f\u00fcara \u00e7evir\u0259n, milyonlar\u0131n \u00fcmid, p\u0259nah yeri olan Heyd\u0259r \u018fliyev Fondu v\u0259 onun r\u0259hb\u0259ri Mehriban \u018fliyeva bundan sonra da n\u0259inki Az\u0259rbaycanda, el\u0259c\u0259 d\u0259 b\u00fct\u00fcn d\u00fcnyada vacib v\u0259 xeyirxah layih\u0259l\u0259r\u0259, yaddaqalan u\u011furlara imza atacaqlar&#8221;.<\/p>\n","protected":false},"excerpt":{"rendered":"<p>15 il bundan qabaq Az\u0259rbaycanda b\u00f6y\u00fck \u0259n\u0259n\u0259l\u0259ri v\u0259 tarixi olan xeyriyy\u0259\u00e7ilik m\u0259kt\u0259binin yenid\u0259n dir\u00e7\u0259lm\u0259si v\u0259 ya\u015fad\u0131lmas\u0131 istiqam\u0259tind\u0259 f\u0259aliyy\u0259t g\u00f6st\u0259r\u0259n, \u00f6mr\u00fcn\u00fc d\u00f6vl\u0259timizin inki\u015faf\u0131 v\u0259 xalq\u0131n rifah\u0131n\u0131n y\u00fcks\u0259ldilm\u0259sin\u0259 h\u0259sr ed\u0259n dahi bir \u015f\u0259xsiyy\u0259tin, Heyd\u0259r \u018fliyevin ad\u0131n\u0131 da\u015f\u0131yan fond t\u0259sis olundu. Yarad\u0131ld\u0131\u011f\u0131 g\u00fcnd\u0259n says\u0131z-hesabs\u0131z u\u011furlara nail olmu\u015f, t\u0259hsil, s\u0259hiyy\u0259 v\u0259 dig\u0259r sah\u0259l\u0259rd\u0259 ciddi islahatlar\u0131n apar\u0131lmas\u0131na t\u00f6hf\u0259sini vermi\u015f Heyd\u0259r \u018fliyev Fondu Az\u0259rbaycan\u0131n d\u00fcnyada t\u0259bli\u011fi v\u0259 z\u0259ngin d\u0259y\u0259rl\u0259rimizin tan\u0131d\u0131lmas\u0131 istiqam\u0259tind\u0259 b\u00f6y\u00fck i\u015fl\u0259r g\u00f6rm\u00fc\u015fd\u00fcr. ARANTV.AZ\u00a0 bildirir ki, bu fikirl\u0259ri\u00a0Trend-\u0259\u00a0a\u00e7\u0131qlamas\u0131nda mill\u0259t v\u0259kili\u00a0Xanlar F\u0259tiyev\u00a0s\u00f6yl\u0259yib. Onun s\u00f6zl\u0259rin\u0259 g\u00f6r\u0259, fondun t\u0259sis olunmas\u0131nda \u0259sas m\u0259qs\u0259d yaln\u0131z xeyriyy\u0259\u00e7ilik olmay\u0131b: &#8220;Fondun \u0259n vacib&hellip;<\/p>\n","protected":false},"author":2,"featured_media":56701,"comment_status":"closed","ping_status":"closed","sticky":false,"template":"","format":"standard","meta":{"om_disable_all_campaigns":false,"_monsterinsights_skip_tracking":false,"_monsterinsights_sitenote_active":false,"_monsterinsights_sitenote_note":"","_monsterinsights_sitenote_category":0},"categories":[4],"tags":[],"aioseo_notices":[],"gutentor_comment":0,"rttpg_featured_image_url":{"full":["https:\/\/arantv.az\/wp-content\/uploads\/2019\/05\/753789.jpg",800,600,false],"landscape":["https:\/\/arantv.az\/wp-content\/uploads\/2019\/05\/753789.jpg",800,600,false],"portraits":["https:\/\/arantv.az\/wp-content\/uploads\/2019\/05\/753789.jpg",800,600,false],"thumbnail":["https:\/\/arantv.az\/wp-content\/uploads\/2019\/05\/753789-150x150.jpg",150,150,true],"medium":["https:\/\/arantv.az\/wp-content\/uploads\/2019\/05\/753789-300x225.jpg",300,225,true],"large":["https:\/\/arantv.az\/wp-content\/uploads\/2019\/05\/753789.jpg",640,480,false],"1536x1536":["https:\/\/arantv.az\/wp-content\/uploads\/2019\/05\/753789.jpg",800,600,false],"2048x2048":["https:\/\/arantv.az\/wp-content\/uploads\/2019\/05\/753789.jpg",800,600,false],"post-thumbnail":["https:\/\/arantv.az\/wp-content\/uploads\/2019\/05\/753789-240x172.jpg",240,172,true],"advps-thumb-one":["https:\/\/arantv.az\/wp-content\/uploads\/2019\/05\/753789.jpg",800,600,false]},"rttpg_author":{"display_name":"V\u00fcsal Rafiqo\u011flu","author_link":"https:\/\/arantv.az\/?author=2"},"rttpg_comment":0,"rttpg_category":"<a href=\"https:\/\/arantv.az\/?cat=4\" rel=\"category\">Siyas\u0259t<\/a>","rttpg_excerpt":"15 il bundan qabaq Az\u0259rbaycanda b\u00f6y\u00fck \u0259n\u0259n\u0259l\u0259ri v\u0259 tarixi olan xeyriyy\u0259\u00e7ilik m\u0259kt\u0259binin yenid\u0259n dir\u00e7\u0259lm\u0259si v\u0259 ya\u015fad\u0131lmas\u0131 istiqam\u0259tind\u0259 f\u0259aliyy\u0259t g\u00f6st\u0259r\u0259n, \u00f6mr\u00fcn\u00fc d\u00f6vl\u0259timizin inki\u015faf\u0131 v\u0259 xalq\u0131n rifah\u0131n\u0131n y\u00fcks\u0259ldilm\u0259sin\u0259 h\u0259sr ed\u0259n dahi bir \u015f\u0259xsiyy\u0259tin, Heyd\u0259r \u018fliyevin ad\u0131n\u0131 da\u015f\u0131yan fond t\u0259sis olundu. Yarad\u0131ld\u0131\u011f\u0131 g\u00fcnd\u0259n says\u0131z-hesabs\u0131z u\u011furlara nail olmu\u015f, t\u0259hsil, s\u0259hiyy\u0259 v\u0259 dig\u0259r sah\u0259l\u0259rd\u0259 ciddi islahatlar\u0131n apar\u0131lmas\u0131na t\u00f6hf\u0259sini vermi\u015f Heyd\u0259r&hellip;","_links":{"self":[{"href":"https:\/\/arantv.az\/index.php?rest_route=\/wp\/v2\/posts\/56700"}],"collection":[{"href":"https:\/\/arantv.az\/index.php?rest_route=\/wp\/v2\/posts"}],"about":[{"href":"https:\/\/arantv.az\/index.php?rest_route=\/wp\/v2\/types\/post"}],"author":[{"embeddable":true,"href":"https:\/\/arantv.az\/index.php?rest_route=\/wp\/v2\/users\/2"}],"replies":[{"embeddable":true,"href":"https:\/\/arantv.az\/index.php?rest_route=%2Fwp%2Fv2%2Fcomments&post=56700"}],"version-history":[{"count":0,"href":"https:\/\/arantv.az\/index.php?rest_route=\/wp\/v2\/posts\/56700\/revisions"}],"wp:featuredmedia":[{"embeddable":true,"href":"https:\/\/arantv.az\/index.php?rest_route=\/wp\/v2\/media\/56701"}],"wp:attachment":[{"href":"https:\/\/arantv.az\/index.php?rest_route=%2Fwp%2Fv2%2Fmedia&parent=56700"}],"wp:term":[{"taxonomy":"category","embeddable":true,"href":"https:\/\/arantv.az\/index.php?rest_route=%2Fwp%2Fv2%2Fcategories&post=56700"},{"taxonomy":"post_tag","embeddable":true,"href":"https:\/\/arantv.az\/index.php?rest_route=%2Fwp%2Fv2%2Ftags&post=56700"}],"curies":[{"name":"wp","href":"https:\/\/api.w.org\/{rel}","templated":true}]}}