{"id":56706,"date":"2019-05-10T13:47:01","date_gmt":"2019-05-10T10:47:01","guid":{"rendered":"http:\/\/arantv.az\/?p=56706"},"modified":"2019-05-10T13:47:01","modified_gmt":"2019-05-10T10:47:01","slug":"abs-da-arvadini-oldur%c9%99n-az%c9%99rbaycanli-h%c9%99bsd%c9%99-intihar-etdi","status":"publish","type":"post","link":"https:\/\/arantv.az\/?p=56706","title":{"rendered":"AB\u015e-da arvad\u0131n\u0131 \u00f6ld\u00fcr\u0259n az\u0259rbaycanl\u0131 h\u0259bsd\u0259 intihar etdi"},"content":{"rendered":"<p><strong>Bu ilin aprelind\u0259 AB\u015e-\u0131n Viskonsin \u015ftat\u0131nda h\u0259yat yolda\u015f\u0131, 23 ya\u015fl\u0131 ukraynal\u0131 Tatyana Qujvan\u0131 q\u0259tl\u0259 yetir\u0259n Az\u0259rbaycan v\u0259t\u0259nda\u015f\u0131 Fuad Pa\u015fayev \u00f6z\u00fcn\u00fc \u00f6ld\u00fcr\u00fcb.<\/strong><\/p>\n<p><strong>ARANTV.AZ<\/strong>\u00a0 qafqazinfo-ya istinad\u0259n x\u0259b\u0259r verir ki, 31 ya\u015fl\u0131 Pa\u015fayev may\u0131n 6-da ax\u015fam saat 23:00 rad\u0259l\u0259rind\u0259 saxlan\u0131ld\u0131\u011f\u0131 t\u0259cridxanada n\u0259zar\u0259t\u00e7il\u0259r t\u0259r\u0259find\u0259n \u00f6l\u00fc tap\u0131l\u0131b.<\/p>\n<p>Viskonsin-Dels \u015f\u0259h\u0259rinin polis departamentinin m\u0259lumat\u0131na g\u00f6r\u0259, F. Pa\u015fayev kamerada t\u0259k saxlan\u0131l\u0131b. Onun intihar etdiyi bildirilir.<\/p>\n<p>Xat\u0131rladaq ki, T. Qujvan\u0131n meyiti aprelin 4-\u00fc ax\u015fam saatlar\u0131nda Va\u015finqton bulvar\u0131nda yerl\u0259\u015f\u0259n evd\u0259 tap\u0131l\u0131b. Pa\u015fayev\u0259 qar\u015f\u0131 h\u0259l\u0259 yanvar ay\u0131nda m\u0259i\u015f\u0259t zorak\u0131l\u0131\u011f\u0131na g\u00f6r\u0259 11 b\u0259nd \u00fczr\u0259 ittiham ir\u0259li s\u00fcr\u00fcl\u00fcb. Bel\u0259 ki, o zaman da z\u0259r\u0259r\u00e7\u0259kmi\u015f Tatyana olub.<\/p>\n<p>Qeyd olunur ki, T. Qujva h\u0259l\u0259 yanvar\u0131n 3-d\u0259 polis\u0259 m\u00fcraci\u0259t ed\u0259r\u0259k\u00a0 Pa\u015fayevin onu \u00f6ld\u00fcr\u0259c\u0259yind\u0259n qorxdu\u011funu deyib. O bildirib ki, birlikd\u0259 ya\u015fad\u0131qlar\u0131 \u00fc\u00e7 il \u0259rzind\u0259 Pa\u015fayev alkoqollu i\u00e7kil\u0259r q\u0259bul edib v\u0259 d\u0259f\u0259l\u0259rl\u0259 onu d\u00f6y\u00fcb.<\/p>\n<div id=\"AdviadNativeVideo0\" class=\"AdviadNativeVideo\"><\/div>\n<p>C\u00fctl\u00fcy\u00fcn iki ya\u015fl\u0131 q\u0131z\u0131 var.<\/p>\n","protected":false},"excerpt":{"rendered":"<p>Bu ilin aprelind\u0259 AB\u015e-\u0131n Viskonsin \u015ftat\u0131nda h\u0259yat yolda\u015f\u0131, 23 ya\u015fl\u0131 ukraynal\u0131 Tatyana Qujvan\u0131 q\u0259tl\u0259 yetir\u0259n Az\u0259rbaycan v\u0259t\u0259nda\u015f\u0131 Fuad Pa\u015fayev \u00f6z\u00fcn\u00fc \u00f6ld\u00fcr\u00fcb. ARANTV.AZ\u00a0 qafqazinfo-ya istinad\u0259n x\u0259b\u0259r verir ki, 31 ya\u015fl\u0131 Pa\u015fayev may\u0131n 6-da ax\u015fam saat 23:00 rad\u0259l\u0259rind\u0259 saxlan\u0131ld\u0131\u011f\u0131 t\u0259cridxanada n\u0259zar\u0259t\u00e7il\u0259r t\u0259r\u0259find\u0259n \u00f6l\u00fc tap\u0131l\u0131b. Viskonsin-Dels \u015f\u0259h\u0259rinin polis departamentinin m\u0259lumat\u0131na g\u00f6r\u0259, F. Pa\u015fayev kamerada t\u0259k saxlan\u0131l\u0131b. Onun intihar etdiyi bildirilir. Xat\u0131rladaq ki, T. Qujvan\u0131n meyiti aprelin 4-\u00fc ax\u015fam saatlar\u0131nda Va\u015finqton bulvar\u0131nda yerl\u0259\u015f\u0259n evd\u0259 tap\u0131l\u0131b. Pa\u015fayev\u0259 qar\u015f\u0131 h\u0259l\u0259 yanvar ay\u0131nda m\u0259i\u015f\u0259t zorak\u0131l\u0131\u011f\u0131na g\u00f6r\u0259 11 b\u0259nd \u00fczr\u0259 ittiham ir\u0259li s\u00fcr\u00fcl\u00fcb. Bel\u0259 ki, o zaman da&hellip;<\/p>\n","protected":false},"author":2,"featured_media":56707,"comment_status":"closed","ping_status":"closed","sticky":false,"template":"","format":"standard","meta":{"om_disable_all_campaigns":false,"_monsterinsights_skip_tracking":false,"_monsterinsights_sitenote_active":false,"_monsterinsights_sitenote_note":"","_monsterinsights_sitenote_category":0},"categories":[3],"tags":[],"aioseo_notices":[],"gutentor_comment":0,"rttpg_featured_image_url":{"full":["https:\/\/arantv.az\/wp-content\/uploads\/2019\/05\/753766.jpg",800,600,false],"landscape":["https:\/\/arantv.az\/wp-content\/uploads\/2019\/05\/753766.jpg",800,600,false],"portraits":["https:\/\/arantv.az\/wp-content\/uploads\/2019\/05\/753766.jpg",800,600,false],"thumbnail":["https:\/\/arantv.az\/wp-content\/uploads\/2019\/05\/753766-150x150.jpg",150,150,true],"medium":["https:\/\/arantv.az\/wp-content\/uploads\/2019\/05\/753766-300x225.jpg",300,225,true],"large":["https:\/\/arantv.az\/wp-content\/uploads\/2019\/05\/753766.jpg",640,480,false],"1536x1536":["https:\/\/arantv.az\/wp-content\/uploads\/2019\/05\/753766.jpg",800,600,false],"2048x2048":["https:\/\/arantv.az\/wp-content\/uploads\/2019\/05\/753766.jpg",800,600,false],"post-thumbnail":["https:\/\/arantv.az\/wp-content\/uploads\/2019\/05\/753766-240x172.jpg",240,172,true],"advps-thumb-one":["https:\/\/arantv.az\/wp-content\/uploads\/2019\/05\/753766.jpg",800,600,false]},"rttpg_author":{"display_name":"V\u00fcsal Rafiqo\u011flu","author_link":"https:\/\/arantv.az\/?author=2"},"rttpg_comment":0,"rttpg_category":"<a href=\"https:\/\/arantv.az\/?cat=3\" rel=\"category\">Kriminal<\/a>","rttpg_excerpt":"Bu ilin aprelind\u0259 AB\u015e-\u0131n Viskonsin \u015ftat\u0131nda h\u0259yat yolda\u015f\u0131, 23 ya\u015fl\u0131 ukraynal\u0131 Tatyana Qujvan\u0131 q\u0259tl\u0259 yetir\u0259n Az\u0259rbaycan v\u0259t\u0259nda\u015f\u0131 Fuad Pa\u015fayev \u00f6z\u00fcn\u00fc \u00f6ld\u00fcr\u00fcb. ARANTV.AZ\u00a0 qafqazinfo-ya istinad\u0259n x\u0259b\u0259r verir ki, 31 ya\u015fl\u0131 Pa\u015fayev may\u0131n 6-da ax\u015fam saat 23:00 rad\u0259l\u0259rind\u0259 saxlan\u0131ld\u0131\u011f\u0131 t\u0259cridxanada n\u0259zar\u0259t\u00e7il\u0259r t\u0259r\u0259find\u0259n \u00f6l\u00fc tap\u0131l\u0131b. Viskonsin-Dels \u015f\u0259h\u0259rinin polis departamentinin m\u0259lumat\u0131na g\u00f6r\u0259, F. Pa\u015fayev kamerada t\u0259k saxlan\u0131l\u0131b. Onun intihar&hellip;","_links":{"self":[{"href":"https:\/\/arantv.az\/index.php?rest_route=\/wp\/v2\/posts\/56706"}],"collection":[{"href":"https:\/\/arantv.az\/index.php?rest_route=\/wp\/v2\/posts"}],"about":[{"href":"https:\/\/arantv.az\/index.php?rest_route=\/wp\/v2\/types\/post"}],"author":[{"embeddable":true,"href":"https:\/\/arantv.az\/index.php?rest_route=\/wp\/v2\/users\/2"}],"replies":[{"embeddable":true,"href":"https:\/\/arantv.az\/index.php?rest_route=%2Fwp%2Fv2%2Fcomments&post=56706"}],"version-history":[{"count":0,"href":"https:\/\/arantv.az\/index.php?rest_route=\/wp\/v2\/posts\/56706\/revisions"}],"wp:featuredmedia":[{"embeddable":true,"href":"https:\/\/arantv.az\/index.php?rest_route=\/wp\/v2\/media\/56707"}],"wp:attachment":[{"href":"https:\/\/arantv.az\/index.php?rest_route=%2Fwp%2Fv2%2Fmedia&parent=56706"}],"wp:term":[{"taxonomy":"category","embeddable":true,"href":"https:\/\/arantv.az\/index.php?rest_route=%2Fwp%2Fv2%2Fcategories&post=56706"},{"taxonomy":"post_tag","embeddable":true,"href":"https:\/\/arantv.az\/index.php?rest_route=%2Fwp%2Fv2%2Ftags&post=56706"}],"curies":[{"name":"wp","href":"https:\/\/api.w.org\/{rel}","templated":true}]}}