{"id":56712,"date":"2019-05-10T14:16:28","date_gmt":"2019-05-10T11:16:28","guid":{"rendered":"http:\/\/arantv.az\/?p=56712"},"modified":"2019-05-10T14:16:28","modified_gmt":"2019-05-10T11:16:28","slug":"mill%c9%99t-v%c9%99kili-erm%c9%99nistan-r%c9%99hb%c9%99rliyinin-isgal-altinda-olan-susaya-s%c9%99f%c9%99ri-beyn%c9%99lxalq-huquq-normalarinin-kobud-sur%c9%99td%c9%99-pozulmasidir","status":"publish","type":"post","link":"https:\/\/arantv.az\/?p=56712","title":{"rendered":"Mill\u0259t v\u0259kili: &#8220;Erm\u0259nistan r\u0259hb\u0259rliyinin i\u015f\u011fal alt\u0131nda olan \u015eu\u015faya s\u0259f\u0259ri beyn\u0259lxalq h\u00fcquq normalar\u0131n\u0131n kobud sur\u0259td\u0259 pozulmas\u0131d\u0131r&#8221;"},"content":{"rendered":"<p>Mill\u0259t v\u0259kili\u00a0<strong>Rauf \u018fliyev<\/strong>\u00a0Ba\u015f nazir Nikol Pa\u015finyan ba\u015fda olmaqla Erm\u0259nistan\u0131n d\u00f6vl\u0259t r\u0259hb\u0259rliyinin Az\u0259rbaycan\u0131n i\u015f\u011fal olunmu\u015f Da\u011fl\u0131q Qaraba\u011f \u0259razisin\u0259 s\u0259f\u0259rini \u015f\u0259rh edib.<\/p>\n<p><strong>ARANTV.AZ\u00a0<\/strong> bildirir ki, R.\u018fliyevin\u00a0<a href=\"http:\/\/az.trend.az\/\" target=\"_blank\" rel=\"noopener\">Trend<\/a>-\u0259 dediyin\u0259 g\u00f6r\u0259, Erm\u0259nistan r\u0259hb\u0259rliyinin bu h\u0259r\u0259k\u0259ti beyn\u0259lxalq h\u00fcquq normalar\u0131n\u0131n kobud sur\u0259td\u0259 pozulmas\u0131d\u0131r. Bu, eyni zamanda m\u00f6vcud dan\u0131\u015f\u0131qlar prosesinin prinsipl\u0259rin\u0259 d\u0259 ziddir:<\/p>\n<p>&#8220;Haz\u0131rda Erm\u0259nistanda sosial-iqtisadi v\u0259ziyy\u0259t \u00e7ox a\u011f\u0131rd\u0131r. \u0130ndiki hakimiyy\u0259tl\u0259 ke\u00e7mi\u015f r\u0259hb\u0259rlik aras\u0131nda \u00e7\u0259ki\u015fm\u0259l\u0259r davam edir. Pa\u015finyan siyasi opponentl\u0259rinin \u00e7oxunu h\u0259bs\u0259 atd\u0131r\u0131b. Erm\u0259nistan\u0131n indiki bu acanacaql\u0131 v\u0259ziyy\u0259tin\u0259 baxmayaraq, m\u00fcxalif\u0259t hakimiyy\u0259tl\u0259 \u00fcmummilli m\u0259s\u0259l\u0259l\u0259rd\u0259, x\u00fcsusi il\u0259 Qaraba\u011f m\u0259s\u0259l\u0259sind\u0259 bir olduqlar\u0131n\u0131 d\u00fcnyaya n\u00fcmayi\u015f etdirirl\u0259r. Onlar Qaraba\u011f\u0131n r\u0259mzi say\u0131lan \u015eu\u015fan\u0131n i\u015f\u011fal g\u00fcn\u00fcn\u00fc \u015f\u0259nlik t\u0259dbirl\u0259ri il\u0259 qeyd etdil\u0259r&#8221;.<\/p>\n<p>Mill\u0259t v\u0259kili qeyd edib ki, erm\u0259nil\u0259rin i\u015f\u011fal etdikl\u0259ri torpaqlar q\u0259dim Az\u0259rbaycan torpaqlar\u0131d\u0131r: &#8220;Haz\u0131rda erm\u0259ni \u0259sirliyind\u0259 olan y\u00fczl\u0259rl\u0259 az\u0259rbaycan \u00f6vlad\u0131n\u0131 nec\u0259 yaddan \u00e7\u0131xarmaq olar? Bu hadis\u0259l\u0259ri k\u0259nardan sad\u0259c\u0259 olaraq seyr etm\u0259k olmaz. H\u0259r k\u0259s \u00f6z sah\u0259sind\u0259 bu m\u00fcnaqi\u015f\u0259nin tezlikl\u0259 h\u0259ll edilm\u0259sin\u0259 \u00f6z t\u00f6hf\u0259sini verm\u0259lidir. Birinci n\u00f6vb\u0259d\u0259 m\u00fcxalif\u0259td\u0259 olanlar, xaricd\u0259 m\u00f6vcud hakimiyy\u0259t \u0259leyhin\u0259 kampaniyalar t\u0259\u015fkil ed\u0259nl\u0259r ba\u015fa d\u00fc\u015fm\u0259lidirl\u0259r ki, Az\u0259rbaycan b\u00fct\u00fcn az\u0259rbaycanl\u0131lar\u0131n v\u0259t\u0259nidir&#8221;.<\/p>\n<p>R.\u018fliyev vur\u011fulay\u0131b ki, Az\u0259rbaycan haz\u0131rda Prezident \u0130lham \u018fliyevin r\u0259hb\u0259rliyi il\u0259 h\u0259yata ke\u00e7iril\u0259n d\u00fc\u015f\u00fcn\u00fclm\u00fc\u015f siyas\u0259t n\u0259tic\u0259sind\u0259 d\u00fcnyada \u0259n s\u00fcr\u0259tl\u0259 inki\u015faf etmi\u015f \u00f6lk\u0259l\u0259rd\u0259n birin\u0259 \u00e7evrilib: &#8220;Az\u0259rbaycan\u0131n beyn\u0259lxalq n\u00fcfuzu durmadan art\u0131r. \u0130ndiki zamanda bir s\u0131ra fikir ayr\u0131l\u0131qlar\u0131n\u0131 bir k\u0259nara qoyub d\u00f6vl\u0259t ba\u015f\u00e7\u0131s\u0131 \u0259traf\u0131nda daha s\u0131x birl\u0259\u015f\u0259r\u0259k Az\u0259rbaycan\u0131n qar\u015f\u0131s\u0131nda duran yegan\u0259 m\u0259s\u0259l\u0259 olan Da\u011fl\u0131\u011f Qaraba\u011f m\u00fcnaqi\u015f\u0259sinin h\u0259llin\u0259 nail olmaq, torpaqlar\u0131m\u0131z\u0131 i\u015f\u011faldan azad etm\u0259k laz\u0131md\u0131r. Bu, d\u00fcnyada ya\u015fayan h\u0259r bir az\u0259rbaycanl\u0131n\u0131n m\u00fcq\u0259dd\u0259s v\u0259zif\u0259sidir&#8221;.<\/p>\n","protected":false},"excerpt":{"rendered":"<p>Mill\u0259t v\u0259kili\u00a0Rauf \u018fliyev\u00a0Ba\u015f nazir Nikol Pa\u015finyan ba\u015fda olmaqla Erm\u0259nistan\u0131n d\u00f6vl\u0259t r\u0259hb\u0259rliyinin Az\u0259rbaycan\u0131n i\u015f\u011fal olunmu\u015f Da\u011fl\u0131q Qaraba\u011f \u0259razisin\u0259 s\u0259f\u0259rini \u015f\u0259rh edib. ARANTV.AZ\u00a0 bildirir ki, R.\u018fliyevin\u00a0Trend-\u0259 dediyin\u0259 g\u00f6r\u0259, Erm\u0259nistan r\u0259hb\u0259rliyinin bu h\u0259r\u0259k\u0259ti beyn\u0259lxalq h\u00fcquq normalar\u0131n\u0131n kobud sur\u0259td\u0259 pozulmas\u0131d\u0131r. Bu, eyni zamanda m\u00f6vcud dan\u0131\u015f\u0131qlar prosesinin prinsipl\u0259rin\u0259 d\u0259 ziddir: &#8220;Haz\u0131rda Erm\u0259nistanda sosial-iqtisadi v\u0259ziyy\u0259t \u00e7ox a\u011f\u0131rd\u0131r. \u0130ndiki hakimiyy\u0259tl\u0259 ke\u00e7mi\u015f r\u0259hb\u0259rlik aras\u0131nda \u00e7\u0259ki\u015fm\u0259l\u0259r davam edir. Pa\u015finyan siyasi opponentl\u0259rinin \u00e7oxunu h\u0259bs\u0259 atd\u0131r\u0131b. Erm\u0259nistan\u0131n indiki bu acanacaql\u0131 v\u0259ziyy\u0259tin\u0259 baxmayaraq, m\u00fcxalif\u0259t hakimiyy\u0259tl\u0259 \u00fcmummilli m\u0259s\u0259l\u0259l\u0259rd\u0259, x\u00fcsusi il\u0259 Qaraba\u011f m\u0259s\u0259l\u0259sind\u0259 bir olduqlar\u0131n\u0131 d\u00fcnyaya n\u00fcmayi\u015f etdirirl\u0259r. Onlar Qaraba\u011f\u0131n r\u0259mzi say\u0131lan \u015eu\u015fan\u0131n i\u015f\u011fal&hellip;<\/p>\n","protected":false},"author":2,"featured_media":56713,"comment_status":"closed","ping_status":"closed","sticky":false,"template":"","format":"standard","meta":{"om_disable_all_campaigns":false,"_monsterinsights_skip_tracking":false,"_monsterinsights_sitenote_active":false,"_monsterinsights_sitenote_note":"","_monsterinsights_sitenote_category":0},"categories":[4],"tags":[],"aioseo_notices":[],"gutentor_comment":0,"rttpg_featured_image_url":{"full":["https:\/\/arantv.az\/wp-content\/uploads\/2019\/05\/753802.jpg",800,600,false],"landscape":["https:\/\/arantv.az\/wp-content\/uploads\/2019\/05\/753802.jpg",800,600,false],"portraits":["https:\/\/arantv.az\/wp-content\/uploads\/2019\/05\/753802.jpg",800,600,false],"thumbnail":["https:\/\/arantv.az\/wp-content\/uploads\/2019\/05\/753802-150x150.jpg",150,150,true],"medium":["https:\/\/arantv.az\/wp-content\/uploads\/2019\/05\/753802-300x225.jpg",300,225,true],"large":["https:\/\/arantv.az\/wp-content\/uploads\/2019\/05\/753802.jpg",640,480,false],"1536x1536":["https:\/\/arantv.az\/wp-content\/uploads\/2019\/05\/753802.jpg",800,600,false],"2048x2048":["https:\/\/arantv.az\/wp-content\/uploads\/2019\/05\/753802.jpg",800,600,false],"post-thumbnail":["https:\/\/arantv.az\/wp-content\/uploads\/2019\/05\/753802-240x172.jpg",240,172,true],"advps-thumb-one":["https:\/\/arantv.az\/wp-content\/uploads\/2019\/05\/753802.jpg",800,600,false]},"rttpg_author":{"display_name":"V\u00fcsal Rafiqo\u011flu","author_link":"https:\/\/arantv.az\/?author=2"},"rttpg_comment":0,"rttpg_category":"<a href=\"https:\/\/arantv.az\/?cat=4\" rel=\"category\">Siyas\u0259t<\/a>","rttpg_excerpt":"Mill\u0259t v\u0259kili\u00a0Rauf \u018fliyev\u00a0Ba\u015f nazir Nikol Pa\u015finyan ba\u015fda olmaqla Erm\u0259nistan\u0131n d\u00f6vl\u0259t r\u0259hb\u0259rliyinin Az\u0259rbaycan\u0131n i\u015f\u011fal olunmu\u015f Da\u011fl\u0131q Qaraba\u011f \u0259razisin\u0259 s\u0259f\u0259rini \u015f\u0259rh edib. ARANTV.AZ\u00a0 bildirir ki, R.\u018fliyevin\u00a0Trend-\u0259 dediyin\u0259 g\u00f6r\u0259, Erm\u0259nistan r\u0259hb\u0259rliyinin bu h\u0259r\u0259k\u0259ti beyn\u0259lxalq h\u00fcquq normalar\u0131n\u0131n kobud sur\u0259td\u0259 pozulmas\u0131d\u0131r. Bu, eyni zamanda m\u00f6vcud dan\u0131\u015f\u0131qlar prosesinin prinsipl\u0259rin\u0259 d\u0259 ziddir: &#8220;Haz\u0131rda Erm\u0259nistanda sosial-iqtisadi v\u0259ziyy\u0259t \u00e7ox a\u011f\u0131rd\u0131r. \u0130ndiki hakimiyy\u0259tl\u0259 ke\u00e7mi\u015f r\u0259hb\u0259rlik&hellip;","_links":{"self":[{"href":"https:\/\/arantv.az\/index.php?rest_route=\/wp\/v2\/posts\/56712"}],"collection":[{"href":"https:\/\/arantv.az\/index.php?rest_route=\/wp\/v2\/posts"}],"about":[{"href":"https:\/\/arantv.az\/index.php?rest_route=\/wp\/v2\/types\/post"}],"author":[{"embeddable":true,"href":"https:\/\/arantv.az\/index.php?rest_route=\/wp\/v2\/users\/2"}],"replies":[{"embeddable":true,"href":"https:\/\/arantv.az\/index.php?rest_route=%2Fwp%2Fv2%2Fcomments&post=56712"}],"version-history":[{"count":0,"href":"https:\/\/arantv.az\/index.php?rest_route=\/wp\/v2\/posts\/56712\/revisions"}],"wp:featuredmedia":[{"embeddable":true,"href":"https:\/\/arantv.az\/index.php?rest_route=\/wp\/v2\/media\/56713"}],"wp:attachment":[{"href":"https:\/\/arantv.az\/index.php?rest_route=%2Fwp%2Fv2%2Fmedia&parent=56712"}],"wp:term":[{"taxonomy":"category","embeddable":true,"href":"https:\/\/arantv.az\/index.php?rest_route=%2Fwp%2Fv2%2Fcategories&post=56712"},{"taxonomy":"post_tag","embeddable":true,"href":"https:\/\/arantv.az\/index.php?rest_route=%2Fwp%2Fv2%2Ftags&post=56712"}],"curies":[{"name":"wp","href":"https:\/\/api.w.org\/{rel}","templated":true}]}}