{"id":56718,"date":"2019-05-10T14:21:27","date_gmt":"2019-05-10T11:21:27","guid":{"rendered":"http:\/\/arantv.az\/?p=56718"},"modified":"2019-05-10T14:21:27","modified_gmt":"2019-05-10T11:21:27","slug":"c%c9%99nubi-az%c9%99rbaycanli-f%c9%99al-h%c9%99bsxanadan-aciq-m%c9%99ktub-yazdi-bakir%c9%99liyimi-yoxlamaq-ucun-foto","status":"publish","type":"post","link":"https:\/\/arantv.az\/?p=56718","title":{"rendered":"C\u0259nubi az\u0259rbaycanl\u0131 f\u0259al h\u0259bsxanadan a\u00e7\u0131q m\u0259ktub yazd\u0131: &#8220;Bakir\u0259liyimi yoxlamaq \u00fc\u00e7\u00fcn&#8230;&#8221; &#8211; FOTO"},"content":{"rendered":"<p>&#8220;H\u0259bsd\u0259 ik\u0259n m\u0259ni sor\u011fu-suala tutan \u015f\u0259xs il\u0259 dosyem\u0259 n\u0259zar\u0259t ed\u0259n m\u0259hk\u0259m\u0259 n\u00fcmay\u0259nd\u0259si m\u0259ni bakir\u0259lik testin\u0259 g\u00f6nd\u0259rm\u0259k ist\u0259di. B\u00fct\u00fcn t\u0259zyiql\u0259r\u0259 baxmayaraq, buna \u00e7ox s\u0259rt reaksiya verdim v\u0259 m\u00fcqavim\u0259t g\u00f6st\u0259rdim. Ona g\u00f6r\u0259 d\u0259 ist\u0259dikl\u0259rin\u0259 nail ola bilm\u0259dil\u0259r&#8221;.<\/p>\n<p><b>ARANTV.AZ\u00a0<\/b>\u00a0publika.az-a istinad\u0259n x\u0259b\u0259r verir ki, bunu az\u0259rbaycanl\u0131 siyasi f\u0259al P\u0259risa R\u0259fii siyasi f\u0259allar, x\u00fcsusil\u0259 d\u0259 qad\u0131nlar\u0131n \u0130ran h\u0259bsxanalar\u0131nda saxlan\u0131ld\u0131\u011f\u0131 ac\u0131nacaql\u0131 v\u0259ziyy\u0259td\u0259n b\u0259hs ed\u0259rk\u0259n deyib.<\/p>\n<p>Tehran Universitetinin t\u0259l\u0259b\u0259si m\u0259s\u0259l\u0259 il\u0259 ba\u011fl\u0131 a\u00e7\u0131q m\u0259ktub yaz\u0131b. Bildirib ki, siyasi f\u0259allar\u0131n t\u0259zyiql\u0259rin\u0259 baxmayaraq, onlar\u0131 repressiyaya m\u0259ruz qoyan q\u00fcvv\u0259l\u0259r t\u0259zyiql\u0259rini azaltmay\u0131b:<\/p>\n<p>&#8220;N\u0259tic\u0259sinin \u00e7ox a\u011f\u0131r olaca\u011f\u0131n\u0131 bildiyim halda, bu m\u0259ktubu yazma\u011fa q\u0259rar verdim. Nec\u0259 ki, Beyn\u0259lxalq \u0130\u015f\u00e7i v\u0259 Z\u0259hm\u0259tke\u015fl\u0259r G\u00fcn\u00fcnd\u0259 saxlan\u0131lanlardan M\u0259rziyy\u0259 \u018fmirinin nam\u0259lum bir t\u0259cridxanaya k\u00f6\u00e7\u00fcr\u00fclm\u0259sin\u0259 \u015fahid olduq v\u0259 bu g\u00fcn\u0259 q\u0259d\u0259r kims\u0259 onun hans\u0131 v\u0259ziyy\u0259td\u0259 v\u0259 harada saxland\u0131\u011f\u0131n\u0131 bilmir. M\u0259n\u0259 he\u00e7 vaxt m\u0259lum olmayan bir t\u0259cridxanan\u0131n t\u0259kn\u0259f\u0259rlik kameras\u0131nda 21 g\u00fcn saxland\u0131m. Siyasi m\u0259hbuslar\u0131n ads\u0131z t\u0259cridxanalarda saxlanmas\u0131 v\u0259 ya intiqal edilm\u0259si \u00e7ox d\u0259h\u015f\u0259tlidir. Bu t\u0259cridxanalarda saxlan\u0131lan \u015f\u0259xsl\u0259rin ail\u0259si onlardan x\u0259b\u0259rsiz olur, \u00f6zl\u0259ri d\u0259 d\u0259h\u015f\u0259tli psixoloji g\u0259rginlik ke\u00e7irir. Onlarda el\u0259 bir t\u0259s\u0259vv\u00fcr yarad\u0131l\u0131r ki, art\u0131q kims\u0259nin onlar\u0131n harada saxland\u0131\u011f\u0131n\u0131 bilm\u0259si m\u00fcmk\u00fcn deyil. Bu, olduqca ac\u0131nacaql\u0131d\u0131r.<\/p>\n<p>H\u0259bsd\u0259 ik\u0259n m\u0259ni sor\u011fu-suala tutan \u015f\u0259xs, dosyem\u0259 n\u0259zar\u0259t ed\u0259n m\u0259hk\u0259m\u0259 n\u00fcmay\u0259nd\u0259si il\u0259 birlikd\u0259 m\u0259ni bakir\u0259lik testin\u0259 g\u00f6nd\u0259rm\u0259k ist\u0259di. M\u0259n b\u00fct\u00fcn t\u0259zyiql\u0259r\u0259 baxmayaraq, buna \u00e7ox s\u0259rt reaksiya verdim v\u0259 m\u00fcqavim\u0259t g\u00f6st\u0259rdim. Ona g\u00f6r\u0259 d\u0259 ist\u0259dikl\u0259rin\u0259 nail ola bilm\u0259dil\u0259r. Bununla \u0259laq\u0259dar \u015fikay\u0259t etm\u0259k d\u0259 ist\u0259dim, lakin imkan verm\u0259dil\u0259r. M\u0259nim k\u0259skin etiraz\u0131mla rastla\u015fd\u0131qdan sonra &#8220;ist\u0259dik ki, bu haqda hans\u0131sa iddia olmas\u0131n&#8221; b\u0259han\u0259sini g\u0259tirdil\u0259r. Ehtimal edir\u0259m ki, b\u0259han\u0259 etdikl\u0259ri iddia t\u0259cav\u00fcz\u0259 m\u0259ruz qalmaqla ba\u011fl\u0131d\u0131r. Halbuki, el\u0259 bir d\u0259h\u015f\u0259tli t\u0259cridxanada v\u0259 gizli kameralar\u0131n oldu\u011fu yerd\u0259 bel\u0259 bir iddia ir\u0259li s\u00fcrm\u0259k m\u0259nas\u0131zd\u0131r&#8221;-, siyasi f\u0259al yaz\u0131b.<\/p>\n<p>P\u0259risa R\u0259fii s\u00f6zl\u0259rinin davam\u0131nda h\u0259bsxanalarda yaln\u0131z siyasi m\u0259hbuslar deyil, dig\u0259r cinay\u0259tl\u0259r\u0259 g\u00f6r\u0259 h\u0259bs edilib v\u0259 ya saxlan\u0131lan m\u0259hkumlar\u0131n da daha a\u011f\u0131r v\u0259ziyy\u0259td\u0259 saxland\u0131\u011f\u0131n\u0131 bildirib. O, m\u0259hbuslar\u0131n v\u0259ziyy\u0259tinin yax\u015f\u0131la\u015fd\u0131r\u0131lmas\u0131 \u00fc\u00e7\u00fcn m\u00fcbariz\u0259 aparaca\u011f\u0131n\u0131 v\u0259 bu istiqam\u0259td\u0259 \u0259lind\u0259n g\u0259l\u0259ni ed\u0259c\u0259yini vur\u011fulay\u0131b.<\/p>\n<p>Qeyd ed\u0259k ki, P\u0259risa R\u0259fii 7 illik h\u0259bs c\u0259zas\u0131na v\u0259 74 \u015fallaq c\u0259zas\u0131na m\u0259hkum edilib. Buna s\u0259b\u0259b onun universitet yataqxanas\u0131 il\u0259 ba\u011fl\u0131 aksiyada f\u0259al i\u015ftirak\u0131d\u0131r.<\/p>\n","protected":false},"excerpt":{"rendered":"<p>&#8220;H\u0259bsd\u0259 ik\u0259n m\u0259ni sor\u011fu-suala tutan \u015f\u0259xs il\u0259 dosyem\u0259 n\u0259zar\u0259t ed\u0259n m\u0259hk\u0259m\u0259 n\u00fcmay\u0259nd\u0259si m\u0259ni bakir\u0259lik testin\u0259 g\u00f6nd\u0259rm\u0259k ist\u0259di. B\u00fct\u00fcn t\u0259zyiql\u0259r\u0259 baxmayaraq, buna \u00e7ox s\u0259rt reaksiya verdim v\u0259 m\u00fcqavim\u0259t g\u00f6st\u0259rdim. Ona g\u00f6r\u0259 d\u0259 ist\u0259dikl\u0259rin\u0259 nail ola bilm\u0259dil\u0259r&#8221;. ARANTV.AZ\u00a0\u00a0publika.az-a istinad\u0259n x\u0259b\u0259r verir ki, bunu az\u0259rbaycanl\u0131 siyasi f\u0259al P\u0259risa R\u0259fii siyasi f\u0259allar, x\u00fcsusil\u0259 d\u0259 qad\u0131nlar\u0131n \u0130ran h\u0259bsxanalar\u0131nda saxlan\u0131ld\u0131\u011f\u0131 ac\u0131nacaql\u0131 v\u0259ziyy\u0259td\u0259n b\u0259hs ed\u0259rk\u0259n deyib. Tehran Universitetinin t\u0259l\u0259b\u0259si m\u0259s\u0259l\u0259 il\u0259 ba\u011fl\u0131 a\u00e7\u0131q m\u0259ktub yaz\u0131b. Bildirib ki, siyasi f\u0259allar\u0131n t\u0259zyiql\u0259rin\u0259 baxmayaraq, onlar\u0131 repressiyaya m\u0259ruz qoyan q\u00fcvv\u0259l\u0259r t\u0259zyiql\u0259rini azaltmay\u0131b: &#8220;N\u0259tic\u0259sinin \u00e7ox a\u011f\u0131r olaca\u011f\u0131n\u0131 bildiyim halda, bu m\u0259ktubu yazma\u011fa&hellip;<\/p>\n","protected":false},"author":2,"featured_media":56719,"comment_status":"closed","ping_status":"closed","sticky":false,"template":"","format":"standard","meta":{"om_disable_all_campaigns":false,"_monsterinsights_skip_tracking":false,"_monsterinsights_sitenote_active":false,"_monsterinsights_sitenote_note":"","_monsterinsights_sitenote_category":0},"categories":[7],"tags":[],"aioseo_notices":[],"gutentor_comment":0,"rttpg_featured_image_url":{"full":["https:\/\/arantv.az\/wp-content\/uploads\/2019\/05\/1534249179_11.jpg",549,309,false],"landscape":["https:\/\/arantv.az\/wp-content\/uploads\/2019\/05\/1534249179_11.jpg",549,309,false],"portraits":["https:\/\/arantv.az\/wp-content\/uploads\/2019\/05\/1534249179_11.jpg",549,309,false],"thumbnail":["https:\/\/arantv.az\/wp-content\/uploads\/2019\/05\/1534249179_11-150x150.jpg",150,150,true],"medium":["https:\/\/arantv.az\/wp-content\/uploads\/2019\/05\/1534249179_11-300x169.jpg",300,169,true],"large":["https:\/\/arantv.az\/wp-content\/uploads\/2019\/05\/1534249179_11.jpg",549,309,false],"1536x1536":["https:\/\/arantv.az\/wp-content\/uploads\/2019\/05\/1534249179_11.jpg",549,309,false],"2048x2048":["https:\/\/arantv.az\/wp-content\/uploads\/2019\/05\/1534249179_11.jpg",549,309,false],"post-thumbnail":["https:\/\/arantv.az\/wp-content\/uploads\/2019\/05\/1534249179_11-240x172.jpg",240,172,true],"advps-thumb-one":["https:\/\/arantv.az\/wp-content\/uploads\/2019\/05\/1534249179_11.jpg",549,309,false]},"rttpg_author":{"display_name":"V\u00fcsal Rafiqo\u011flu","author_link":"https:\/\/arantv.az\/?author=2"},"rttpg_comment":0,"rttpg_category":"<a href=\"https:\/\/arantv.az\/?cat=7\" rel=\"category\">D\u00fcnya<\/a>","rttpg_excerpt":"&#8220;H\u0259bsd\u0259 ik\u0259n m\u0259ni sor\u011fu-suala tutan \u015f\u0259xs il\u0259 dosyem\u0259 n\u0259zar\u0259t ed\u0259n m\u0259hk\u0259m\u0259 n\u00fcmay\u0259nd\u0259si m\u0259ni bakir\u0259lik testin\u0259 g\u00f6nd\u0259rm\u0259k ist\u0259di. B\u00fct\u00fcn t\u0259zyiql\u0259r\u0259 baxmayaraq, buna \u00e7ox s\u0259rt reaksiya verdim v\u0259 m\u00fcqavim\u0259t g\u00f6st\u0259rdim. Ona g\u00f6r\u0259 d\u0259 ist\u0259dikl\u0259rin\u0259 nail ola bilm\u0259dil\u0259r&#8221;. ARANTV.AZ\u00a0\u00a0publika.az-a istinad\u0259n x\u0259b\u0259r verir ki, bunu az\u0259rbaycanl\u0131 siyasi f\u0259al P\u0259risa R\u0259fii siyasi f\u0259allar, x\u00fcsusil\u0259 d\u0259 qad\u0131nlar\u0131n \u0130ran h\u0259bsxanalar\u0131nda saxlan\u0131ld\u0131\u011f\u0131 ac\u0131nacaql\u0131&hellip;","_links":{"self":[{"href":"https:\/\/arantv.az\/index.php?rest_route=\/wp\/v2\/posts\/56718"}],"collection":[{"href":"https:\/\/arantv.az\/index.php?rest_route=\/wp\/v2\/posts"}],"about":[{"href":"https:\/\/arantv.az\/index.php?rest_route=\/wp\/v2\/types\/post"}],"author":[{"embeddable":true,"href":"https:\/\/arantv.az\/index.php?rest_route=\/wp\/v2\/users\/2"}],"replies":[{"embeddable":true,"href":"https:\/\/arantv.az\/index.php?rest_route=%2Fwp%2Fv2%2Fcomments&post=56718"}],"version-history":[{"count":0,"href":"https:\/\/arantv.az\/index.php?rest_route=\/wp\/v2\/posts\/56718\/revisions"}],"wp:featuredmedia":[{"embeddable":true,"href":"https:\/\/arantv.az\/index.php?rest_route=\/wp\/v2\/media\/56719"}],"wp:attachment":[{"href":"https:\/\/arantv.az\/index.php?rest_route=%2Fwp%2Fv2%2Fmedia&parent=56718"}],"wp:term":[{"taxonomy":"category","embeddable":true,"href":"https:\/\/arantv.az\/index.php?rest_route=%2Fwp%2Fv2%2Fcategories&post=56718"},{"taxonomy":"post_tag","embeddable":true,"href":"https:\/\/arantv.az\/index.php?rest_route=%2Fwp%2Fv2%2Ftags&post=56718"}],"curies":[{"name":"wp","href":"https:\/\/api.w.org\/{rel}","templated":true}]}}