{"id":56785,"date":"2019-05-10T15:51:39","date_gmt":"2019-05-10T12:51:39","guid":{"rendered":"http:\/\/arantv.az\/?p=56785"},"modified":"2019-05-10T15:51:39","modified_gmt":"2019-05-10T12:51:39","slug":"t%c9%99rt%c9%99rd%c9%99-ulu-ond%c9%99r-heyd%c9%99r-%c9%99liyevin-%c9%99ziz-xatir%c9%99si-yad-edildi","status":"publish","type":"post","link":"https:\/\/arantv.az\/?p=56785","title":{"rendered":"T\u0259rt\u0259rd\u0259 ulu \u00f6nd\u0259r Heyd\u0259r \u018fliyevin \u0259ziz xatir\u0259si yad edildi"},"content":{"rendered":"<p>Xalq\u0131m\u0131z\u0131n \u00fcmummilli lideri Heyd\u0259r \u018fliyevin anadan olmas\u0131n\u0131n 96-ci ild\u00f6n\u00fcm\u00fc T\u0259rt\u0259r rayonunda t\u0259nt\u0259n\u0259 il\u0259 qeyd olunub.<\/p>\n<p><strong>ARANTV.AZ<\/strong> x\u0259b\u0259r verir ki, may\u0131n 10-da s\u0259h\u0259r saatlar\u0131nda minl\u0259rl\u0259 t\u0259rt\u0259rli rayonun m\u0259rk\u0259zi meydan\u0131nda Ulu \u00d6nd\u0259rin xatir\u0259sin\u0259 ucald\u0131lm\u0131\u015f abid\u0259 kompleksini ziyar\u0259t ed\u0259r\u0259k, \u00f6n\u00fcn\u0259 t\u0259r g\u00fcl-\u00e7i\u00e7\u0259k d\u0259st\u0259l\u0259ri d\u00fcz\u00fcb, dahi r\u0259hb\u0259r\u0259 \u00f6z h\u00f6rm\u0259t v\u0259 eht\u0131ram\u0131n\u0131, \u00fcm\u00fcmxalq m\u0259h\u0259bb\u0259tini n\u00fcmayi\u015f etdiribl\u0259r.<\/p>\n<p>\u018fvv\u0259lc\u0259 meydana topla\u015fan insan izdiham\u0131n\u0131n \u00f6n\u00fcnd\u0259 ged\u0259n rayon icra hakimiyy\u0259tinin ba\u015f\u00e7\u0131s\u0131 M\u00fcst\u0259qim M\u0259mm\u0259dov\u00a0 \u00fcmummilli lider Heyd\u0259r \u018fliyevin abid\u0259sini ziyar\u0259t edib, \u00f6n\u00fcn\u0259 t\u0259r g\u00fcl d\u0259st\u0259l\u0259ri qoydu.<\/p>\n<p>Sonra t\u0259dbir i\u015ftirak\u00e7\u0131lar\u0131 meydanda rayon m\u0259kt\u0259blil\u0259rinin haz\u0131rlad\u0131\u011f\u0131 Ulu \u00d6nd\u0259r\u0259 h\u0259sr olunmu\u015f r\u0259sm, \u0259l i\u015fl\u0259ri v\u0259 kitab s\u0259rgisin\u0259 baxd\u0131lar.<\/p>\n<p>&nbsp;<\/p>\n<p><img loading=\"lazy\" src=\"http:\/\/terter-ih.gov.az\/userfiles\/images\/RIH_8639%20(%D0%9A%D0%BE%D0%BF%D0%B8%D1%80%D0%BE%D0%B2%D0%B0%D1%82%D1%8C).JPG\" alt=\"\" width=\"250\" height=\"167\" \/><img loading=\"lazy\" src=\"http:\/\/terter-ih.gov.az\/userfiles\/images\/RIH_8648%20(%D0%9A%D0%BE%D0%BF%D0%B8%D1%80%D0%BE%D0%B2%D0%B0%D1%82%D1%8C).JPG\" alt=\"\" width=\"250\" height=\"167\" \/><\/p>\n<p><img loading=\"lazy\" src=\"http:\/\/terter-ih.gov.az\/userfiles\/images\/RIH_8653%20(%D0%9A%D0%BE%D0%BF%D0%B8%D1%80%D0%BE%D0%B2%D0%B0%D1%82%D1%8C).JPG\" alt=\"\" width=\"250\" height=\"167\" \/><img loading=\"lazy\" src=\"http:\/\/terter-ih.gov.az\/userfiles\/images\/RIH_8674%20(%D0%9A%D0%BE%D0%BF%D0%B8%D1%80%D0%BE%D0%B2%D0%B0%D1%82%D1%8C).JPG\" alt=\"\" width=\"250\" height=\"167\" \/><\/p>\n<p><img loading=\"lazy\" src=\"http:\/\/terter-ih.gov.az\/userfiles\/images\/RIH_8675%20(%D0%9A%D0%BE%D0%BF%D0%B8%D1%80%D0%BE%D0%B2%D0%B0%D1%82%D1%8C).JPG\" alt=\"\" width=\"250\" height=\"167\" \/><img loading=\"lazy\" src=\"http:\/\/terter-ih.gov.az\/userfiles\/images\/RIH_8692%20(%D0%9A%D0%BE%D0%BF%D0%B8%D1%80%D0%BE%D0%B2%D0%B0%D1%82%D1%8C).JPG\" alt=\"\" width=\"250\" height=\"167\" \/><\/p>\n<p><img loading=\"lazy\" src=\"http:\/\/terter-ih.gov.az\/userfiles\/images\/RIH_8700%20(%D0%9A%D0%BE%D0%BF%D0%B8%D1%80%D0%BE%D0%B2%D0%B0%D1%82%D1%8C).JPG\" alt=\"\" width=\"250\" height=\"167\" \/><img loading=\"lazy\" src=\"http:\/\/terter-ih.gov.az\/userfiles\/images\/RIH_8717%20(%D0%9A%D0%BE%D0%BF%D0%B8%D1%80%D0%BE%D0%B2%D0%B0%D1%82%D1%8C).JPG\" alt=\"\" width=\"250\" height=\"167\" \/><\/p>\n<p><img loading=\"lazy\" src=\"http:\/\/terter-ih.gov.az\/userfiles\/images\/RIH_8719%20(%D0%9A%D0%BE%D0%BF%D0%B8%D1%80%D0%BE%D0%B2%D0%B0%D1%82%D1%8C).JPG\" alt=\"\" width=\"250\" height=\"167\" \/><img loading=\"lazy\" src=\"http:\/\/terter-ih.gov.az\/userfiles\/images\/RIH_8722%20(%D0%9A%D0%BE%D0%BF%D0%B8%D1%80%D0%BE%D0%B2%D0%B0%D1%82%D1%8C).JPG\" alt=\"\" width=\"250\" height=\"167\" \/><\/p>\n<p><img loading=\"lazy\" src=\"http:\/\/terter-ih.gov.az\/userfiles\/images\/RIH_8724%20(%D0%9A%D0%BE%D0%BF%D0%B8%D1%80%D0%BE%D0%B2%D0%B0%D1%82%D1%8C).JPG\" alt=\"\" width=\"250\" height=\"167\" \/><img loading=\"lazy\" src=\"http:\/\/terter-ih.gov.az\/userfiles\/images\/RIH_8555%20(%D0%9A%D0%BE%D0%BF%D0%B8%D1%80%D0%BE%D0%B2%D0%B0%D1%82%D1%8C).JPG\" alt=\"\" width=\"250\" height=\"167\" \/><\/p>\n<p><img loading=\"lazy\" src=\"http:\/\/terter-ih.gov.az\/userfiles\/images\/RIH_8726%20(%D0%9A%D0%BE%D0%BF%D0%B8%D1%80%D0%BE%D0%B2%D0%B0%D1%82%D1%8C).JPG\" alt=\"\" width=\"250\" height=\"167\" \/><img loading=\"lazy\" src=\"http:\/\/terter-ih.gov.az\/userfiles\/images\/RIH_8592%20(%D0%9A%D0%BE%D0%BF%D0%B8%D1%80%D0%BE%D0%B2%D0%B0%D1%82%D1%8C).JPG\" alt=\"\" width=\"250\" height=\"167\" \/><\/p>\n<p><img loading=\"lazy\" src=\"http:\/\/terter-ih.gov.az\/userfiles\/images\/RIH_8546%20(%D0%9A%D0%BE%D0%BF%D0%B8%D1%80%D0%BE%D0%B2%D0%B0%D1%82%D1%8C)(1).JPG\" alt=\"\" width=\"250\" height=\"167\" \/><img loading=\"lazy\" src=\"http:\/\/terter-ih.gov.az\/userfiles\/images\/RIH_8576%20(%D0%9A%D0%BE%D0%BF%D0%B8%D1%80%D0%BE%D0%B2%D0%B0%D1%82%D1%8C).JPG\" alt=\"\" width=\"250\" height=\"167\" \/><\/p>\n<p><img loading=\"lazy\" src=\"http:\/\/terter-ih.gov.az\/userfiles\/images\/RIH_8531%20(%D0%9A%D0%BE%D0%BF%D0%B8%D1%80%D0%BE%D0%B2%D0%B0%D1%82%D1%8C).JPG\" alt=\"\" width=\"250\" height=\"167\" \/><\/p>\n","protected":false},"excerpt":{"rendered":"<p>Xalq\u0131m\u0131z\u0131n \u00fcmummilli lideri Heyd\u0259r \u018fliyevin anadan olmas\u0131n\u0131n 96-ci ild\u00f6n\u00fcm\u00fc T\u0259rt\u0259r rayonunda t\u0259nt\u0259n\u0259 il\u0259 qeyd olunub. ARANTV.AZ x\u0259b\u0259r verir ki, may\u0131n 10-da s\u0259h\u0259r saatlar\u0131nda minl\u0259rl\u0259 t\u0259rt\u0259rli rayonun m\u0259rk\u0259zi meydan\u0131nda Ulu \u00d6nd\u0259rin xatir\u0259sin\u0259 ucald\u0131lm\u0131\u015f abid\u0259 kompleksini ziyar\u0259t ed\u0259r\u0259k, \u00f6n\u00fcn\u0259 t\u0259r g\u00fcl-\u00e7i\u00e7\u0259k d\u0259st\u0259l\u0259ri d\u00fcz\u00fcb, dahi r\u0259hb\u0259r\u0259 \u00f6z h\u00f6rm\u0259t v\u0259 eht\u0131ram\u0131n\u0131, \u00fcm\u00fcmxalq m\u0259h\u0259bb\u0259tini n\u00fcmayi\u015f etdiribl\u0259r. \u018fvv\u0259lc\u0259 meydana topla\u015fan insan izdiham\u0131n\u0131n \u00f6n\u00fcnd\u0259 ged\u0259n rayon icra hakimiyy\u0259tinin ba\u015f\u00e7\u0131s\u0131 M\u00fcst\u0259qim M\u0259mm\u0259dov\u00a0 \u00fcmummilli lider Heyd\u0259r \u018fliyevin abid\u0259sini ziyar\u0259t edib, \u00f6n\u00fcn\u0259 t\u0259r g\u00fcl d\u0259st\u0259l\u0259ri qoydu. Sonra t\u0259dbir i\u015ftirak\u00e7\u0131lar\u0131 meydanda rayon m\u0259kt\u0259blil\u0259rinin haz\u0131rlad\u0131\u011f\u0131 Ulu \u00d6nd\u0259r\u0259 h\u0259sr olunmu\u015f r\u0259sm, \u0259l i\u015fl\u0259ri&hellip;<\/p>\n","protected":false},"author":2,"featured_media":56786,"comment_status":"closed","ping_status":"closed","sticky":false,"template":"","format":"standard","meta":{"om_disable_all_campaigns":false,"_monsterinsights_skip_tracking":false,"_monsterinsights_sitenote_active":false,"_monsterinsights_sitenote_note":"","_monsterinsights_sitenote_category":0},"categories":[1,2],"tags":[],"aioseo_notices":[],"gutentor_comment":0,"rttpg_featured_image_url":{"full":["https:\/\/arantv.az\/wp-content\/uploads\/2019\/05\/RIH_8618-\u041a\u043e\u043f\u0438\u0440\u043e\u0432\u0430\u0442\u044c.jpg",1024,684,false],"landscape":["https:\/\/arantv.az\/wp-content\/uploads\/2019\/05\/RIH_8618-\u041a\u043e\u043f\u0438\u0440\u043e\u0432\u0430\u0442\u044c.jpg",1024,684,false],"portraits":["https:\/\/arantv.az\/wp-content\/uploads\/2019\/05\/RIH_8618-\u041a\u043e\u043f\u0438\u0440\u043e\u0432\u0430\u0442\u044c.jpg",1024,684,false],"thumbnail":["https:\/\/arantv.az\/wp-content\/uploads\/2019\/05\/RIH_8618-\u041a\u043e\u043f\u0438\u0440\u043e\u0432\u0430\u0442\u044c-150x150.jpg",150,150,true],"medium":["https:\/\/arantv.az\/wp-content\/uploads\/2019\/05\/RIH_8618-\u041a\u043e\u043f\u0438\u0440\u043e\u0432\u0430\u0442\u044c-300x200.jpg",300,200,true],"large":["https:\/\/arantv.az\/wp-content\/uploads\/2019\/05\/RIH_8618-\u041a\u043e\u043f\u0438\u0440\u043e\u0432\u0430\u0442\u044c-1024x684.jpg",640,428,true],"1536x1536":["https:\/\/arantv.az\/wp-content\/uploads\/2019\/05\/RIH_8618-\u041a\u043e\u043f\u0438\u0440\u043e\u0432\u0430\u0442\u044c.jpg",1024,684,false],"2048x2048":["https:\/\/arantv.az\/wp-content\/uploads\/2019\/05\/RIH_8618-\u041a\u043e\u043f\u0438\u0440\u043e\u0432\u0430\u0442\u044c.jpg",1024,684,false],"post-thumbnail":["https:\/\/arantv.az\/wp-content\/uploads\/2019\/05\/RIH_8618-\u041a\u043e\u043f\u0438\u0440\u043e\u0432\u0430\u0442\u044c-240x172.jpg",240,172,true],"advps-thumb-one":["https:\/\/arantv.az\/wp-content\/uploads\/2019\/05\/RIH_8618-\u041a\u043e\u043f\u0438\u0440\u043e\u0432\u0430\u0442\u044c-1024x620.jpg",1024,620,true]},"rttpg_author":{"display_name":"V\u00fcsal Rafiqo\u011flu","author_link":"https:\/\/arantv.az\/?author=2"},"rttpg_comment":0,"rttpg_category":"<a href=\"https:\/\/arantv.az\/?cat=1\" rel=\"category\">C\u0259miyy\u0259t<\/a> <a href=\"https:\/\/arantv.az\/?cat=2\" rel=\"category\">Region X\u0259b\u0259rl\u0259ri<\/a>","rttpg_excerpt":"Xalq\u0131m\u0131z\u0131n \u00fcmummilli lideri Heyd\u0259r \u018fliyevin anadan olmas\u0131n\u0131n 96-ci ild\u00f6n\u00fcm\u00fc T\u0259rt\u0259r rayonunda t\u0259nt\u0259n\u0259 il\u0259 qeyd olunub. ARANTV.AZ x\u0259b\u0259r verir ki, may\u0131n 10-da s\u0259h\u0259r saatlar\u0131nda minl\u0259rl\u0259 t\u0259rt\u0259rli rayonun m\u0259rk\u0259zi meydan\u0131nda Ulu \u00d6nd\u0259rin xatir\u0259sin\u0259 ucald\u0131lm\u0131\u015f abid\u0259 kompleksini ziyar\u0259t ed\u0259r\u0259k, \u00f6n\u00fcn\u0259 t\u0259r g\u00fcl-\u00e7i\u00e7\u0259k d\u0259st\u0259l\u0259ri d\u00fcz\u00fcb, dahi r\u0259hb\u0259r\u0259 \u00f6z h\u00f6rm\u0259t v\u0259 eht\u0131ram\u0131n\u0131, \u00fcm\u00fcmxalq m\u0259h\u0259bb\u0259tini n\u00fcmayi\u015f etdiribl\u0259r. \u018fvv\u0259lc\u0259 meydana topla\u015fan insan&hellip;","_links":{"self":[{"href":"https:\/\/arantv.az\/index.php?rest_route=\/wp\/v2\/posts\/56785"}],"collection":[{"href":"https:\/\/arantv.az\/index.php?rest_route=\/wp\/v2\/posts"}],"about":[{"href":"https:\/\/arantv.az\/index.php?rest_route=\/wp\/v2\/types\/post"}],"author":[{"embeddable":true,"href":"https:\/\/arantv.az\/index.php?rest_route=\/wp\/v2\/users\/2"}],"replies":[{"embeddable":true,"href":"https:\/\/arantv.az\/index.php?rest_route=%2Fwp%2Fv2%2Fcomments&post=56785"}],"version-history":[{"count":0,"href":"https:\/\/arantv.az\/index.php?rest_route=\/wp\/v2\/posts\/56785\/revisions"}],"wp:featuredmedia":[{"embeddable":true,"href":"https:\/\/arantv.az\/index.php?rest_route=\/wp\/v2\/media\/56786"}],"wp:attachment":[{"href":"https:\/\/arantv.az\/index.php?rest_route=%2Fwp%2Fv2%2Fmedia&parent=56785"}],"wp:term":[{"taxonomy":"category","embeddable":true,"href":"https:\/\/arantv.az\/index.php?rest_route=%2Fwp%2Fv2%2Fcategories&post=56785"},{"taxonomy":"post_tag","embeddable":true,"href":"https:\/\/arantv.az\/index.php?rest_route=%2Fwp%2Fv2%2Ftags&post=56785"}],"curies":[{"name":"wp","href":"https:\/\/api.w.org\/{rel}","templated":true}]}}