{"id":56833,"date":"2019-05-10T16:24:23","date_gmt":"2019-05-10T13:24:23","guid":{"rendered":"http:\/\/arantv.az\/?p=56833"},"modified":"2019-05-10T16:24:23","modified_gmt":"2019-05-10T13:24:23","slug":"dost-agentliyi-olk%c9%99mizin-brendi-olacaq-nazir","status":"publish","type":"post","link":"https:\/\/arantv.az\/?p=56833","title":{"rendered":"\u201cDOST Agentliyi \u00f6lk\u0259mizin brendi olacaq\u201d &#8211; Nazir"},"content":{"rendered":"<p><strong>&#8220;Nec\u0259 ki, &#8220;<a class=\"kw-link\" title=\"ASAN xidm\u0259t x\u0259b\u0259rl\u0259ri\" href=\"https:\/\/metbuat.az\/news\/search?q=asan+xidm%C9%99t\" target=\"_blank\" rel=\"noopener\">ASAN xidm\u0259t<\/a>&#8221;\u00a0<a class=\"kw-link\" title=\"Az\u0259rbaycan x\u0259b\u0259rl\u0259ri\" href=\"https:\/\/metbuat.az\/news\/search?q=az%C9%99rbaycan\" target=\"_blank\" rel=\"noopener\">Az\u0259rbaycan<\/a>\u0131n brendin\u0259 \u00e7evrildi, DOST Agentliyi d\u0259 sosial sah\u0259d\u0259 \u00f6lk\u0259mizin brendi olacaq&#8221;.<\/strong><\/p>\n<p><strong>ARANTV.AZ<\/strong> x\u0259b\u0259r verir ki, bunu \u018fm\u0259k v\u0259 \u018fhalinin Sosial M\u00fcdafi\u0259si naziri Sahil Babayev deyib. Nazir bildirib ki, bu konsepsiyan\u0131n haz\u0131rlanmas\u0131 zaman\u0131 40-a yax\u0131n \u00f6lk\u0259nin t\u0259cr\u00fcb\u0259si \u00f6yr\u0259nilib, m\u00fcxt\u0259lif \u00f6lk\u0259l\u0259rd\u0259 olan bir p\u0259nc\u0259r\u0259 sisteml\u0259rin\u0259 bax\u0131l\u0131b.<\/p>\n<div id=\"AdviadNativeVideo0\" class=\"AdviadNativeVideo\"><\/div>\n<p>&#8220;Onlar\u0131n i\u00e7\u0259risind\u0259n \u0259n geni\u015f olan d\u00f6rd\u00fc tam \u015f\u0259kild\u0259 t\u0259r\u0259fimizd\u0259n t\u0259hlil edilib. DOST m\u0259rk\u0259zl\u0259ri \u015f\u0259b\u0259k\u0259sinin yaranmas\u0131 \u00e7ox \u00f6n\u0259mlidir. Sosial sah\u0259d\u0259 xidm\u0259tl\u0259r ayl\u0131q olaraq 2 milyon 800 min insan\u0131 \u0259hat\u0259 edir. \u00dcmimilikd\u0259 is\u0259 b\u00fct\u00fcn \u00f6lk\u0259 \u0259halisini \u0259hat\u0259 edir. \u00c7\u00fcnki insan do\u011fuldandan v\u0259fat ed\u0259n\u0259d\u0259k m\u00fcxt\u0259lif m\u0259rh\u0259l\u0259d\u0259 sosial xidm\u0259tl\u0259rl\u0259 rastla\u015f\u0131r&#8221;.metbuat.az<\/p>\n","protected":false},"excerpt":{"rendered":"<p>&#8220;Nec\u0259 ki, &#8220;ASAN xidm\u0259t&#8221;\u00a0Az\u0259rbaycan\u0131n brendin\u0259 \u00e7evrildi, DOST Agentliyi d\u0259 sosial sah\u0259d\u0259 \u00f6lk\u0259mizin brendi olacaq&#8221;. ARANTV.AZ x\u0259b\u0259r verir ki, bunu \u018fm\u0259k v\u0259 \u018fhalinin Sosial M\u00fcdafi\u0259si naziri Sahil Babayev deyib. Nazir bildirib ki, bu konsepsiyan\u0131n haz\u0131rlanmas\u0131 zaman\u0131 40-a yax\u0131n \u00f6lk\u0259nin t\u0259cr\u00fcb\u0259si \u00f6yr\u0259nilib, m\u00fcxt\u0259lif \u00f6lk\u0259l\u0259rd\u0259 olan bir p\u0259nc\u0259r\u0259 sisteml\u0259rin\u0259 bax\u0131l\u0131b. &#8220;Onlar\u0131n i\u00e7\u0259risind\u0259n \u0259n geni\u015f olan d\u00f6rd\u00fc tam \u015f\u0259kild\u0259 t\u0259r\u0259fimizd\u0259n t\u0259hlil edilib. DOST m\u0259rk\u0259zl\u0259ri \u015f\u0259b\u0259k\u0259sinin yaranmas\u0131 \u00e7ox \u00f6n\u0259mlidir. Sosial sah\u0259d\u0259 xidm\u0259tl\u0259r ayl\u0131q olaraq 2 milyon 800 min insan\u0131 \u0259hat\u0259 edir. \u00dcmimilikd\u0259 is\u0259 b\u00fct\u00fcn \u00f6lk\u0259 \u0259halisini \u0259hat\u0259 edir. \u00c7\u00fcnki insan do\u011fuldandan v\u0259fat ed\u0259n\u0259d\u0259k m\u00fcxt\u0259lif m\u0259rh\u0259l\u0259d\u0259&hellip;<\/p>\n","protected":false},"author":2,"featured_media":56834,"comment_status":"closed","ping_status":"closed","sticky":false,"template":"","format":"standard","meta":{"om_disable_all_campaigns":false,"_monsterinsights_skip_tracking":false,"_monsterinsights_sitenote_active":false,"_monsterinsights_sitenote_note":"","_monsterinsights_sitenote_category":0},"categories":[1],"tags":[],"aioseo_notices":[],"gutentor_comment":0,"rttpg_featured_image_url":{"full":["https:\/\/arantv.az\/wp-content\/uploads\/2019\/05\/1185027.jpg",734,489,false],"landscape":["https:\/\/arantv.az\/wp-content\/uploads\/2019\/05\/1185027.jpg",734,489,false],"portraits":["https:\/\/arantv.az\/wp-content\/uploads\/2019\/05\/1185027.jpg",734,489,false],"thumbnail":["https:\/\/arantv.az\/wp-content\/uploads\/2019\/05\/1185027-150x150.jpg",150,150,true],"medium":["https:\/\/arantv.az\/wp-content\/uploads\/2019\/05\/1185027-300x200.jpg",300,200,true],"large":["https:\/\/arantv.az\/wp-content\/uploads\/2019\/05\/1185027.jpg",640,426,false],"1536x1536":["https:\/\/arantv.az\/wp-content\/uploads\/2019\/05\/1185027.jpg",734,489,false],"2048x2048":["https:\/\/arantv.az\/wp-content\/uploads\/2019\/05\/1185027.jpg",734,489,false],"post-thumbnail":["https:\/\/arantv.az\/wp-content\/uploads\/2019\/05\/1185027-240x172.jpg",240,172,true],"advps-thumb-one":["https:\/\/arantv.az\/wp-content\/uploads\/2019\/05\/1185027.jpg",734,489,false]},"rttpg_author":{"display_name":"V\u00fcsal Rafiqo\u011flu","author_link":"https:\/\/arantv.az\/?author=2"},"rttpg_comment":0,"rttpg_category":"<a href=\"https:\/\/arantv.az\/?cat=1\" rel=\"category\">C\u0259miyy\u0259t<\/a>","rttpg_excerpt":"&#8220;Nec\u0259 ki, &#8220;ASAN xidm\u0259t&#8221;\u00a0Az\u0259rbaycan\u0131n brendin\u0259 \u00e7evrildi, DOST Agentliyi d\u0259 sosial sah\u0259d\u0259 \u00f6lk\u0259mizin brendi olacaq&#8221;. ARANTV.AZ x\u0259b\u0259r verir ki, bunu \u018fm\u0259k v\u0259 \u018fhalinin Sosial M\u00fcdafi\u0259si naziri Sahil Babayev deyib. Nazir bildirib ki, bu konsepsiyan\u0131n haz\u0131rlanmas\u0131 zaman\u0131 40-a yax\u0131n \u00f6lk\u0259nin t\u0259cr\u00fcb\u0259si \u00f6yr\u0259nilib, m\u00fcxt\u0259lif \u00f6lk\u0259l\u0259rd\u0259 olan bir p\u0259nc\u0259r\u0259 sisteml\u0259rin\u0259 bax\u0131l\u0131b. &#8220;Onlar\u0131n i\u00e7\u0259risind\u0259n \u0259n geni\u015f olan d\u00f6rd\u00fc tam \u015f\u0259kild\u0259&hellip;","_links":{"self":[{"href":"https:\/\/arantv.az\/index.php?rest_route=\/wp\/v2\/posts\/56833"}],"collection":[{"href":"https:\/\/arantv.az\/index.php?rest_route=\/wp\/v2\/posts"}],"about":[{"href":"https:\/\/arantv.az\/index.php?rest_route=\/wp\/v2\/types\/post"}],"author":[{"embeddable":true,"href":"https:\/\/arantv.az\/index.php?rest_route=\/wp\/v2\/users\/2"}],"replies":[{"embeddable":true,"href":"https:\/\/arantv.az\/index.php?rest_route=%2Fwp%2Fv2%2Fcomments&post=56833"}],"version-history":[{"count":0,"href":"https:\/\/arantv.az\/index.php?rest_route=\/wp\/v2\/posts\/56833\/revisions"}],"wp:featuredmedia":[{"embeddable":true,"href":"https:\/\/arantv.az\/index.php?rest_route=\/wp\/v2\/media\/56834"}],"wp:attachment":[{"href":"https:\/\/arantv.az\/index.php?rest_route=%2Fwp%2Fv2%2Fmedia&parent=56833"}],"wp:term":[{"taxonomy":"category","embeddable":true,"href":"https:\/\/arantv.az\/index.php?rest_route=%2Fwp%2Fv2%2Fcategories&post=56833"},{"taxonomy":"post_tag","embeddable":true,"href":"https:\/\/arantv.az\/index.php?rest_route=%2Fwp%2Fv2%2Ftags&post=56833"}],"curies":[{"name":"wp","href":"https:\/\/api.w.org\/{rel}","templated":true}]}}