{"id":56855,"date":"2019-05-10T16:39:18","date_gmt":"2019-05-10T13:39:18","guid":{"rendered":"http:\/\/arantv.az\/?p=56855"},"modified":"2019-05-10T16:39:18","modified_gmt":"2019-05-10T13:39:18","slug":"heyd%c9%99r-%c9%99liyev%c9%99-h%c9%99sr-olunmus-film-t%c9%99qdim-olundu","status":"publish","type":"post","link":"https:\/\/arantv.az\/?p=56855","title":{"rendered":"Heyd\u0259r \u018fliyev\u0259 h\u0259sr olunmu\u015f film t\u0259qdim olundu"},"content":{"rendered":"<p>Bu g\u00fcn G\u0259ncl\u0259r v\u0259 \u0130dman Nazirliyi v\u0259\u00a0Az\u0259rbaycan G\u0259ncl\u0259r Fondunun birg\u0259 t\u0259\u015fkilat\u00e7\u0131l\u0131\u011f\u0131 il\u0259 Bak\u0131 G\u0259ncl\u0259r M\u0259rk\u0259zind\u0259 Heyd\u0259r \u018fliyevin anadan olmas\u0131n\u0131n 96-c\u0131 ild\u00f6n\u00fcm\u00fcn\u0259 h\u0259sr olunmu\u015f \u201cHeyd\u0259r \u018fliyev &#8211; Az\u0259rbaycan g\u0259ncl\u0259rinin ilham m\u0259nb\u0259yi\u201d\u00a0adl\u0131 t\u0259dbir ke\u00e7irilib.<\/p>\n<p><strong>ARANTV.AZ\u00a0<\/strong>\u00a0x\u0259b\u0259r verir ki, t\u0259dbird\u0259 Prezident Administrasiyas\u0131 G\u0259ncl\u0259r\u00a0siyas\u0259ti v\u0259 idman m\u0259s\u0259l\u0259l\u0259ri \u015f\u00f6b\u0259sinin m\u00fcdiri, Birinci vitse-prezidentin k\u00f6m\u0259k\u00e7isi Yusuf M\u0259mm\u0259d\u0259liyev, G\u0259ncl\u0259r v\u0259 idman nazirinin m\u00fcavini Intiqam Babayev, G\u0259ncl\u0259r Fondunun icra\u00e7\u0131 direktoru F\u0259rid C\u0259f\u0259rov, T\u0259hsil nazirinin m\u00fcavini Firudin Qurbanov, mill\u0259t v\u0259kili \u015eahin Ismay\u0131lov, YAP G\u0259ncl\u0259r Birliyinin s\u0259dri Seymur Orucov v\u0259 \u201cSpace\u201d\u00a0M\u00fcst\u0259qil Teleradio \u015eirk\u0259tinin prezidenti, kinorejissor Vaqif Mustafayev v\u0259 300-d\u0259n art\u0131q g\u0259nc v\u0259 g\u0259ncl\u0259r t\u0259\u015fkilatlar\u0131n\u0131n n\u00fcmay\u0259nd\u0259l\u0259ri i\u015ftirak edib.<\/p>\n<p>T\u0259dbir Az\u0259rbaycan Respublikas\u0131n\u0131n d\u00f6vl\u0259t himninin s\u0259sl\u0259ndirilm\u0259si il\u0259 ba\u015flay\u0131b. Daha sonra y\u00fczl\u0259rl\u0259 g\u0259ncin i\u015ftirak\u0131 il\u0259 ke\u00e7irilmi\u015f Heyd\u0259r \u018fliyevin anadan olmas\u0131n\u0131n 96-c\u0131 ild\u00f6n\u00fcm\u00fcn\u0259 h\u0259sr olunmu\u015f fl\u0259\u015fmobun q\u0131sa video\u00e7arx\u0131 n\u00fcmayi\u015f olunub.<\/p>\n<p>T\u0259dbiri giri\u015f s\u00f6z\u00fc il\u0259 a\u00e7an Prezident Administrasiyas\u0131 G\u0259ncl\u0259r siyas\u0259ti v\u0259 idman m\u0259s\u0259l\u0259l\u0259ri \u015f\u00f6b\u0259sinin m\u00fcdiri, Birinci vitse-prezidentin k\u00f6m\u0259k\u00e7isi Yusuf M\u0259mm\u0259d\u0259liyev bildirib ki, Ulu \u00f6nd\u0259r Heyd\u0259r \u018fliyev mill\u0259tin taleyi \u00fc\u00e7\u00fcn b\u00f6y\u00fck \u0259h\u0259miyy\u0259t k\u0259sb ed\u0259n b\u00fct\u00fcn f\u0259aliyy\u0259t sah\u0259l\u0259rini, x\u00fcsusil\u0259 g\u0259ncl\u0259r siyas\u0259tini\u00a0h\u0259mi\u015f\u0259 diqq\u0259td\u0259 saxlay\u0131b. Onun \u00f6lk\u0259y\u0259 r\u0259hb\u0259rliyinin h\u0259r iki d\u00f6vr\u00fcnd\u0259\u00a0b\u00fct\u00fcn sah\u0259l\u0259r d\u00f6vl\u0259t s\u0259viyy\u0259sind\u0259 layiqli d\u0259y\u0259rini al\u0131b.<\/p>\n<p>T\u0259dbird\u0259 \u00e7\u0131x\u0131\u015f ed\u0259n G\u0259ncl\u0259r Fondunun icra\u00e7\u0131 direktoru F\u0259rid C\u0259f\u0259rov Az\u0259rbaycan\u0131n inki\u015faf\u0131 v\u0259 b\u00fct\u00fcn d\u00fcnyada tan\u0131nmas\u0131nda Heyd\u0259r \u018fliyevin misilsiz xidm\u0259tl\u0259rind\u0259n, el\u0259c\u0259 d\u0259, onun g\u0259ncl\u0259r\u0259 g\u00f6st\u0259rdiyi x\u00fcsusi diqq\u0259t v\u0259 qay\u011f\u0131dan dan\u0131\u015f\u0131b.<\/p>\n<p>\u00c7\u0131x\u0131\u015f ed\u0259n xalq artisti Vaqif Mustafayev Heyd\u0259r \u018fliyevl\u0259 ba\u011fl\u0131 xatir\u0259l\u0259rini b\u00f6l\u00fc\u015f\u00fcb. Sonda V.Mustafayevin \u00fcmummilli lider\u0259 h\u0259sr olunmu\u015f \u201c\u018fsl m\u0259h\u0259bb\u0259t haqq\u0131nda\u201d\u00a0s\u0259n\u0259dli filmi n\u00fcmayi\u015f olunub.oxu.az<\/p>\n","protected":false},"excerpt":{"rendered":"<p>Bu g\u00fcn G\u0259ncl\u0259r v\u0259 \u0130dman Nazirliyi v\u0259\u00a0Az\u0259rbaycan G\u0259ncl\u0259r Fondunun birg\u0259 t\u0259\u015fkilat\u00e7\u0131l\u0131\u011f\u0131 il\u0259 Bak\u0131 G\u0259ncl\u0259r M\u0259rk\u0259zind\u0259 Heyd\u0259r \u018fliyevin anadan olmas\u0131n\u0131n 96-c\u0131 ild\u00f6n\u00fcm\u00fcn\u0259 h\u0259sr olunmu\u015f \u201cHeyd\u0259r \u018fliyev &#8211; Az\u0259rbaycan g\u0259ncl\u0259rinin ilham m\u0259nb\u0259yi\u201d\u00a0adl\u0131 t\u0259dbir ke\u00e7irilib. ARANTV.AZ\u00a0\u00a0x\u0259b\u0259r verir ki, t\u0259dbird\u0259 Prezident Administrasiyas\u0131 G\u0259ncl\u0259r\u00a0siyas\u0259ti v\u0259 idman m\u0259s\u0259l\u0259l\u0259ri \u015f\u00f6b\u0259sinin m\u00fcdiri, Birinci vitse-prezidentin k\u00f6m\u0259k\u00e7isi Yusuf M\u0259mm\u0259d\u0259liyev, G\u0259ncl\u0259r v\u0259 idman nazirinin m\u00fcavini Intiqam Babayev, G\u0259ncl\u0259r Fondunun icra\u00e7\u0131 direktoru F\u0259rid C\u0259f\u0259rov, T\u0259hsil nazirinin m\u00fcavini Firudin Qurbanov, mill\u0259t v\u0259kili \u015eahin Ismay\u0131lov, YAP G\u0259ncl\u0259r Birliyinin s\u0259dri Seymur Orucov v\u0259 \u201cSpace\u201d\u00a0M\u00fcst\u0259qil Teleradio \u015eirk\u0259tinin prezidenti, kinorejissor Vaqif Mustafayev v\u0259 300-d\u0259n art\u0131q g\u0259nc v\u0259&hellip;<\/p>\n","protected":false},"author":2,"featured_media":56856,"comment_status":"closed","ping_status":"closed","sticky":false,"template":"","format":"standard","meta":{"om_disable_all_campaigns":false,"_monsterinsights_skip_tracking":false,"_monsterinsights_sitenote_active":false,"_monsterinsights_sitenote_note":"","_monsterinsights_sitenote_category":0},"categories":[4],"tags":[],"aioseo_notices":[],"gutentor_comment":0,"rttpg_featured_image_url":{"full":["https:\/\/arantv.az\/wp-content\/uploads\/2019\/05\/heyd\u00c9_r.jpg",620,465,false],"landscape":["https:\/\/arantv.az\/wp-content\/uploads\/2019\/05\/heyd\u00c9_r.jpg",620,465,false],"portraits":["https:\/\/arantv.az\/wp-content\/uploads\/2019\/05\/heyd\u00c9_r.jpg",620,465,false],"thumbnail":["https:\/\/arantv.az\/wp-content\/uploads\/2019\/05\/heyd\u00c9_r-150x150.jpg",150,150,true],"medium":["https:\/\/arantv.az\/wp-content\/uploads\/2019\/05\/heyd\u00c9_r-300x225.jpg",300,225,true],"large":["https:\/\/arantv.az\/wp-content\/uploads\/2019\/05\/heyd\u00c9_r.jpg",620,465,false],"1536x1536":["https:\/\/arantv.az\/wp-content\/uploads\/2019\/05\/heyd\u00c9_r.jpg",620,465,false],"2048x2048":["https:\/\/arantv.az\/wp-content\/uploads\/2019\/05\/heyd\u00c9_r.jpg",620,465,false],"post-thumbnail":["https:\/\/arantv.az\/wp-content\/uploads\/2019\/05\/heyd\u00c9_r-240x172.jpg",240,172,true],"advps-thumb-one":["https:\/\/arantv.az\/wp-content\/uploads\/2019\/05\/heyd\u00c9_r.jpg",620,465,false]},"rttpg_author":{"display_name":"V\u00fcsal Rafiqo\u011flu","author_link":"https:\/\/arantv.az\/?author=2"},"rttpg_comment":0,"rttpg_category":"<a href=\"https:\/\/arantv.az\/?cat=4\" rel=\"category\">Siyas\u0259t<\/a>","rttpg_excerpt":"Bu g\u00fcn G\u0259ncl\u0259r v\u0259 \u0130dman Nazirliyi v\u0259\u00a0Az\u0259rbaycan G\u0259ncl\u0259r Fondunun birg\u0259 t\u0259\u015fkilat\u00e7\u0131l\u0131\u011f\u0131 il\u0259 Bak\u0131 G\u0259ncl\u0259r M\u0259rk\u0259zind\u0259 Heyd\u0259r \u018fliyevin anadan olmas\u0131n\u0131n 96-c\u0131 ild\u00f6n\u00fcm\u00fcn\u0259 h\u0259sr olunmu\u015f \u201cHeyd\u0259r \u018fliyev &#8211; Az\u0259rbaycan g\u0259ncl\u0259rinin ilham m\u0259nb\u0259yi\u201d\u00a0adl\u0131 t\u0259dbir ke\u00e7irilib. ARANTV.AZ\u00a0\u00a0x\u0259b\u0259r verir ki, t\u0259dbird\u0259 Prezident Administrasiyas\u0131 G\u0259ncl\u0259r\u00a0siyas\u0259ti v\u0259 idman m\u0259s\u0259l\u0259l\u0259ri \u015f\u00f6b\u0259sinin m\u00fcdiri, Birinci vitse-prezidentin k\u00f6m\u0259k\u00e7isi Yusuf M\u0259mm\u0259d\u0259liyev, G\u0259ncl\u0259r v\u0259 idman nazirinin m\u00fcavini Intiqam&hellip;","_links":{"self":[{"href":"https:\/\/arantv.az\/index.php?rest_route=\/wp\/v2\/posts\/56855"}],"collection":[{"href":"https:\/\/arantv.az\/index.php?rest_route=\/wp\/v2\/posts"}],"about":[{"href":"https:\/\/arantv.az\/index.php?rest_route=\/wp\/v2\/types\/post"}],"author":[{"embeddable":true,"href":"https:\/\/arantv.az\/index.php?rest_route=\/wp\/v2\/users\/2"}],"replies":[{"embeddable":true,"href":"https:\/\/arantv.az\/index.php?rest_route=%2Fwp%2Fv2%2Fcomments&post=56855"}],"version-history":[{"count":0,"href":"https:\/\/arantv.az\/index.php?rest_route=\/wp\/v2\/posts\/56855\/revisions"}],"wp:featuredmedia":[{"embeddable":true,"href":"https:\/\/arantv.az\/index.php?rest_route=\/wp\/v2\/media\/56856"}],"wp:attachment":[{"href":"https:\/\/arantv.az\/index.php?rest_route=%2Fwp%2Fv2%2Fmedia&parent=56855"}],"wp:term":[{"taxonomy":"category","embeddable":true,"href":"https:\/\/arantv.az\/index.php?rest_route=%2Fwp%2Fv2%2Fcategories&post=56855"},{"taxonomy":"post_tag","embeddable":true,"href":"https:\/\/arantv.az\/index.php?rest_route=%2Fwp%2Fv2%2Ftags&post=56855"}],"curies":[{"name":"wp","href":"https:\/\/api.w.org\/{rel}","templated":true}]}}