{"id":56858,"date":"2019-05-10T16:40:26","date_gmt":"2019-05-10T13:40:26","guid":{"rendered":"http:\/\/arantv.az\/?p=56858"},"modified":"2019-05-10T16:40:26","modified_gmt":"2019-05-10T13:40:26","slug":"basci-s%c9%99hid-polisin-xanimini-niy%c9%99-q%c9%99bul-etm%c9%99yib-ozu-danisdi","status":"publish","type":"post","link":"https:\/\/arantv.az\/?p=56858","title":{"rendered":"Ba\u015f\u00e7\u0131 \u015f\u0259hid polisin xan\u0131m\u0131n\u0131 niy\u0259 q\u0259bul etm\u0259yib? &#8211; \u00d6z\u00fc DANI\u015eDI"},"content":{"rendered":"<p>Beyl\u0259qan Rayon \u0130cra Hakimiyy\u0259tinin (R\u0130H) ba\u015f\u00e7\u0131s\u0131 Asif A\u011fayev rayonun T\u00fcrkl\u0259r k\u0259ndinin sakini, Xocal\u0131n\u0131n m\u00fcdafi\u0259sind\u0259 \u015f\u0259hid olmu\u015f polis \u0259m\u0259kda\u015f\u0131 Abdulla H\u0259mz\u0259yevin h\u0259yat yolda\u015f\u0131 Mehriban B\u0259kirovan\u0131n q\u0259bula burax\u0131lmamas\u0131 il\u0259 ba\u011fl\u0131 m\u0259s\u0259l\u0259y\u0259 m\u00fcnasib\u0259t bildirib.<\/p>\n<p><b>ARANTV.AZ<\/b>-\u0131n m\u0259lumat\u0131na g\u00f6r\u0259, icra ba\u015f\u00e7\u0131s\u0131 Reporta-a a\u00e7\u0131qlamas\u0131nda bildirib ki, h\u0259min v\u0259t\u0259nda\u015f\u0131n m\u00fcraci\u0259tind\u0259n x\u0259b\u0259rsizdir v\u0259 bununla ba\u011fl\u0131 ara\u015fd\u0131rma aparacaq:<\/p>\n<div id=\"AdviadNativeVideo0\" class=\"AdviadNativeVideo\"><\/div>\n<p>&#8220;\u00dcmumiyy\u0259tl\u0259, h\u0259r h\u0259ft\u0259nin \u00fc\u00e7\u00fcnc\u00fc g\u00fcn\u00fc Beyl\u0259qan Rayon \u0130cra Hakimiyy\u0259tinin inzibati binas\u0131nda, h\u0259r h\u0259ft\u0259nin ikinci g\u00fcn\u00fc is\u0259 k\u0259ndl\u0259rd\u0259 s\u0259yyar q\u0259bullar ke\u00e7irir\u0259m. B\u00fct\u00fcn v\u0259t\u0259nda\u015flar \u015f\u0259xs\u0259n m\u0259n\u0259 m\u00fcraci\u0259t edirl\u0259r v\u0259 onlara k\u00f6m\u0259klik g\u00f6st\u0259rilir. H\u0259min v\u0259t\u0259nda\u015f\u0131n m\u00fcraci\u0259ti il\u0259 ba\u011fl\u0131 m\u0259nim m\u0259lumat\u0131m yoxdur v\u0259 bununla ba\u011fl\u0131 ara\u015fd\u0131rma apar\u0131lacaq. Bu bar\u0259d\u0259 m\u0259n\u0259 m\u0259lumat verm\u0259yibl\u0259r. He\u00e7 kim\u0259 q\u0259bulda i\u015ftirak etm\u0259kl\u0259 ba\u011fl\u0131 m\u0259hdudiyy\u0259t qoyulmay\u0131b .\u018fsas\u0259n Prezident \u0130lham \u018fliyevin tap\u015f\u0131r\u0131\u011f\u0131 il\u0259 azt\u0259minatl\u0131, \u015f\u0259hid v\u0259 Qaraba\u011f veteranlar\u0131n\u0131n ail\u0259l\u0259rin\u0259 x\u00fcsusi diqq\u0259t g\u00f6st\u0259rilir&#8221;.<\/p>\n<p>Qeyd ed\u0259k ki, jurnalist K\u0259rim K\u0259rimli Feysbukda M.B\u0259kirovan\u0131n m\u00fcraci\u0259tini yay\u0131b. \u0130ddiaya g\u00f6r\u0259, M.B\u0259kirova q\u0259bul g\u00fcn\u00fc icra ba\u015f\u00e7\u0131s\u0131n\u0131n q\u0259buluna gedib: &#8220;Q\u0259bul g\u00fcn\u00fc olsa da, onu sizin yan\u0131n\u0131za buraxmay\u0131blar, ona &#8220;deyibl\u0259r&#8221; ki, s\u0259nin \u015f\u0259hid olmu\u015f h\u0259yat yolda\u015f\u0131n Xocal\u0131da \u0259vv\u0259lc\u0259d\u0259n n\u00f6vb\u0259y\u0259 yaz\u0131l\u0131b, n\u00f6mr\u0259 g\u00f6t\u00fcr\u00fcb, gedib evind\u0259 oturub \u015f\u0259hid olmaq \u00fc\u00e7\u00fcn n\u00f6vb\u0259 g\u00f6zl\u0259yib v\u0259 n\u00f6vb\u0259si \u00e7atanda da \u015f\u0259hid olub. Ona g\u00f6r\u0259 d\u0259 s\u0259n d\u0259 indi burada \u0259vv\u0259lc\u0259 n\u00f6vb\u0259y\u0259 yaz\u0131lmal\u0131, m\u00fcvafiq n\u00f6mr\u0259 g\u00f6t\u00fcrm\u0259li v\u0259 gedib g\u00f6zl\u0259m\u0259lis\u0259n. Tez-tez biziml\u0259 \u0259laq\u0259 saxlamal\u0131san. N\u0259 vaxt, hans\u0131 q\u0259bul g\u00fcn\u00fc n\u00f6vb\u0259n \u00e7atsa, onda da s\u0259ni ba\u015f\u00e7\u0131n\u0131n q\u0259buluna buraxar\u0131q&#8221;.<\/p>\n","protected":false},"excerpt":{"rendered":"<p>Beyl\u0259qan Rayon \u0130cra Hakimiyy\u0259tinin (R\u0130H) ba\u015f\u00e7\u0131s\u0131 Asif A\u011fayev rayonun T\u00fcrkl\u0259r k\u0259ndinin sakini, Xocal\u0131n\u0131n m\u00fcdafi\u0259sind\u0259 \u015f\u0259hid olmu\u015f polis \u0259m\u0259kda\u015f\u0131 Abdulla H\u0259mz\u0259yevin h\u0259yat yolda\u015f\u0131 Mehriban B\u0259kirovan\u0131n q\u0259bula burax\u0131lmamas\u0131 il\u0259 ba\u011fl\u0131 m\u0259s\u0259l\u0259y\u0259 m\u00fcnasib\u0259t bildirib. ARANTV.AZ-\u0131n m\u0259lumat\u0131na g\u00f6r\u0259, icra ba\u015f\u00e7\u0131s\u0131 Reporta-a a\u00e7\u0131qlamas\u0131nda bildirib ki, h\u0259min v\u0259t\u0259nda\u015f\u0131n m\u00fcraci\u0259tind\u0259n x\u0259b\u0259rsizdir v\u0259 bununla ba\u011fl\u0131 ara\u015fd\u0131rma aparacaq: &#8220;\u00dcmumiyy\u0259tl\u0259, h\u0259r h\u0259ft\u0259nin \u00fc\u00e7\u00fcnc\u00fc g\u00fcn\u00fc Beyl\u0259qan Rayon \u0130cra Hakimiyy\u0259tinin inzibati binas\u0131nda, h\u0259r h\u0259ft\u0259nin ikinci g\u00fcn\u00fc is\u0259 k\u0259ndl\u0259rd\u0259 s\u0259yyar q\u0259bullar ke\u00e7irir\u0259m. B\u00fct\u00fcn v\u0259t\u0259nda\u015flar \u015f\u0259xs\u0259n m\u0259n\u0259 m\u00fcraci\u0259t edirl\u0259r v\u0259 onlara k\u00f6m\u0259klik g\u00f6st\u0259rilir. H\u0259min v\u0259t\u0259nda\u015f\u0131n m\u00fcraci\u0259ti il\u0259 ba\u011fl\u0131 m\u0259nim m\u0259lumat\u0131m yoxdur v\u0259 bununla ba\u011fl\u0131&hellip;<\/p>\n","protected":false},"author":2,"featured_media":56859,"comment_status":"closed","ping_status":"closed","sticky":false,"template":"","format":"standard","meta":{"om_disable_all_campaigns":false,"_monsterinsights_skip_tracking":false,"_monsterinsights_sitenote_active":false,"_monsterinsights_sitenote_note":"","_monsterinsights_sitenote_category":0},"categories":[1],"tags":[],"aioseo_notices":[],"gutentor_comment":0,"rttpg_featured_image_url":{"full":["https:\/\/arantv.az\/wp-content\/uploads\/2019\/05\/asif-icra.jpg",549,365,false],"landscape":["https:\/\/arantv.az\/wp-content\/uploads\/2019\/05\/asif-icra.jpg",549,365,false],"portraits":["https:\/\/arantv.az\/wp-content\/uploads\/2019\/05\/asif-icra.jpg",549,365,false],"thumbnail":["https:\/\/arantv.az\/wp-content\/uploads\/2019\/05\/asif-icra-150x150.jpg",150,150,true],"medium":["https:\/\/arantv.az\/wp-content\/uploads\/2019\/05\/asif-icra-300x199.jpg",300,199,true],"large":["https:\/\/arantv.az\/wp-content\/uploads\/2019\/05\/asif-icra.jpg",549,365,false],"1536x1536":["https:\/\/arantv.az\/wp-content\/uploads\/2019\/05\/asif-icra.jpg",549,365,false],"2048x2048":["https:\/\/arantv.az\/wp-content\/uploads\/2019\/05\/asif-icra.jpg",549,365,false],"post-thumbnail":["https:\/\/arantv.az\/wp-content\/uploads\/2019\/05\/asif-icra-240x172.jpg",240,172,true],"advps-thumb-one":["https:\/\/arantv.az\/wp-content\/uploads\/2019\/05\/asif-icra.jpg",549,365,false]},"rttpg_author":{"display_name":"V\u00fcsal Rafiqo\u011flu","author_link":"https:\/\/arantv.az\/?author=2"},"rttpg_comment":0,"rttpg_category":"<a href=\"https:\/\/arantv.az\/?cat=1\" rel=\"category\">C\u0259miyy\u0259t<\/a>","rttpg_excerpt":"Beyl\u0259qan Rayon \u0130cra Hakimiyy\u0259tinin (R\u0130H) ba\u015f\u00e7\u0131s\u0131 Asif A\u011fayev rayonun T\u00fcrkl\u0259r k\u0259ndinin sakini, Xocal\u0131n\u0131n m\u00fcdafi\u0259sind\u0259 \u015f\u0259hid olmu\u015f polis \u0259m\u0259kda\u015f\u0131 Abdulla H\u0259mz\u0259yevin h\u0259yat yolda\u015f\u0131 Mehriban B\u0259kirovan\u0131n q\u0259bula burax\u0131lmamas\u0131 il\u0259 ba\u011fl\u0131 m\u0259s\u0259l\u0259y\u0259 m\u00fcnasib\u0259t bildirib. ARANTV.AZ-\u0131n m\u0259lumat\u0131na g\u00f6r\u0259, icra ba\u015f\u00e7\u0131s\u0131 Reporta-a a\u00e7\u0131qlamas\u0131nda bildirib ki, h\u0259min v\u0259t\u0259nda\u015f\u0131n m\u00fcraci\u0259tind\u0259n x\u0259b\u0259rsizdir v\u0259 bununla ba\u011fl\u0131 ara\u015fd\u0131rma aparacaq: &#8220;\u00dcmumiyy\u0259tl\u0259, h\u0259r h\u0259ft\u0259nin \u00fc\u00e7\u00fcnc\u00fc g\u00fcn\u00fc Beyl\u0259qan&hellip;","_links":{"self":[{"href":"https:\/\/arantv.az\/index.php?rest_route=\/wp\/v2\/posts\/56858"}],"collection":[{"href":"https:\/\/arantv.az\/index.php?rest_route=\/wp\/v2\/posts"}],"about":[{"href":"https:\/\/arantv.az\/index.php?rest_route=\/wp\/v2\/types\/post"}],"author":[{"embeddable":true,"href":"https:\/\/arantv.az\/index.php?rest_route=\/wp\/v2\/users\/2"}],"replies":[{"embeddable":true,"href":"https:\/\/arantv.az\/index.php?rest_route=%2Fwp%2Fv2%2Fcomments&post=56858"}],"version-history":[{"count":0,"href":"https:\/\/arantv.az\/index.php?rest_route=\/wp\/v2\/posts\/56858\/revisions"}],"wp:featuredmedia":[{"embeddable":true,"href":"https:\/\/arantv.az\/index.php?rest_route=\/wp\/v2\/media\/56859"}],"wp:attachment":[{"href":"https:\/\/arantv.az\/index.php?rest_route=%2Fwp%2Fv2%2Fmedia&parent=56858"}],"wp:term":[{"taxonomy":"category","embeddable":true,"href":"https:\/\/arantv.az\/index.php?rest_route=%2Fwp%2Fv2%2Fcategories&post=56858"},{"taxonomy":"post_tag","embeddable":true,"href":"https:\/\/arantv.az\/index.php?rest_route=%2Fwp%2Fv2%2Ftags&post=56858"}],"curies":[{"name":"wp","href":"https:\/\/api.w.org\/{rel}","templated":true}]}}