{"id":56865,"date":"2019-05-11T08:22:01","date_gmt":"2019-05-11T05:22:01","guid":{"rendered":"http:\/\/arantv.az\/?p=56865"},"modified":"2019-05-11T08:22:01","modified_gmt":"2019-05-11T05:22:01","slug":"rasim-balayev-prezident-v%c9%99-xanimi-il%c9%99-gorusdu-fotolar","status":"publish","type":"post","link":"https:\/\/arantv.az\/?p=56865","title":{"rendered":"Rasim Balayev prezident v\u0259 xan\u0131m\u0131 il\u0259 g\u00f6r\u00fc\u015fd\u00fc &#8211; Fotolar"},"content":{"rendered":"<p><strong>Xalq artisti Rasim Balayev Prezident \u0130lham \u018fliyev v\u0259 birinci-vitse prezident Mehriban \u018fliyeva il\u0259 g\u00f6r\u00fc\u015f\u00fcb.<\/strong><\/p>\n<div id=\"AdributorNativeVideo0\" class=\"AdributorNativeVideo\"><\/div>\n<p><strong>ARANTV.AZ<\/strong>\u00a0 x\u0259b\u0259r verir ki, g\u00f6r\u00fc\u015f \u00dcmummilli lider Heyd\u0259r \u018fliyevin anadan olmas\u0131n\u0131n 96-c\u0131 ild\u00f6n\u00fcm\u00fcn\u0259 v\u0259 Heyd\u0259r \u018fliyev Fondunun yarad\u0131lmas\u0131n\u0131n 15 illiyin\u0259 h\u0259sr olunmu\u015f t\u0259nt\u0259n\u0259li m\u0259rasimd\u0259 ba\u015f tutub.<\/p>\n<p>Qeyd ed\u0259k ki, R.Balayev Prezident \u0130lham \u018fliyev v\u0259 birinci xan\u0131m Mehriban \u018fliyevan\u0131n mart\u0131n 1-d\u0259 m\u0259d\u0259niyy\u0259t v\u0259 inc\u0259s\u0259n\u0259t xadiml\u0259rinin bir qrupu il\u0259 g\u00f6r\u00fc\u015f\u00fcn\u0259 d\u0259v\u0259t edilm\u0259diyi \u00fc\u00e7\u00fcn m\u0259tbuata a\u00e7\u0131qlama vermi\u015fdi v\u0259 siyah\u0131n\u0131 haz\u0131rlayanlar\u0131n onu n\u0259z\u0259r\u0259 almad\u0131qlar\u0131n\u0131 vur\u011fulam\u0131\u015fd\u0131. Xalq artistinin bu a\u00e7\u0131qlamas\u0131ndan sonra \u00f6lk\u0259 prezidenti Rasim Balayevl\u0259 telefonla dan\u0131\u015f\u0131b v\u0259 bildirib ki, bu, siyah\u0131n\u0131 haz\u0131rlayanlar\u0131n g\u00fcnah\u0131d\u0131r, onun Rasim Balayev\u0259 olan m\u00fcnasib\u0259ti deyil.<\/p>\n<p><img src=\"https:\/\/axsam.az\/img\/pics\/large\/2019-05\/177243_doeo21ei74.jpg\" alt=\"\" align=\"baseline\" border=\"0\" hspace=\"0\" \/><\/p>\n<p><img src=\"https:\/\/axsam.az\/img\/pics\/large\/2019-05\/177244_8ntqvpgair.jpg\" alt=\"\" align=\"baseline\" border=\"0\" hspace=\"0\" \/><\/p>\n","protected":false},"excerpt":{"rendered":"<p>Xalq artisti Rasim Balayev Prezident \u0130lham \u018fliyev v\u0259 birinci-vitse prezident Mehriban \u018fliyeva il\u0259 g\u00f6r\u00fc\u015f\u00fcb. ARANTV.AZ\u00a0 x\u0259b\u0259r verir ki, g\u00f6r\u00fc\u015f \u00dcmummilli lider Heyd\u0259r \u018fliyevin anadan olmas\u0131n\u0131n 96-c\u0131 ild\u00f6n\u00fcm\u00fcn\u0259 v\u0259 Heyd\u0259r \u018fliyev Fondunun yarad\u0131lmas\u0131n\u0131n 15 illiyin\u0259 h\u0259sr olunmu\u015f t\u0259nt\u0259n\u0259li m\u0259rasimd\u0259 ba\u015f tutub. Qeyd ed\u0259k ki, R.Balayev Prezident \u0130lham \u018fliyev v\u0259 birinci xan\u0131m Mehriban \u018fliyevan\u0131n mart\u0131n 1-d\u0259 m\u0259d\u0259niyy\u0259t v\u0259 inc\u0259s\u0259n\u0259t xadiml\u0259rinin bir qrupu il\u0259 g\u00f6r\u00fc\u015f\u00fcn\u0259 d\u0259v\u0259t edilm\u0259diyi \u00fc\u00e7\u00fcn m\u0259tbuata a\u00e7\u0131qlama vermi\u015fdi v\u0259 siyah\u0131n\u0131 haz\u0131rlayanlar\u0131n onu n\u0259z\u0259r\u0259 almad\u0131qlar\u0131n\u0131 vur\u011fulam\u0131\u015fd\u0131. Xalq artistinin bu a\u00e7\u0131qlamas\u0131ndan sonra \u00f6lk\u0259 prezidenti Rasim Balayevl\u0259 telefonla dan\u0131\u015f\u0131b v\u0259 bildirib ki, bu,&hellip;<\/p>\n","protected":false},"author":2,"featured_media":56866,"comment_status":"closed","ping_status":"closed","sticky":false,"template":"","format":"standard","meta":{"om_disable_all_campaigns":false,"_monsterinsights_skip_tracking":false,"_monsterinsights_sitenote_active":false,"_monsterinsights_sitenote_note":"","_monsterinsights_sitenote_category":0},"categories":[4],"tags":[],"aioseo_notices":[],"gutentor_comment":0,"rttpg_featured_image_url":{"full":["https:\/\/arantv.az\/wp-content\/uploads\/2019\/05\/177245_c2pa1lckdr.jpg",748,483,false],"landscape":["https:\/\/arantv.az\/wp-content\/uploads\/2019\/05\/177245_c2pa1lckdr.jpg",748,483,false],"portraits":["https:\/\/arantv.az\/wp-content\/uploads\/2019\/05\/177245_c2pa1lckdr.jpg",748,483,false],"thumbnail":["https:\/\/arantv.az\/wp-content\/uploads\/2019\/05\/177245_c2pa1lckdr-150x150.jpg",150,150,true],"medium":["https:\/\/arantv.az\/wp-content\/uploads\/2019\/05\/177245_c2pa1lckdr-300x194.jpg",300,194,true],"large":["https:\/\/arantv.az\/wp-content\/uploads\/2019\/05\/177245_c2pa1lckdr.jpg",640,413,false],"1536x1536":["https:\/\/arantv.az\/wp-content\/uploads\/2019\/05\/177245_c2pa1lckdr.jpg",748,483,false],"2048x2048":["https:\/\/arantv.az\/wp-content\/uploads\/2019\/05\/177245_c2pa1lckdr.jpg",748,483,false],"post-thumbnail":["https:\/\/arantv.az\/wp-content\/uploads\/2019\/05\/177245_c2pa1lckdr-240x172.jpg",240,172,true],"advps-thumb-one":["https:\/\/arantv.az\/wp-content\/uploads\/2019\/05\/177245_c2pa1lckdr.jpg",748,483,false]},"rttpg_author":{"display_name":"V\u00fcsal Rafiqo\u011flu","author_link":"https:\/\/arantv.az\/?author=2"},"rttpg_comment":0,"rttpg_category":"<a href=\"https:\/\/arantv.az\/?cat=4\" rel=\"category\">Siyas\u0259t<\/a>","rttpg_excerpt":"Xalq artisti Rasim Balayev Prezident \u0130lham \u018fliyev v\u0259 birinci-vitse prezident Mehriban \u018fliyeva il\u0259 g\u00f6r\u00fc\u015f\u00fcb. ARANTV.AZ\u00a0 x\u0259b\u0259r verir ki, g\u00f6r\u00fc\u015f \u00dcmummilli lider Heyd\u0259r \u018fliyevin anadan olmas\u0131n\u0131n 96-c\u0131 ild\u00f6n\u00fcm\u00fcn\u0259 v\u0259 Heyd\u0259r \u018fliyev Fondunun yarad\u0131lmas\u0131n\u0131n 15 illiyin\u0259 h\u0259sr olunmu\u015f t\u0259nt\u0259n\u0259li m\u0259rasimd\u0259 ba\u015f tutub. Qeyd ed\u0259k ki, R.Balayev Prezident \u0130lham \u018fliyev v\u0259 birinci xan\u0131m Mehriban \u018fliyevan\u0131n mart\u0131n 1-d\u0259 m\u0259d\u0259niyy\u0259t&hellip;","_links":{"self":[{"href":"https:\/\/arantv.az\/index.php?rest_route=\/wp\/v2\/posts\/56865"}],"collection":[{"href":"https:\/\/arantv.az\/index.php?rest_route=\/wp\/v2\/posts"}],"about":[{"href":"https:\/\/arantv.az\/index.php?rest_route=\/wp\/v2\/types\/post"}],"author":[{"embeddable":true,"href":"https:\/\/arantv.az\/index.php?rest_route=\/wp\/v2\/users\/2"}],"replies":[{"embeddable":true,"href":"https:\/\/arantv.az\/index.php?rest_route=%2Fwp%2Fv2%2Fcomments&post=56865"}],"version-history":[{"count":0,"href":"https:\/\/arantv.az\/index.php?rest_route=\/wp\/v2\/posts\/56865\/revisions"}],"wp:featuredmedia":[{"embeddable":true,"href":"https:\/\/arantv.az\/index.php?rest_route=\/wp\/v2\/media\/56866"}],"wp:attachment":[{"href":"https:\/\/arantv.az\/index.php?rest_route=%2Fwp%2Fv2%2Fmedia&parent=56865"}],"wp:term":[{"taxonomy":"category","embeddable":true,"href":"https:\/\/arantv.az\/index.php?rest_route=%2Fwp%2Fv2%2Fcategories&post=56865"},{"taxonomy":"post_tag","embeddable":true,"href":"https:\/\/arantv.az\/index.php?rest_route=%2Fwp%2Fv2%2Ftags&post=56865"}],"curies":[{"name":"wp","href":"https:\/\/api.w.org\/{rel}","templated":true}]}}