{"id":56871,"date":"2019-05-11T08:24:13","date_gmt":"2019-05-11T05:24:13","guid":{"rendered":"http:\/\/arantv.az\/?p=56871"},"modified":"2019-05-11T08:24:13","modified_gmt":"2019-05-11T05:24:13","slug":"bu-m%c9%99shurlarin-ovladlari-prezident-mukafati-aldi","status":"publish","type":"post","link":"https:\/\/arantv.az\/?p=56871","title":{"rendered":"Bu m\u0259\u015fhurlar\u0131n \u00f6vladlar\u0131 Prezident m\u00fckafat\u0131 ald\u0131"},"content":{"rendered":"<p><strong>Bu g\u00fcn Prezident \u0130lham \u018fliyev bir \u00e7ox tan\u0131nm\u0131\u015f m\u0259d\u0259niyy\u0259 v\u0259 inc\u0259s\u0259n\u0259t xadimin\u0259 Prezidentin f\u0259rdi t\u0259qa\u00fcd\u00fcn\u00fc v\u0259 Prezident m\u00fckafat\u0131n\u0131 verib.<\/strong><\/p>\n<p><strong>ARANTV.AZ\u00a0<\/strong> x\u0259b\u0259r verir ki, Prezidentin f\u0259rdi t\u0259qa\u00fcd\u00fc v\u0259 Prezident m\u00fckafat\u0131na layiq g\u00f6r\u00fcl\u0259nl\u0259r s\u0131ras\u0131nda bir s\u0131ra m\u0259\u015fhurlar\u0131n \u00f6vlad\u0131 da var.<\/p>\n<p>Bel\u0259 ki, Prezidentin f\u0259rdi t\u0259qa\u00fcd\u00fcn\u00fc alan xalq artisti Akif \u0130slamzad\u0259 Sara Q\u0259dimovan\u0131n o\u011fludur.<\/p>\n<p>Prezident m\u00fckafat\u0131n\u0131 alanlar aras\u0131nda olan Yal\u00e7\u0131n Ad\u0131g\u00f6z\u0259lov Vasif Ad\u0131g\u00f6z\u0259lovun, C\u0259mil \u018fmirov Fikr\u0259t \u018fmirovun, Nazim Miri\u015fli Ramiz Miri\u015flinin, Ayan Mirqas\u0131mova is\u0259 Oqtay Mirqas\u0131movun \u00f6vlad\u0131d\u0131r.kult.az<\/p>\n","protected":false},"excerpt":{"rendered":"<p>Bu g\u00fcn Prezident \u0130lham \u018fliyev bir \u00e7ox tan\u0131nm\u0131\u015f m\u0259d\u0259niyy\u0259 v\u0259 inc\u0259s\u0259n\u0259t xadimin\u0259 Prezidentin f\u0259rdi t\u0259qa\u00fcd\u00fcn\u00fc v\u0259 Prezident m\u00fckafat\u0131n\u0131 verib. ARANTV.AZ\u00a0 x\u0259b\u0259r verir ki, Prezidentin f\u0259rdi t\u0259qa\u00fcd\u00fc v\u0259 Prezident m\u00fckafat\u0131na layiq g\u00f6r\u00fcl\u0259nl\u0259r s\u0131ras\u0131nda bir s\u0131ra m\u0259\u015fhurlar\u0131n \u00f6vlad\u0131 da var. Bel\u0259 ki, Prezidentin f\u0259rdi t\u0259qa\u00fcd\u00fcn\u00fc alan xalq artisti Akif \u0130slamzad\u0259 Sara Q\u0259dimovan\u0131n o\u011fludur. Prezident m\u00fckafat\u0131n\u0131 alanlar aras\u0131nda olan Yal\u00e7\u0131n Ad\u0131g\u00f6z\u0259lov Vasif Ad\u0131g\u00f6z\u0259lovun, C\u0259mil \u018fmirov Fikr\u0259t \u018fmirovun, Nazim Miri\u015fli Ramiz Miri\u015flinin, Ayan Mirqas\u0131mova is\u0259 Oqtay Mirqas\u0131movun \u00f6vlad\u0131d\u0131r.kult.az<\/p>\n","protected":false},"author":2,"featured_media":56872,"comment_status":"closed","ping_status":"closed","sticky":false,"template":"","format":"standard","meta":{"om_disable_all_campaigns":false,"_monsterinsights_skip_tracking":false,"_monsterinsights_sitenote_active":false,"_monsterinsights_sitenote_note":"","_monsterinsights_sitenote_category":0},"categories":[4],"tags":[],"aioseo_notices":[],"gutentor_comment":0,"rttpg_featured_image_url":{"full":["https:\/\/arantv.az\/wp-content\/uploads\/2019\/05\/ilham_aliyev_imza_251114.jpg",800,450,false],"landscape":["https:\/\/arantv.az\/wp-content\/uploads\/2019\/05\/ilham_aliyev_imza_251114.jpg",800,450,false],"portraits":["https:\/\/arantv.az\/wp-content\/uploads\/2019\/05\/ilham_aliyev_imza_251114.jpg",800,450,false],"thumbnail":["https:\/\/arantv.az\/wp-content\/uploads\/2019\/05\/ilham_aliyev_imza_251114-150x150.jpg",150,150,true],"medium":["https:\/\/arantv.az\/wp-content\/uploads\/2019\/05\/ilham_aliyev_imza_251114-300x169.jpg",300,169,true],"large":["https:\/\/arantv.az\/wp-content\/uploads\/2019\/05\/ilham_aliyev_imza_251114.jpg",640,360,false],"1536x1536":["https:\/\/arantv.az\/wp-content\/uploads\/2019\/05\/ilham_aliyev_imza_251114.jpg",800,450,false],"2048x2048":["https:\/\/arantv.az\/wp-content\/uploads\/2019\/05\/ilham_aliyev_imza_251114.jpg",800,450,false],"post-thumbnail":["https:\/\/arantv.az\/wp-content\/uploads\/2019\/05\/ilham_aliyev_imza_251114-240x172.jpg",240,172,true],"advps-thumb-one":["https:\/\/arantv.az\/wp-content\/uploads\/2019\/05\/ilham_aliyev_imza_251114.jpg",800,450,false]},"rttpg_author":{"display_name":"V\u00fcsal Rafiqo\u011flu","author_link":"https:\/\/arantv.az\/?author=2"},"rttpg_comment":0,"rttpg_category":"<a href=\"https:\/\/arantv.az\/?cat=4\" rel=\"category\">Siyas\u0259t<\/a>","rttpg_excerpt":"Bu g\u00fcn Prezident \u0130lham \u018fliyev bir \u00e7ox tan\u0131nm\u0131\u015f m\u0259d\u0259niyy\u0259 v\u0259 inc\u0259s\u0259n\u0259t xadimin\u0259 Prezidentin f\u0259rdi t\u0259qa\u00fcd\u00fcn\u00fc v\u0259 Prezident m\u00fckafat\u0131n\u0131 verib. ARANTV.AZ\u00a0 x\u0259b\u0259r verir ki, Prezidentin f\u0259rdi t\u0259qa\u00fcd\u00fc v\u0259 Prezident m\u00fckafat\u0131na layiq g\u00f6r\u00fcl\u0259nl\u0259r s\u0131ras\u0131nda bir s\u0131ra m\u0259\u015fhurlar\u0131n \u00f6vlad\u0131 da var. Bel\u0259 ki, Prezidentin f\u0259rdi t\u0259qa\u00fcd\u00fcn\u00fc alan xalq artisti Akif \u0130slamzad\u0259 Sara Q\u0259dimovan\u0131n o\u011fludur. Prezident m\u00fckafat\u0131n\u0131 alanlar aras\u0131nda&hellip;","_links":{"self":[{"href":"https:\/\/arantv.az\/index.php?rest_route=\/wp\/v2\/posts\/56871"}],"collection":[{"href":"https:\/\/arantv.az\/index.php?rest_route=\/wp\/v2\/posts"}],"about":[{"href":"https:\/\/arantv.az\/index.php?rest_route=\/wp\/v2\/types\/post"}],"author":[{"embeddable":true,"href":"https:\/\/arantv.az\/index.php?rest_route=\/wp\/v2\/users\/2"}],"replies":[{"embeddable":true,"href":"https:\/\/arantv.az\/index.php?rest_route=%2Fwp%2Fv2%2Fcomments&post=56871"}],"version-history":[{"count":0,"href":"https:\/\/arantv.az\/index.php?rest_route=\/wp\/v2\/posts\/56871\/revisions"}],"wp:featuredmedia":[{"embeddable":true,"href":"https:\/\/arantv.az\/index.php?rest_route=\/wp\/v2\/media\/56872"}],"wp:attachment":[{"href":"https:\/\/arantv.az\/index.php?rest_route=%2Fwp%2Fv2%2Fmedia&parent=56871"}],"wp:term":[{"taxonomy":"category","embeddable":true,"href":"https:\/\/arantv.az\/index.php?rest_route=%2Fwp%2Fv2%2Fcategories&post=56871"},{"taxonomy":"post_tag","embeddable":true,"href":"https:\/\/arantv.az\/index.php?rest_route=%2Fwp%2Fv2%2Ftags&post=56871"}],"curies":[{"name":"wp","href":"https:\/\/api.w.org\/{rel}","templated":true}]}}