{"id":56874,"date":"2019-05-11T08:25:03","date_gmt":"2019-05-11T05:25:03","guid":{"rendered":"http:\/\/arantv.az\/?p=56874"},"modified":"2019-05-11T08:25:03","modified_gmt":"2019-05-11T05:25:03","slug":"ilham-%c9%99liyev-m%c9%99n-o-vaxt-seckiqabagi-soz-vermisdim-ki-5-il-%c9%99rzind%c9%99","status":"publish","type":"post","link":"https:\/\/arantv.az\/?p=56874","title":{"rendered":"\u0130lham \u018fliyev: M\u0259n o vaxt se\u00e7kiqaba\u011f\u0131 s\u00f6z vermi\u015fdim ki, 5 il \u0259rzind\u0259&#8230;"},"content":{"rendered":"<p><strong>Xalq\u0131n bizim siyas\u0259t\u0259 g\u00f6st\u0259rdiyi d\u0259st\u0259k biz\u0259 g\u00fcc verir v\u0259 eyni zamanda, imkan verir ki, islahatlar\u0131 d\u0259rinl\u0259\u015fdir\u0259k.<\/strong><\/p>\n<p><b>ARANTV.AZ\u00a0<\/b>x\u0259b\u0259r verir ki, bunu Az\u0259rbaycan Prezidenti \u0130lham \u018fliyev may\u0131n 10-da Az\u0259rbaycan xalq\u0131n\u0131n \u00fcmummilli lideri Heyd\u0259r \u018fliyevin anadan olmas\u0131n\u0131n 96-c\u0131 ild\u00f6n\u00fcm\u00fcn\u0259 v\u0259 Heyd\u0259r \u018fliyev Fondunun yarad\u0131lmas\u0131n\u0131n 15 illiyin\u0259 h\u0259sr olunmu\u015f t\u0259nt\u0259n\u0259li m\u0259rasimd\u0259 \u00e7\u0131x\u0131\u015f\u0131 zaman\u0131 deyib.<\/p>\n<p>Prezident \u0130lham \u018fliyev bildirib ki, uzun ill\u0259rdir ki, Az\u0259rbaycanda sabitlik t\u0259min edilir. Sabitliyin t\u0259minat\u00e7\u0131s\u0131 Az\u0259rbaycan xalq\u0131d\u0131r:<\/p>\n<p>&#8220;Xalq\u0131n bizim siyas\u0259t\u0259 g\u00f6st\u0259rdiyi d\u0259st\u0259k biz\u0259 g\u00fcc verir v\u0259 eyni zamanda, imkan verir ki, islahatlar\u0131 d\u0259rinl\u0259\u015fdir\u0259k v\u0259 Az\u0259rbaycan\u0131n u\u011furlu dayan\u0131ql\u0131 inki\u015faf\u0131n\u0131 t\u0259min ed\u0259k.<\/p>\n<p>Sabitlik h\u0259r bir \u00f6lk\u0259 \u00fc\u00e7\u00fcn x\u00fcsusi \u0259h\u0259miyy\u0259t da\u015f\u0131y\u0131r. D\u00fcnyaya, beyn\u0259lxalq m\u0259nz\u0259r\u0259y\u0259 bax\u0131n. Harada ki, sabitlik pozulur, \u00f6lk\u0259l\u0259r geriy\u0259 gedir, idar\u0259olunmaz v\u0259ziyy\u0259t\u0259 d\u00fc\u015f\u00fcr, \u00f6lk\u0259l\u0259rd\u0259 xo\u015fag\u0259lm\u0259z prosesl\u0259r ba\u015flay\u0131r, xarici t\u0259sir art\u0131r, daxili \u00e7\u0259ki\u015fm\u0259l\u0259r ba\u015f verir v\u0259 \u00f6lk\u0259l\u0259r \u00f6z g\u0259l\u0259c\u0259yini itirir. Son ill\u0259r \u0259rzind\u0259 sabitliyi pozulan \u00f6lk\u0259l\u0259rin bug\u00fcnk\u00fc m\u0259nz\u0259r\u0259sin\u0259 n\u0259z\u0259r sal\u0131n. N\u0259 g\u00f6r\u0259c\u0259yik? M\u00fcharib\u0259, qarda\u015f qan\u0131n\u0131n t\u00f6k\u00fclm\u0259si, da\u011f\u0131lm\u0131\u015f \u015f\u0259h\u0259rl\u0259r, s\u0131radan \u00e7\u0131xm\u0131\u015f infrastruktur, iflic v\u0259ziyy\u0259t\u0259 d\u00fc\u015fm\u00fc\u015f s\u0259naye, milyonlarla qa\u00e7q\u0131n-k\u00f6\u00e7k\u00fcn, \u00e7ad\u0131r \u015f\u0259h\u0259rcikl\u0259ri, o \u015f\u0259h\u0259rcikl\u0259r ki, biz onlardan 2007-ci ild\u0259 xilas olmu\u015fuq. M\u0259n o vaxt se\u00e7kiqaba\u011f\u0131 s\u00f6z vermi\u015fdim ki, 5 il \u0259rzind\u0259 bir d\u0259n\u0259 d\u0259 olsun \u00e7ad\u0131r \u015f\u0259h\u0259rciyi qalmayacaq. Bunu biz 4 il\u0259 etdik. Y\u0259ni, sabitliyin pozulmas\u0131 buna g\u0259tirib \u00e7\u0131xar\u0131r. H\u0259r bir insan bilm\u0259lidir ki, sabitlik b\u00f6y\u00fck s\u0259rv\u0259tdir. Biz bunu \u00e7ox b\u00f6y\u00fck f\u0259dakarl\u0131q g\u00f6st\u0259r\u0259r\u0259k \u0259ld\u0259 etmi\u015fik&#8221;.publika.az<\/p>\n","protected":false},"excerpt":{"rendered":"<p>Xalq\u0131n bizim siyas\u0259t\u0259 g\u00f6st\u0259rdiyi d\u0259st\u0259k biz\u0259 g\u00fcc verir v\u0259 eyni zamanda, imkan verir ki, islahatlar\u0131 d\u0259rinl\u0259\u015fdir\u0259k. ARANTV.AZ\u00a0x\u0259b\u0259r verir ki, bunu Az\u0259rbaycan Prezidenti \u0130lham \u018fliyev may\u0131n 10-da Az\u0259rbaycan xalq\u0131n\u0131n \u00fcmummilli lideri Heyd\u0259r \u018fliyevin anadan olmas\u0131n\u0131n 96-c\u0131 ild\u00f6n\u00fcm\u00fcn\u0259 v\u0259 Heyd\u0259r \u018fliyev Fondunun yarad\u0131lmas\u0131n\u0131n 15 illiyin\u0259 h\u0259sr olunmu\u015f t\u0259nt\u0259n\u0259li m\u0259rasimd\u0259 \u00e7\u0131x\u0131\u015f\u0131 zaman\u0131 deyib. Prezident \u0130lham \u018fliyev bildirib ki, uzun ill\u0259rdir ki, Az\u0259rbaycanda sabitlik t\u0259min edilir. Sabitliyin t\u0259minat\u00e7\u0131s\u0131 Az\u0259rbaycan xalq\u0131d\u0131r: &#8220;Xalq\u0131n bizim siyas\u0259t\u0259 g\u00f6st\u0259rdiyi d\u0259st\u0259k biz\u0259 g\u00fcc verir v\u0259 eyni zamanda, imkan verir ki, islahatlar\u0131 d\u0259rinl\u0259\u015fdir\u0259k v\u0259 Az\u0259rbaycan\u0131n u\u011furlu dayan\u0131ql\u0131 inki\u015faf\u0131n\u0131 t\u0259min ed\u0259k. Sabitlik&hellip;<\/p>\n","protected":false},"author":2,"featured_media":56875,"comment_status":"closed","ping_status":"closed","sticky":false,"template":"","format":"standard","meta":{"om_disable_all_campaigns":false,"_monsterinsights_skip_tracking":false,"_monsterinsights_sitenote_active":false,"_monsterinsights_sitenote_note":"","_monsterinsights_sitenote_category":0},"categories":[4],"tags":[],"aioseo_notices":[],"gutentor_comment":0,"rttpg_featured_image_url":{"full":["https:\/\/arantv.az\/wp-content\/uploads\/2019\/05\/15575169852137832640_1000x669.jpg",800,450,false],"landscape":["https:\/\/arantv.az\/wp-content\/uploads\/2019\/05\/15575169852137832640_1000x669.jpg",800,450,false],"portraits":["https:\/\/arantv.az\/wp-content\/uploads\/2019\/05\/15575169852137832640_1000x669.jpg",800,450,false],"thumbnail":["https:\/\/arantv.az\/wp-content\/uploads\/2019\/05\/15575169852137832640_1000x669-150x150.jpg",150,150,true],"medium":["https:\/\/arantv.az\/wp-content\/uploads\/2019\/05\/15575169852137832640_1000x669-300x169.jpg",300,169,true],"large":["https:\/\/arantv.az\/wp-content\/uploads\/2019\/05\/15575169852137832640_1000x669.jpg",640,360,false],"1536x1536":["https:\/\/arantv.az\/wp-content\/uploads\/2019\/05\/15575169852137832640_1000x669.jpg",800,450,false],"2048x2048":["https:\/\/arantv.az\/wp-content\/uploads\/2019\/05\/15575169852137832640_1000x669.jpg",800,450,false],"post-thumbnail":["https:\/\/arantv.az\/wp-content\/uploads\/2019\/05\/15575169852137832640_1000x669-240x172.jpg",240,172,true],"advps-thumb-one":["https:\/\/arantv.az\/wp-content\/uploads\/2019\/05\/15575169852137832640_1000x669.jpg",800,450,false]},"rttpg_author":{"display_name":"V\u00fcsal Rafiqo\u011flu","author_link":"https:\/\/arantv.az\/?author=2"},"rttpg_comment":0,"rttpg_category":"<a href=\"https:\/\/arantv.az\/?cat=4\" rel=\"category\">Siyas\u0259t<\/a>","rttpg_excerpt":"Xalq\u0131n bizim siyas\u0259t\u0259 g\u00f6st\u0259rdiyi d\u0259st\u0259k biz\u0259 g\u00fcc verir v\u0259 eyni zamanda, imkan verir ki, islahatlar\u0131 d\u0259rinl\u0259\u015fdir\u0259k. ARANTV.AZ\u00a0x\u0259b\u0259r verir ki, bunu Az\u0259rbaycan Prezidenti \u0130lham \u018fliyev may\u0131n 10-da Az\u0259rbaycan xalq\u0131n\u0131n \u00fcmummilli lideri Heyd\u0259r \u018fliyevin anadan olmas\u0131n\u0131n 96-c\u0131 ild\u00f6n\u00fcm\u00fcn\u0259 v\u0259 Heyd\u0259r \u018fliyev Fondunun yarad\u0131lmas\u0131n\u0131n 15 illiyin\u0259 h\u0259sr olunmu\u015f t\u0259nt\u0259n\u0259li m\u0259rasimd\u0259 \u00e7\u0131x\u0131\u015f\u0131 zaman\u0131 deyib. Prezident \u0130lham \u018fliyev bildirib ki,&hellip;","_links":{"self":[{"href":"https:\/\/arantv.az\/index.php?rest_route=\/wp\/v2\/posts\/56874"}],"collection":[{"href":"https:\/\/arantv.az\/index.php?rest_route=\/wp\/v2\/posts"}],"about":[{"href":"https:\/\/arantv.az\/index.php?rest_route=\/wp\/v2\/types\/post"}],"author":[{"embeddable":true,"href":"https:\/\/arantv.az\/index.php?rest_route=\/wp\/v2\/users\/2"}],"replies":[{"embeddable":true,"href":"https:\/\/arantv.az\/index.php?rest_route=%2Fwp%2Fv2%2Fcomments&post=56874"}],"version-history":[{"count":0,"href":"https:\/\/arantv.az\/index.php?rest_route=\/wp\/v2\/posts\/56874\/revisions"}],"wp:featuredmedia":[{"embeddable":true,"href":"https:\/\/arantv.az\/index.php?rest_route=\/wp\/v2\/media\/56875"}],"wp:attachment":[{"href":"https:\/\/arantv.az\/index.php?rest_route=%2Fwp%2Fv2%2Fmedia&parent=56874"}],"wp:term":[{"taxonomy":"category","embeddable":true,"href":"https:\/\/arantv.az\/index.php?rest_route=%2Fwp%2Fv2%2Fcategories&post=56874"},{"taxonomy":"post_tag","embeddable":true,"href":"https:\/\/arantv.az\/index.php?rest_route=%2Fwp%2Fv2%2Ftags&post=56874"}],"curies":[{"name":"wp","href":"https:\/\/api.w.org\/{rel}","templated":true}]}}