{"id":56877,"date":"2019-05-11T08:25:59","date_gmt":"2019-05-11T05:25:59","guid":{"rendered":"http:\/\/arantv.az\/?p=56877"},"modified":"2019-05-11T08:25:59","modified_gmt":"2019-05-11T05:25:59","slug":"heyd%c9%99r-%c9%99liyevin-xatir%c9%99si-almaniyada-yad-edildi","status":"publish","type":"post","link":"https:\/\/arantv.az\/?p=56877","title":{"rendered":"Heyd\u0259r \u018fliyevin xatir\u0259si Almaniyada yad edildi"},"content":{"rendered":"<p><strong>\u00dcmummilli lider Heyd\u0259r \u018fliyevin xatir\u0259si Az\u0259rbaycan\u0131n Almaniyadak\u0131 s\u0259firliyind\u0259 yad edilib.<\/strong><\/p>\n<p><b>ARANTV.AZ\u00a0<\/b>x\u0259b\u0259r verir ki, s\u0259fir Ramin H\u0259s\u0259nov Ulu \u00d6nd\u0259rin xalq\u0131m\u0131z\u0131n h\u0259yat\u0131nda, m\u00fcst\u0259qil d\u00f6vl\u0259t\u00e7ilik tariximizd\u0259 misilsiz rolundan b\u0259hs edib.<\/p>\n<p>O, cari il 10 may tarixinin dahi \u015f\u0259xsiyy\u0259tin anadan olmas\u0131n\u0131n 96-c\u0131 ild\u00f6n\u00fcm\u00fc oldu\u011funu v\u0259 onun \u0259ziz xatir\u0259sinin xalq\u0131m\u0131z\u0131n yadda\u015f\u0131nda silinm\u0259z izl\u0259r buraxd\u0131\u011f\u0131n\u0131 v\u0259 daim ya\u015fad\u0131\u011f\u0131n\u0131 vur\u011fulay\u0131b.publika.az<\/p>\n","protected":false},"excerpt":{"rendered":"<p>\u00dcmummilli lider Heyd\u0259r \u018fliyevin xatir\u0259si Az\u0259rbaycan\u0131n Almaniyadak\u0131 s\u0259firliyind\u0259 yad edilib. ARANTV.AZ\u00a0x\u0259b\u0259r verir ki, s\u0259fir Ramin H\u0259s\u0259nov Ulu \u00d6nd\u0259rin xalq\u0131m\u0131z\u0131n h\u0259yat\u0131nda, m\u00fcst\u0259qil d\u00f6vl\u0259t\u00e7ilik tariximizd\u0259 misilsiz rolundan b\u0259hs edib. O, cari il 10 may tarixinin dahi \u015f\u0259xsiyy\u0259tin anadan olmas\u0131n\u0131n 96-c\u0131 ild\u00f6n\u00fcm\u00fc oldu\u011funu v\u0259 onun \u0259ziz xatir\u0259sinin xalq\u0131m\u0131z\u0131n yadda\u015f\u0131nda silinm\u0259z izl\u0259r buraxd\u0131\u011f\u0131n\u0131 v\u0259 daim ya\u015fad\u0131\u011f\u0131n\u0131 vur\u011fulay\u0131b.publika.az<\/p>\n","protected":false},"author":2,"featured_media":56878,"comment_status":"closed","ping_status":"closed","sticky":false,"template":"","format":"standard","meta":{"om_disable_all_campaigns":false,"_monsterinsights_skip_tracking":false,"_monsterinsights_sitenote_active":false,"_monsterinsights_sitenote_note":"","_monsterinsights_sitenote_category":0},"categories":[4],"tags":[],"aioseo_notices":[],"gutentor_comment":0,"rttpg_featured_image_url":{"full":["https:\/\/arantv.az\/wp-content\/uploads\/2019\/05\/15575129765860213948_1000x669.jpg",800,450,false],"landscape":["https:\/\/arantv.az\/wp-content\/uploads\/2019\/05\/15575129765860213948_1000x669.jpg",800,450,false],"portraits":["https:\/\/arantv.az\/wp-content\/uploads\/2019\/05\/15575129765860213948_1000x669.jpg",800,450,false],"thumbnail":["https:\/\/arantv.az\/wp-content\/uploads\/2019\/05\/15575129765860213948_1000x669-150x150.jpg",150,150,true],"medium":["https:\/\/arantv.az\/wp-content\/uploads\/2019\/05\/15575129765860213948_1000x669-300x169.jpg",300,169,true],"large":["https:\/\/arantv.az\/wp-content\/uploads\/2019\/05\/15575129765860213948_1000x669.jpg",640,360,false],"1536x1536":["https:\/\/arantv.az\/wp-content\/uploads\/2019\/05\/15575129765860213948_1000x669.jpg",800,450,false],"2048x2048":["https:\/\/arantv.az\/wp-content\/uploads\/2019\/05\/15575129765860213948_1000x669.jpg",800,450,false],"post-thumbnail":["https:\/\/arantv.az\/wp-content\/uploads\/2019\/05\/15575129765860213948_1000x669-240x172.jpg",240,172,true],"advps-thumb-one":["https:\/\/arantv.az\/wp-content\/uploads\/2019\/05\/15575129765860213948_1000x669.jpg",800,450,false]},"rttpg_author":{"display_name":"V\u00fcsal Rafiqo\u011flu","author_link":"https:\/\/arantv.az\/?author=2"},"rttpg_comment":0,"rttpg_category":"<a href=\"https:\/\/arantv.az\/?cat=4\" rel=\"category\">Siyas\u0259t<\/a>","rttpg_excerpt":"\u00dcmummilli lider Heyd\u0259r \u018fliyevin xatir\u0259si Az\u0259rbaycan\u0131n Almaniyadak\u0131 s\u0259firliyind\u0259 yad edilib. ARANTV.AZ\u00a0x\u0259b\u0259r verir ki, s\u0259fir Ramin H\u0259s\u0259nov Ulu \u00d6nd\u0259rin xalq\u0131m\u0131z\u0131n h\u0259yat\u0131nda, m\u00fcst\u0259qil d\u00f6vl\u0259t\u00e7ilik tariximizd\u0259 misilsiz rolundan b\u0259hs edib. O, cari il 10 may tarixinin dahi \u015f\u0259xsiyy\u0259tin anadan olmas\u0131n\u0131n 96-c\u0131 ild\u00f6n\u00fcm\u00fc oldu\u011funu v\u0259 onun \u0259ziz xatir\u0259sinin xalq\u0131m\u0131z\u0131n yadda\u015f\u0131nda silinm\u0259z izl\u0259r buraxd\u0131\u011f\u0131n\u0131 v\u0259 daim ya\u015fad\u0131\u011f\u0131n\u0131 vur\u011fulay\u0131b.publika.az","_links":{"self":[{"href":"https:\/\/arantv.az\/index.php?rest_route=\/wp\/v2\/posts\/56877"}],"collection":[{"href":"https:\/\/arantv.az\/index.php?rest_route=\/wp\/v2\/posts"}],"about":[{"href":"https:\/\/arantv.az\/index.php?rest_route=\/wp\/v2\/types\/post"}],"author":[{"embeddable":true,"href":"https:\/\/arantv.az\/index.php?rest_route=\/wp\/v2\/users\/2"}],"replies":[{"embeddable":true,"href":"https:\/\/arantv.az\/index.php?rest_route=%2Fwp%2Fv2%2Fcomments&post=56877"}],"version-history":[{"count":0,"href":"https:\/\/arantv.az\/index.php?rest_route=\/wp\/v2\/posts\/56877\/revisions"}],"wp:featuredmedia":[{"embeddable":true,"href":"https:\/\/arantv.az\/index.php?rest_route=\/wp\/v2\/media\/56878"}],"wp:attachment":[{"href":"https:\/\/arantv.az\/index.php?rest_route=%2Fwp%2Fv2%2Fmedia&parent=56877"}],"wp:term":[{"taxonomy":"category","embeddable":true,"href":"https:\/\/arantv.az\/index.php?rest_route=%2Fwp%2Fv2%2Fcategories&post=56877"},{"taxonomy":"post_tag","embeddable":true,"href":"https:\/\/arantv.az\/index.php?rest_route=%2Fwp%2Fv2%2Ftags&post=56877"}],"curies":[{"name":"wp","href":"https:\/\/api.w.org\/{rel}","templated":true}]}}