{"id":56880,"date":"2019-05-11T08:26:53","date_gmt":"2019-05-11T05:26:53","guid":{"rendered":"http:\/\/arantv.az\/?p=56880"},"modified":"2019-05-11T08:26:53","modified_gmt":"2019-05-11T05:26:53","slug":"ramazanin-6-ci-gununun-duasi-imsak-v%c9%99-iftar-vaxti","status":"publish","type":"post","link":"https:\/\/arantv.az\/?p=56880","title":{"rendered":"Ramazan\u0131n 6-c\u0131 g\u00fcn\u00fcn\u00fcn duas\u0131, imsak v\u0259 iftar vaxt\u0131"},"content":{"rendered":"<p><strong>Sabah Ramazan ay\u0131n\u0131n alt\u0131nc\u0131 g\u00fcn\u00fcd\u00fcr.<\/strong><\/p>\n<p><strong>ARANTV.AZ<\/strong>-\u0131n m\u0259lumat\u0131na g\u00f6r\u0259, Qafqaz M\u00fcs\u0259lmanlar\u0131 \u0130dar\u0259sinin a\u00e7\u0131qlad\u0131\u011f\u0131 Ramazan t\u0259qvimin\u0259 \u0259sas\u0259n, may\u0131n 11-d\u0259 Bak\u0131da imsak saat 03:49, iftar is\u0259 saat 20:01-d\u0259dir.<\/p>\n<p><em><strong>Ramazan ay\u0131n\u0131n 6-c\u0131 g\u00fcn\u00fcn\u00fcn duas\u0131:<\/strong><\/em><\/p>\n<p>&#8220;Allahumm\u0259 la t\u0259xzulni fihi li-t\u0259\u0259rr\u00fczi m\u0259-siy\u0259tik. V\u0259 la t\u0259zribni bisiyati n\u0259qim\u0259tik. V\u0259 z\u0259hzihni fihi min mucibati s\u0259x\u0259tik. Bim\u0259nnik\u0259 v\u0259 \u0259yadik\u0259 ya munt\u0259ha r\u0259\u011fb\u0259tir-ra\u011fibin&#8221;.<\/p>\n<p><strong><em>T\u0259rc\u00fcm\u0259si:<\/em><\/strong><\/p>\n<div id=\"AdviadNativeVideo0\" class=\"AdviadNativeVideo\">&#8220;\u0130lahi, bu ayda m\u0259ni S\u0259n\u0259 asiliy\u0259 m\u0259ruz qoymaqla r\u00fcsvay etm\u0259, \u00d6z c\u0259za qam\u00e7\u0131nla m\u0259ni vurma, \u00d6z l\u00fctf\u00fcn v\u0259 k\u00f6m\u0259yin say\u0259sind\u0259 S\u0259nin q\u0259z\u0259bini do\u011furacaq \u015feyl\u0259rd\u0259n bu ayda m\u0259ni uzaq et, ey r\u0259\u011fb\u0259t b\u0259sl\u0259y\u0259nl\u0259rin R\u0259\u011fb\u0259tlisi&#8221;.<strong>Allah orucunuzu q\u0259bul etsin!<\/strong><\/p>\n<\/div>\n","protected":false},"excerpt":{"rendered":"<p>Sabah Ramazan ay\u0131n\u0131n alt\u0131nc\u0131 g\u00fcn\u00fcd\u00fcr. ARANTV.AZ-\u0131n m\u0259lumat\u0131na g\u00f6r\u0259, Qafqaz M\u00fcs\u0259lmanlar\u0131 \u0130dar\u0259sinin a\u00e7\u0131qlad\u0131\u011f\u0131 Ramazan t\u0259qvimin\u0259 \u0259sas\u0259n, may\u0131n 11-d\u0259 Bak\u0131da imsak saat 03:49, iftar is\u0259 saat 20:01-d\u0259dir. Ramazan ay\u0131n\u0131n 6-c\u0131 g\u00fcn\u00fcn\u00fcn duas\u0131: &#8220;Allahumm\u0259 la t\u0259xzulni fihi li-t\u0259\u0259rr\u00fczi m\u0259-siy\u0259tik. V\u0259 la t\u0259zribni bisiyati n\u0259qim\u0259tik. V\u0259 z\u0259hzihni fihi min mucibati s\u0259x\u0259tik. Bim\u0259nnik\u0259 v\u0259 \u0259yadik\u0259 ya munt\u0259ha r\u0259\u011fb\u0259tir-ra\u011fibin&#8221;. T\u0259rc\u00fcm\u0259si: &#8220;\u0130lahi, bu ayda m\u0259ni S\u0259n\u0259 asiliy\u0259 m\u0259ruz qoymaqla r\u00fcsvay etm\u0259, \u00d6z c\u0259za qam\u00e7\u0131nla m\u0259ni vurma, \u00d6z l\u00fctf\u00fcn v\u0259 k\u00f6m\u0259yin say\u0259sind\u0259 S\u0259nin q\u0259z\u0259bini do\u011furacaq \u015feyl\u0259rd\u0259n bu ayda m\u0259ni uzaq et, ey r\u0259\u011fb\u0259t b\u0259sl\u0259y\u0259nl\u0259rin R\u0259\u011fb\u0259tlisi&#8221;.Allah orucunuzu q\u0259bul etsin!<\/p>\n","protected":false},"author":2,"featured_media":56881,"comment_status":"closed","ping_status":"closed","sticky":false,"template":"","format":"standard","meta":{"om_disable_all_campaigns":false,"_monsterinsights_skip_tracking":false,"_monsterinsights_sitenote_active":false,"_monsterinsights_sitenote_note":"","_monsterinsights_sitenote_category":0},"categories":[1],"tags":[],"aioseo_notices":[],"gutentor_comment":0,"rttpg_featured_image_url":{"full":["https:\/\/arantv.az\/wp-content\/uploads\/2019\/05\/ramazan_ayi.jpg",800,450,false],"landscape":["https:\/\/arantv.az\/wp-content\/uploads\/2019\/05\/ramazan_ayi.jpg",800,450,false],"portraits":["https:\/\/arantv.az\/wp-content\/uploads\/2019\/05\/ramazan_ayi.jpg",800,450,false],"thumbnail":["https:\/\/arantv.az\/wp-content\/uploads\/2019\/05\/ramazan_ayi-150x150.jpg",150,150,true],"medium":["https:\/\/arantv.az\/wp-content\/uploads\/2019\/05\/ramazan_ayi-300x169.jpg",300,169,true],"large":["https:\/\/arantv.az\/wp-content\/uploads\/2019\/05\/ramazan_ayi.jpg",640,360,false],"1536x1536":["https:\/\/arantv.az\/wp-content\/uploads\/2019\/05\/ramazan_ayi.jpg",800,450,false],"2048x2048":["https:\/\/arantv.az\/wp-content\/uploads\/2019\/05\/ramazan_ayi.jpg",800,450,false],"post-thumbnail":["https:\/\/arantv.az\/wp-content\/uploads\/2019\/05\/ramazan_ayi-240x172.jpg",240,172,true],"advps-thumb-one":["https:\/\/arantv.az\/wp-content\/uploads\/2019\/05\/ramazan_ayi.jpg",800,450,false]},"rttpg_author":{"display_name":"V\u00fcsal Rafiqo\u011flu","author_link":"https:\/\/arantv.az\/?author=2"},"rttpg_comment":0,"rttpg_category":"<a href=\"https:\/\/arantv.az\/?cat=1\" rel=\"category\">C\u0259miyy\u0259t<\/a>","rttpg_excerpt":"Sabah Ramazan ay\u0131n\u0131n alt\u0131nc\u0131 g\u00fcn\u00fcd\u00fcr. ARANTV.AZ-\u0131n m\u0259lumat\u0131na g\u00f6r\u0259, Qafqaz M\u00fcs\u0259lmanlar\u0131 \u0130dar\u0259sinin a\u00e7\u0131qlad\u0131\u011f\u0131 Ramazan t\u0259qvimin\u0259 \u0259sas\u0259n, may\u0131n 11-d\u0259 Bak\u0131da imsak saat 03:49, iftar is\u0259 saat 20:01-d\u0259dir. Ramazan ay\u0131n\u0131n 6-c\u0131 g\u00fcn\u00fcn\u00fcn duas\u0131: &#8220;Allahumm\u0259 la t\u0259xzulni fihi li-t\u0259\u0259rr\u00fczi m\u0259-siy\u0259tik. V\u0259 la t\u0259zribni bisiyati n\u0259qim\u0259tik. V\u0259 z\u0259hzihni fihi min mucibati s\u0259x\u0259tik. Bim\u0259nnik\u0259 v\u0259 \u0259yadik\u0259 ya munt\u0259ha r\u0259\u011fb\u0259tir-ra\u011fibin&#8221;. T\u0259rc\u00fcm\u0259si: &#8220;\u0130lahi,&hellip;","_links":{"self":[{"href":"https:\/\/arantv.az\/index.php?rest_route=\/wp\/v2\/posts\/56880"}],"collection":[{"href":"https:\/\/arantv.az\/index.php?rest_route=\/wp\/v2\/posts"}],"about":[{"href":"https:\/\/arantv.az\/index.php?rest_route=\/wp\/v2\/types\/post"}],"author":[{"embeddable":true,"href":"https:\/\/arantv.az\/index.php?rest_route=\/wp\/v2\/users\/2"}],"replies":[{"embeddable":true,"href":"https:\/\/arantv.az\/index.php?rest_route=%2Fwp%2Fv2%2Fcomments&post=56880"}],"version-history":[{"count":0,"href":"https:\/\/arantv.az\/index.php?rest_route=\/wp\/v2\/posts\/56880\/revisions"}],"wp:featuredmedia":[{"embeddable":true,"href":"https:\/\/arantv.az\/index.php?rest_route=\/wp\/v2\/media\/56881"}],"wp:attachment":[{"href":"https:\/\/arantv.az\/index.php?rest_route=%2Fwp%2Fv2%2Fmedia&parent=56880"}],"wp:term":[{"taxonomy":"category","embeddable":true,"href":"https:\/\/arantv.az\/index.php?rest_route=%2Fwp%2Fv2%2Fcategories&post=56880"},{"taxonomy":"post_tag","embeddable":true,"href":"https:\/\/arantv.az\/index.php?rest_route=%2Fwp%2Fv2%2Ftags&post=56880"}],"curies":[{"name":"wp","href":"https:\/\/api.w.org\/{rel}","templated":true}]}}