{"id":56893,"date":"2019-05-11T08:39:36","date_gmt":"2019-05-11T05:39:36","guid":{"rendered":"http:\/\/arantv.az\/?p=56893"},"modified":"2019-05-11T08:39:36","modified_gmt":"2019-05-11T05:39:36","slug":"prezident-ilham-%c9%99liyev-az%c9%99rbaycan-xalqi-hec-vaxt-imkan-verm%c9%99z-ki-antimilli-x%c9%99yan%c9%99tkar-unsurl%c9%99r-az%c9%99rbaycanda-n%c9%99-is%c9%99-%c9%99ld%c9%99-etsinl%c9%99r","status":"publish","type":"post","link":"https:\/\/arantv.az\/?p=56893","title":{"rendered":"Prezident \u0130lham \u018fliyev: &#8220;Az\u0259rbaycan xalq\u0131 he\u00e7 vaxt imkan verm\u0259z ki, antimilli, x\u0259yan\u0259tkar \u00fcns\u00fcrl\u0259r Az\u0259rbaycanda n\u0259 is\u0259 \u0259ld\u0259 etsinl\u0259r&#8221;"},"content":{"rendered":"<p>Az\u0259rbaycan xalq\u0131 he\u00e7 vaxt imkan verm\u0259z ki, antimilli, x\u0259yan\u0259tkar \u00fcns\u00fcrl\u0259r Az\u0259rbaycanda n\u0259 is\u0259 \u0259ld\u0259 etsinl\u0259r.<\/p>\n<p><strong>ARANTV.AZ<\/strong> az\u0259rtac-a istinad\u0259n bildirir ki, bunu Az\u0259rbaycan Prezidenti \u0130lham \u018fliyev may\u0131n 10-da Az\u0259rbaycan xalq\u0131n\u0131n \u00fcmummilli lideri Heyd\u0259r \u018fliyevin anadan olmas\u0131n\u0131n 96-c\u0131 ild\u00f6n\u00fcm\u00fcn\u0259 v\u0259 Heyd\u0259r \u018fliyev Fondunun yarad\u0131lmas\u0131n\u0131n 15 illiyin\u0259 h\u0259sr olunmu\u015f t\u0259nt\u0259n\u0259li m\u0259rasimd\u0259 \u00e7\u0131x\u0131\u015f\u0131 zaman\u0131 deyib.<\/p>\n<p>D\u00f6vl\u0259t ba\u015f\u00e7\u0131s\u0131 qeyd edib ki, 1992-ci ild\u0259 hakimiyy\u0259ti qanunsuz yollarla z\u0259bt etmi\u015f AXC-M\u00fcsavat c\u00fctl\u00fcy\u00fc \u00f6lk\u0259mizi, g\u0259nc, m\u00fcst\u0259qil d\u00f6vl\u0259ti u\u00e7uruma apar\u0131rd\u0131:<\/p>\n<p>&#8220;Xaos, anarxiya, \u00f6zba\u015f\u0131nal\u0131q, total b\u00f6hran h\u00f6km s\u00fcr\u00fcrd\u00fc, talan\u00e7\u0131l\u0131q, r\u00fc\u015fv\u0259txorluq ba\u015f al\u0131b gedirdi, \u00f6lk\u0259 idar\u0259olunmaz v\u0259ziyy\u0259t\u0259 d\u00fc\u015fm\u00fc\u015fd\u00fc. Siyasi, iqtisadi, h\u0259rbi b\u00f6hran g\u0259nc d\u00f6vl\u0259tin dayaqlar\u0131n\u0131 sars\u0131d\u0131rd\u0131. Az\u0259rbaycan xalq\u0131 bu x\u0259yan\u0259tkar hakimiyy\u0259t\u0259 bir il d\u00f6z\u0259 bildi. Bir ild\u0259n sonra onlar tarixin arxivin\u0259 g\u00f6nd\u0259rildi. O vaxt torpaqlar\u0131m\u0131z i\u015f\u011fal alt\u0131na d\u00fc\u015fd\u00fc. \u015eu\u015fa, La\u00e7\u0131n, K\u0259lb\u0259c\u0259r rayonlar\u0131n\u0131n i\u015f\u011fal alt\u0131na d\u00fc\u015fm\u0259si Erm\u0259nistanla Da\u011fl\u0131q Qaraba\u011f aras\u0131nda co\u011frafi \u0259laq\u0259 yaratd\u0131&#8221;.<\/p>\n<p>Prezident \u0130lham \u018fliyev bildirib: &#8220;Yad\u0131m\u0131za 1990-c\u0131 ill\u0259rin \u0259vv\u0259ll\u0259rini salaq. N\u0259l\u0259r ba\u015f verirdi? Az\u0259rbaycan idar\u0259olunmaz v\u0259ziyy\u0259td\u0259 idi, Az\u0259rbaycan m\u00fcst\u0259qil siyas\u0259t apara bilmirdi. M\u00fcxt\u0259lif \u00e7axna\u015fmalar, toqqu\u015fmalar \u00f6lk\u0259mizi tamamil\u0259 iflic v\u0259ziyy\u0259t\u0259 salm\u0131\u015fd\u0131. Bundan istifad\u0259 ed\u0259n Erm\u0259nistan torpaqlar\u0131m\u0131z\u0131 z\u0259bt etdi. \u018fg\u0259r o vaxt Az\u0259rbaycanda sabitlik olsayd\u0131 v\u0259 \u0259g\u0259r o vaxt Heyd\u0259r \u018fliyev kimi \u015f\u0259xsiyy\u0259t Az\u0259rbaycan\u0131n r\u0259hb\u0259ri olsayd\u0131, he\u00e7 vaxt torpaqlar\u0131m\u0131z i\u015f\u011fal alt\u0131na d\u00fc\u015f\u0259 bilm\u0259zdi. Ona g\u00f6r\u0259 biz bilm\u0259liyik ki, sabitliyin m\u00f6vcudlu\u011fu Az\u0259rbaycan\u0131n, g\u0259nc n\u0259slin xo\u015fb\u0259xt g\u0259l\u0259c\u0259yidir. Bir daha dem\u0259k ist\u0259yir\u0259m ki, Az\u0259rbaycanda sabitlik m\u00f6hk\u0259m qorunur. D\u00fczd\u00fcr, b\u0259zi c\u0259hdl\u0259r g\u00f6st\u0259rilir, tam iflasa d\u00fc\u00e7ar olmu\u015f b\u0259zi qrupla\u015fmalar, hans\u0131lar ki, Az\u0259rbaycan\u0131 1990-c\u0131 ill\u0259rd\u0259 b\u0259rbad v\u0259ziyy\u0259t\u0259 qoydular, h\u0259min d\u0259st\u0259l\u0259r yen\u0259 d\u0259 n\u0259 is\u0259 \u0259ld\u0259 etm\u0259y\u0259 \u00e7al\u0131\u015f\u0131rlar. \u0130ndi onlar\u0131n m\u00fcbariz\u0259 \u00fcsulu yalan, \u015f\u0259r, b\u00f6htan, uydurma, iftirad\u0131r. Onlar\u0131n bundan ba\u015fqa m\u00fcbariz\u0259 \u00fcsulu yoxdur v\u0259 m\u00fcxt\u0259lif media vasit\u0259l\u0259rind\u0259n istifad\u0259 ed\u0259r\u0259k \u00f6lk\u0259miz\u0259 qara yax\u0131rlar. H\u0259m \u00f6lk\u0259 daxilind\u0259, h\u0259m d\u0259 xaricd\u0259 \u00e7ox eyb\u0259c\u0259r bir m\u0259nz\u0259r\u0259 yaratma\u011fa \u00e7al\u0131\u015f\u0131rlar. Az\u0259rbaycan xalq\u0131 onlar\u0131 yax\u015f\u0131 tan\u0131y\u0131r. M\u0259hz onlar Az\u0259rbaycan\u0131 b\u0259rbad v\u0259ziyy\u0259t\u0259 qoydular, onlar \u00f6lk\u0259mizi da\u011f\u0131td\u0131lar, onlar v\u0259t\u0259nda\u015f m\u00fcharib\u0259sin\u0259 start verdil\u0259r, qarda\u015f qan\u0131 t\u00f6kd\u00fcl\u0259r. Az\u0259rbaycan xalq\u0131 he\u00e7 vaxt imkan verm\u0259z ki, antimilli, x\u0259yan\u0259tkar \u00fcns\u00fcrl\u0259r Az\u0259rbaycanda n\u0259 is\u0259 \u0259ld\u0259 etsinl\u0259r. Az\u0259rbaycan xalq\u0131 m\u00fcdrik xalqd\u0131r v\u0259 h\u0259r \u015feyi yax\u015f\u0131 bilir&#8221;.<\/p>\n","protected":false},"excerpt":{"rendered":"<p>Az\u0259rbaycan xalq\u0131 he\u00e7 vaxt imkan verm\u0259z ki, antimilli, x\u0259yan\u0259tkar \u00fcns\u00fcrl\u0259r Az\u0259rbaycanda n\u0259 is\u0259 \u0259ld\u0259 etsinl\u0259r. ARANTV.AZ az\u0259rtac-a istinad\u0259n bildirir ki, bunu Az\u0259rbaycan Prezidenti \u0130lham \u018fliyev may\u0131n 10-da Az\u0259rbaycan xalq\u0131n\u0131n \u00fcmummilli lideri Heyd\u0259r \u018fliyevin anadan olmas\u0131n\u0131n 96-c\u0131 ild\u00f6n\u00fcm\u00fcn\u0259 v\u0259 Heyd\u0259r \u018fliyev Fondunun yarad\u0131lmas\u0131n\u0131n 15 illiyin\u0259 h\u0259sr olunmu\u015f t\u0259nt\u0259n\u0259li m\u0259rasimd\u0259 \u00e7\u0131x\u0131\u015f\u0131 zaman\u0131 deyib. D\u00f6vl\u0259t ba\u015f\u00e7\u0131s\u0131 qeyd edib ki, 1992-ci ild\u0259 hakimiyy\u0259ti qanunsuz yollarla z\u0259bt etmi\u015f AXC-M\u00fcsavat c\u00fctl\u00fcy\u00fc \u00f6lk\u0259mizi, g\u0259nc, m\u00fcst\u0259qil d\u00f6vl\u0259ti u\u00e7uruma apar\u0131rd\u0131: &#8220;Xaos, anarxiya, \u00f6zba\u015f\u0131nal\u0131q, total b\u00f6hran h\u00f6km s\u00fcr\u00fcrd\u00fc, talan\u00e7\u0131l\u0131q, r\u00fc\u015fv\u0259txorluq ba\u015f al\u0131b gedirdi, \u00f6lk\u0259 idar\u0259olunmaz v\u0259ziyy\u0259t\u0259 d\u00fc\u015fm\u00fc\u015fd\u00fc. Siyasi, iqtisadi, h\u0259rbi&hellip;<\/p>\n","protected":false},"author":2,"featured_media":56894,"comment_status":"closed","ping_status":"closed","sticky":false,"template":"","format":"standard","meta":{"om_disable_all_campaigns":false,"_monsterinsights_skip_tracking":false,"_monsterinsights_sitenote_active":false,"_monsterinsights_sitenote_note":"","_monsterinsights_sitenote_category":0},"categories":[4],"tags":[],"aioseo_notices":[],"gutentor_comment":0,"rttpg_featured_image_url":{"full":["https:\/\/arantv.az\/wp-content\/uploads\/2019\/05\/753897.jpg",1280,1009,false],"landscape":["https:\/\/arantv.az\/wp-content\/uploads\/2019\/05\/753897.jpg",1280,1009,false],"portraits":["https:\/\/arantv.az\/wp-content\/uploads\/2019\/05\/753897.jpg",1280,1009,false],"thumbnail":["https:\/\/arantv.az\/wp-content\/uploads\/2019\/05\/753897-150x150.jpg",150,150,true],"medium":["https:\/\/arantv.az\/wp-content\/uploads\/2019\/05\/753897-300x236.jpg",300,236,true],"large":["https:\/\/arantv.az\/wp-content\/uploads\/2019\/05\/753897-1024x807.jpg",640,504,true],"1536x1536":["https:\/\/arantv.az\/wp-content\/uploads\/2019\/05\/753897.jpg",1280,1009,false],"2048x2048":["https:\/\/arantv.az\/wp-content\/uploads\/2019\/05\/753897.jpg",1280,1009,false],"post-thumbnail":["https:\/\/arantv.az\/wp-content\/uploads\/2019\/05\/753897-240x172.jpg",240,172,true],"advps-thumb-one":["https:\/\/arantv.az\/wp-content\/uploads\/2019\/05\/753897-1200x620.jpg",1200,620,true]},"rttpg_author":{"display_name":"V\u00fcsal Rafiqo\u011flu","author_link":"https:\/\/arantv.az\/?author=2"},"rttpg_comment":0,"rttpg_category":"<a href=\"https:\/\/arantv.az\/?cat=4\" rel=\"category\">Siyas\u0259t<\/a>","rttpg_excerpt":"Az\u0259rbaycan xalq\u0131 he\u00e7 vaxt imkan verm\u0259z ki, antimilli, x\u0259yan\u0259tkar \u00fcns\u00fcrl\u0259r Az\u0259rbaycanda n\u0259 is\u0259 \u0259ld\u0259 etsinl\u0259r. ARANTV.AZ az\u0259rtac-a istinad\u0259n bildirir ki, bunu Az\u0259rbaycan Prezidenti \u0130lham \u018fliyev may\u0131n 10-da Az\u0259rbaycan xalq\u0131n\u0131n \u00fcmummilli lideri Heyd\u0259r \u018fliyevin anadan olmas\u0131n\u0131n 96-c\u0131 ild\u00f6n\u00fcm\u00fcn\u0259 v\u0259 Heyd\u0259r \u018fliyev Fondunun yarad\u0131lmas\u0131n\u0131n 15 illiyin\u0259 h\u0259sr olunmu\u015f t\u0259nt\u0259n\u0259li m\u0259rasimd\u0259 \u00e7\u0131x\u0131\u015f\u0131 zaman\u0131 deyib. D\u00f6vl\u0259t ba\u015f\u00e7\u0131s\u0131 qeyd edib&hellip;","_links":{"self":[{"href":"https:\/\/arantv.az\/index.php?rest_route=\/wp\/v2\/posts\/56893"}],"collection":[{"href":"https:\/\/arantv.az\/index.php?rest_route=\/wp\/v2\/posts"}],"about":[{"href":"https:\/\/arantv.az\/index.php?rest_route=\/wp\/v2\/types\/post"}],"author":[{"embeddable":true,"href":"https:\/\/arantv.az\/index.php?rest_route=\/wp\/v2\/users\/2"}],"replies":[{"embeddable":true,"href":"https:\/\/arantv.az\/index.php?rest_route=%2Fwp%2Fv2%2Fcomments&post=56893"}],"version-history":[{"count":0,"href":"https:\/\/arantv.az\/index.php?rest_route=\/wp\/v2\/posts\/56893\/revisions"}],"wp:featuredmedia":[{"embeddable":true,"href":"https:\/\/arantv.az\/index.php?rest_route=\/wp\/v2\/media\/56894"}],"wp:attachment":[{"href":"https:\/\/arantv.az\/index.php?rest_route=%2Fwp%2Fv2%2Fmedia&parent=56893"}],"wp:term":[{"taxonomy":"category","embeddable":true,"href":"https:\/\/arantv.az\/index.php?rest_route=%2Fwp%2Fv2%2Fcategories&post=56893"},{"taxonomy":"post_tag","embeddable":true,"href":"https:\/\/arantv.az\/index.php?rest_route=%2Fwp%2Fv2%2Ftags&post=56893"}],"curies":[{"name":"wp","href":"https:\/\/api.w.org\/{rel}","templated":true}]}}