{"id":56896,"date":"2019-05-11T08:40:36","date_gmt":"2019-05-11T05:40:36","guid":{"rendered":"http:\/\/arantv.az\/?p=56896"},"modified":"2019-05-11T08:40:36","modified_gmt":"2019-05-11T05:40:36","slug":"az%c9%99rbaycan-prezidenti-heyd%c9%99r-%c9%99liyev-fondunun-coxsax%c9%99li-f%c9%99aliyy%c9%99ti-az%c9%99rbaycani-dunyada-tanidir","status":"publish","type":"post","link":"https:\/\/arantv.az\/?p=56896","title":{"rendered":"Az\u0259rbaycan Prezidenti: &#8220;Heyd\u0259r \u018fliyev Fondunun \u00e7ox\u015fax\u0259li f\u0259aliyy\u0259ti Az\u0259rbaycan\u0131 d\u00fcnyada tan\u0131d\u0131r&#8221;"},"content":{"rendered":"<p>Heyd\u0259r \u018fliyev Fondunun \u00e7ox\u015fax\u0259li f\u0259aliyy\u0259ti Az\u0259rbaycan\u0131 d\u00fcnyada tan\u0131d\u0131r.<\/p>\n<p><strong>ARANTV.AZ<\/strong> az\u0259rtac-a istinad\u0259n bildirir ki, bunu Az\u0259rbaycan Prezidenti \u0130lham \u018fliyev may\u0131n 10-da Az\u0259rbaycan xalq\u0131n\u0131n \u00fcmummilli lideri Heyd\u0259r \u018fliyevin anadan olmas\u0131n\u0131n 96-c\u0131 ild\u00f6n\u00fcm\u00fcn\u0259 v\u0259 Heyd\u0259r \u018fliyev Fondunun yarad\u0131lmas\u0131n\u0131n 15 illiyin\u0259 h\u0259sr olunmu\u015f t\u0259nt\u0259n\u0259li m\u0259rasimd\u0259 \u00e7\u0131x\u0131\u015f\u0131 zaman\u0131 deyib.<\/p>\n<p>D\u00f6vl\u0259t ba\u015f\u00e7\u0131s\u0131 \u0259lav\u0259 edib: &#8220;Biz bu g\u00fcn, eyni zamanda Heyd\u0259r \u018fliyev Fondunun 15 illiyini qeyd edirik. On be\u015f il bundan \u0259vv\u0259l Fond yarad\u0131ld\u0131 v\u0259 bu ill\u0259r \u0259rzind\u0259 bir \u00e7ox sah\u0259l\u0259rd\u0259 &#8211; m\u0259d\u0259niyy\u0259t, inc\u0259s\u0259n\u0259t, t\u0259hsil v\u0259 dig\u0259r sah\u0259l\u0259rd\u0259 \u00e7ox b\u00f6y\u00fck i\u015fl\u0259r g\u00f6rd\u00fc. T\u0259hsil sah\u0259sind\u0259 dey\u0259 bil\u0259r\u0259m ki, Fondun t\u0259\u015f\u0259bb\u00fcs\u00fc il\u0259 ba\u015flanan &#8220;Yenil\u0259\u015f\u0259n Az\u0259rbaycana yeni m\u0259kt\u0259b&#8221; proqram\u0131 \u00f6lk\u0259 miqyas\u0131nda geni\u015f v\u00fcs\u0259t ald\u0131 v\u0259 ondan sonra d\u00f6vl\u0259t x\u0259tti il\u0259 3 min 200-d\u0259n \u00e7ox m\u0259kt\u0259b tikildi, t\u0259mir edildi. Fond s\u0259hiyy\u0259 sah\u0259sind\u0259 \u00e7ox b\u00f6y\u00fck i\u015fl\u0259r g\u00f6r\u00fcr v\u0259 bir \u00e7ox hallarda bu i\u015fl\u0259r haqq\u0131nda he\u00e7 m\u0259lumat da verilmir. Y\u0259ni, ictimaiyy\u0259t b\u0259lk\u0259 d\u0259 m\u0259lumatl\u0131 deyil ki, n\u0259 q\u0259d\u0259r b\u00f6y\u00fck i\u015fl\u0259r g\u00f6r\u00fcl\u00fcr, n\u0259 q\u0259d\u0259r insana k\u00f6m\u0259k g\u00f6st\u0259rilir, n\u0259 q\u0259d\u0259r insan\u0131 &#8211; u\u015fa\u011f\u0131, x\u0259st\u0259ni Fondun x\u0259tti il\u0259 apar\u0131lan m\u00fcalic\u0259 normal h\u0259yata qaytar\u0131b&#8221;.<\/p>\n<p>Prezident \u0130lham \u018fliyev vur\u011fulay\u0131b ki, Fondun \u00e7ox\u015fax\u0259li f\u0259aliyy\u0259ti Az\u0259rbaycan\u0131 d\u00fcnyada tan\u0131d\u0131r: &#8220;Fondun d\u00fcnya miqyas\u0131nda \u00e7ox b\u00f6y\u00fck h\u00f6rm\u0259ti var. Az\u0259rbaycan reall\u0131qlar\u0131n\u0131n d\u00fcnyaya \u00e7atd\u0131r\u0131lmas\u0131 istiqam\u0259tind\u0259 &#8211; bizim musiqimizi, xal\u00e7a\u00e7\u0131l\u0131q s\u0259n\u0259tini, mu\u011fam s\u0259n\u0259tini, dig\u0259r m\u0259d\u0259niyy\u0259t incil\u0259rimizi d\u00fcnyaya \u00e7atd\u0131rmaq, t\u0259qdim etm\u0259k \u00fc\u00e7\u00fcn Fond \u00e7ox b\u00f6y\u00fck i\u015fl\u0259r g\u00f6r\u00fcr. Kitablar \u00e7ap olunur, diskl\u0259r haz\u0131rlan\u0131r, s\u0259rgil\u0259r, elmi-praktik konfranslar, simpoziumlar ke\u00e7irilir. M\u0259n Fondun \u0259m\u0259kda\u015flar\u0131n\u0131 \u0259ld\u0259 edilmi\u015f u\u011furlar m\u00fcnasib\u0259til\u0259 t\u0259brik edir\u0259m v\u0259 eyni zamanda, bildirm\u0259k ist\u0259yir\u0259m ki, Fond Ulu \u00d6nd\u0259rin siyasi irsini t\u0259bli\u011f etm\u0259k \u00fc\u00e7\u00fcn d\u0259 b\u00f6y\u00fck i\u015fl\u0259r g\u00f6r\u00fcr&#8221;.<\/p>\n","protected":false},"excerpt":{"rendered":"<p>Heyd\u0259r \u018fliyev Fondunun \u00e7ox\u015fax\u0259li f\u0259aliyy\u0259ti Az\u0259rbaycan\u0131 d\u00fcnyada tan\u0131d\u0131r. ARANTV.AZ az\u0259rtac-a istinad\u0259n bildirir ki, bunu Az\u0259rbaycan Prezidenti \u0130lham \u018fliyev may\u0131n 10-da Az\u0259rbaycan xalq\u0131n\u0131n \u00fcmummilli lideri Heyd\u0259r \u018fliyevin anadan olmas\u0131n\u0131n 96-c\u0131 ild\u00f6n\u00fcm\u00fcn\u0259 v\u0259 Heyd\u0259r \u018fliyev Fondunun yarad\u0131lmas\u0131n\u0131n 15 illiyin\u0259 h\u0259sr olunmu\u015f t\u0259nt\u0259n\u0259li m\u0259rasimd\u0259 \u00e7\u0131x\u0131\u015f\u0131 zaman\u0131 deyib. D\u00f6vl\u0259t ba\u015f\u00e7\u0131s\u0131 \u0259lav\u0259 edib: &#8220;Biz bu g\u00fcn, eyni zamanda Heyd\u0259r \u018fliyev Fondunun 15 illiyini qeyd edirik. On be\u015f il bundan \u0259vv\u0259l Fond yarad\u0131ld\u0131 v\u0259 bu ill\u0259r \u0259rzind\u0259 bir \u00e7ox sah\u0259l\u0259rd\u0259 &#8211; m\u0259d\u0259niyy\u0259t, inc\u0259s\u0259n\u0259t, t\u0259hsil v\u0259 dig\u0259r sah\u0259l\u0259rd\u0259 \u00e7ox b\u00f6y\u00fck i\u015fl\u0259r g\u00f6rd\u00fc. T\u0259hsil sah\u0259sind\u0259 dey\u0259 bil\u0259r\u0259m ki,&hellip;<\/p>\n","protected":false},"author":2,"featured_media":56897,"comment_status":"closed","ping_status":"closed","sticky":false,"template":"","format":"standard","meta":{"om_disable_all_campaigns":false,"_monsterinsights_skip_tracking":false,"_monsterinsights_sitenote_active":false,"_monsterinsights_sitenote_note":"","_monsterinsights_sitenote_category":0},"categories":[4],"tags":[],"aioseo_notices":[],"gutentor_comment":0,"rttpg_featured_image_url":{"full":["https:\/\/arantv.az\/wp-content\/uploads\/2019\/05\/753898.jpg",1280,833,false],"landscape":["https:\/\/arantv.az\/wp-content\/uploads\/2019\/05\/753898.jpg",1280,833,false],"portraits":["https:\/\/arantv.az\/wp-content\/uploads\/2019\/05\/753898.jpg",1280,833,false],"thumbnail":["https:\/\/arantv.az\/wp-content\/uploads\/2019\/05\/753898-150x150.jpg",150,150,true],"medium":["https:\/\/arantv.az\/wp-content\/uploads\/2019\/05\/753898-300x195.jpg",300,195,true],"large":["https:\/\/arantv.az\/wp-content\/uploads\/2019\/05\/753898-1024x666.jpg",640,416,true],"1536x1536":["https:\/\/arantv.az\/wp-content\/uploads\/2019\/05\/753898.jpg",1280,833,false],"2048x2048":["https:\/\/arantv.az\/wp-content\/uploads\/2019\/05\/753898.jpg",1280,833,false],"post-thumbnail":["https:\/\/arantv.az\/wp-content\/uploads\/2019\/05\/753898-240x172.jpg",240,172,true],"advps-thumb-one":["https:\/\/arantv.az\/wp-content\/uploads\/2019\/05\/753898-1200x620.jpg",1200,620,true]},"rttpg_author":{"display_name":"V\u00fcsal Rafiqo\u011flu","author_link":"https:\/\/arantv.az\/?author=2"},"rttpg_comment":0,"rttpg_category":"<a href=\"https:\/\/arantv.az\/?cat=4\" rel=\"category\">Siyas\u0259t<\/a>","rttpg_excerpt":"Heyd\u0259r \u018fliyev Fondunun \u00e7ox\u015fax\u0259li f\u0259aliyy\u0259ti Az\u0259rbaycan\u0131 d\u00fcnyada tan\u0131d\u0131r. ARANTV.AZ az\u0259rtac-a istinad\u0259n bildirir ki, bunu Az\u0259rbaycan Prezidenti \u0130lham \u018fliyev may\u0131n 10-da Az\u0259rbaycan xalq\u0131n\u0131n \u00fcmummilli lideri Heyd\u0259r \u018fliyevin anadan olmas\u0131n\u0131n 96-c\u0131 ild\u00f6n\u00fcm\u00fcn\u0259 v\u0259 Heyd\u0259r \u018fliyev Fondunun yarad\u0131lmas\u0131n\u0131n 15 illiyin\u0259 h\u0259sr olunmu\u015f t\u0259nt\u0259n\u0259li m\u0259rasimd\u0259 \u00e7\u0131x\u0131\u015f\u0131 zaman\u0131 deyib. D\u00f6vl\u0259t ba\u015f\u00e7\u0131s\u0131 \u0259lav\u0259 edib: &#8220;Biz bu g\u00fcn, eyni zamanda Heyd\u0259r \u018fliyev&hellip;","_links":{"self":[{"href":"https:\/\/arantv.az\/index.php?rest_route=\/wp\/v2\/posts\/56896"}],"collection":[{"href":"https:\/\/arantv.az\/index.php?rest_route=\/wp\/v2\/posts"}],"about":[{"href":"https:\/\/arantv.az\/index.php?rest_route=\/wp\/v2\/types\/post"}],"author":[{"embeddable":true,"href":"https:\/\/arantv.az\/index.php?rest_route=\/wp\/v2\/users\/2"}],"replies":[{"embeddable":true,"href":"https:\/\/arantv.az\/index.php?rest_route=%2Fwp%2Fv2%2Fcomments&post=56896"}],"version-history":[{"count":0,"href":"https:\/\/arantv.az\/index.php?rest_route=\/wp\/v2\/posts\/56896\/revisions"}],"wp:featuredmedia":[{"embeddable":true,"href":"https:\/\/arantv.az\/index.php?rest_route=\/wp\/v2\/media\/56897"}],"wp:attachment":[{"href":"https:\/\/arantv.az\/index.php?rest_route=%2Fwp%2Fv2%2Fmedia&parent=56896"}],"wp:term":[{"taxonomy":"category","embeddable":true,"href":"https:\/\/arantv.az\/index.php?rest_route=%2Fwp%2Fv2%2Fcategories&post=56896"},{"taxonomy":"post_tag","embeddable":true,"href":"https:\/\/arantv.az\/index.php?rest_route=%2Fwp%2Fv2%2Ftags&post=56896"}],"curies":[{"name":"wp","href":"https:\/\/api.w.org\/{rel}","templated":true}]}}