{"id":56902,"date":"2019-05-11T08:42:21","date_gmt":"2019-05-11T05:42:21","guid":{"rendered":"http:\/\/arantv.az\/?p=56902"},"modified":"2019-05-11T08:42:21","modified_gmt":"2019-05-11T05:42:21","slug":"prezident-ilham-%c9%99liyev-biz-bundan-sonra-yalniz-v%c9%99-yalniz-ugurlar-v%c9%99-q%c9%99l%c9%99b%c9%99l%c9%99r-yolu-il%c9%99-ged%c9%99c%c9%99yik","status":"publish","type":"post","link":"https:\/\/arantv.az\/?p=56902","title":{"rendered":"Prezident \u0130lham \u018fliyev: &#8220;Biz bundan sonra yaln\u0131z v\u0259 yaln\u0131z u\u011furlar v\u0259 q\u0259l\u0259b\u0259l\u0259r yolu il\u0259 ged\u0259c\u0259yik&#8221;"},"content":{"rendered":"<p>Bu g\u00fcn ulu \u00f6nd\u0259r Heyd\u0259r \u018fliyevin anadan olmas\u0131n\u0131n 96-c\u0131 ild\u00f6n\u00fcm\u00fcd\u00fcr. Bu g\u00fcn Az\u0259rbaycan xalq\u0131 bir daha Ulu \u00d6nd\u0259rin \u0259ziz xatir\u0259sin\u0259 h\u00f6rm\u0259t v\u0259 ehtiram\u0131n\u0131 bildirir. Az\u0259rbaycan xalq\u0131 Heyd\u0259r \u018fliyevi sevirdi, ona inan\u0131rd\u0131, ona h\u0259mi\u015f\u0259 d\u0259st\u0259k olurdu. O is\u0259 \u00f6z h\u0259yat\u0131n\u0131 Az\u0259rbaycan xalq\u0131na h\u0259sr etmi\u015fdir.<\/p>\n<p><strong>ARANTV.AZ<\/strong> az\u0259rtac-a istinad\u0259n bildirir ki, bunu Az\u0259rbaycan Prezidenti \u0130lham \u018fliyev may\u0131n 10-da Az\u0259rbaycan xalq\u0131n\u0131n \u00fcmummilli lideri Heyd\u0259r \u018fliyevin anadan olmas\u0131n\u0131n 96-c\u0131 ild\u00f6n\u00fcm\u00fcn\u0259 v\u0259 Heyd\u0259r \u018fliyev Fondunun yarad\u0131lmas\u0131n\u0131n 15 illiyin\u0259 h\u0259sr olunmu\u015f t\u0259nt\u0259n\u0259li m\u0259rasimd\u0259 \u00e7\u0131x\u0131\u015f\u0131 zaman\u0131 deyib.<\/p>\n<p>Prezident \u0130lham \u018fliyev bildirib ki, b\u00fct\u00fcn d\u00f6vrl\u0259rd\u0259 Heyd\u0259r \u018fliyev \u00f6z xalq\u0131na l\u0259yaq\u0259tl\u0259 xidm\u0259t etmi\u015fdir:<\/p>\n<p>&#8220;H\u0259m sovet d\u00f6vr\u00fcnd\u0259, h\u0259m m\u00fcst\u0259qillik ill\u0259rind\u0259 Az\u0259rbaycan\u0131n inki\u015faf\u0131 \u00fc\u00e7\u00fcn \u00e7ox b\u00f6y\u00fck f\u0259dakarl\u0131q g\u00f6st\u0259rmi\u015fdir. T\u0259kc\u0259 onu dem\u0259k kifay\u0259tdir ki, sovet d\u00f6vr\u00fcnd\u0259 &#8211; 1970-ci ill\u0259rd\u0259, 1980-ci ill\u0259rin \u0259vv\u0259ll\u0259rind\u0259 Az\u0259rbaycan Heyd\u0259r \u018fliyevin r\u0259hb\u0259rliyi il\u0259 \u0259n gerid\u0259 qalm\u0131\u015f respublikalardan birind\u0259n \u0259n qabaqc\u0131l respublikalardan birin\u0259 \u00e7evrilmi\u015fdir. M\u0259hz o ill\u0259rd\u0259 \u00e7ox m\u00f6hk\u0259m s\u0259naye potensial\u0131 yarad\u0131lm\u0131\u015fd\u0131r, infrastruktur layih\u0259l\u0259ri icra edilmi\u015fdir. O layih\u0259l\u0259r ki, bu g\u00fcn d\u0259 m\u00fcst\u0259qil Az\u0259rbaycana xidm\u0259t g\u00f6st\u0259rir. Heyd\u0259r \u018fliyevin y\u00fcks\u0259k \u015f\u0259xsi keyfiyy\u0259tl\u0259rini v\u0259 Az\u0259rbaycanda \u0259ld\u0259 edilmi\u015f n\u0259tic\u0259l\u0259ri n\u0259z\u0259r\u0259 alaraq, 1982-ci ild\u0259 o, Moskvaya d\u0259v\u0259t olundu, y\u00fcks\u0259k v\u0259zif\u0259y\u0259 &#8211; Nazirl\u0259r Soveti s\u0259drinin birinci m\u00fcavini v\u0259zif\u0259sin\u0259 t\u0259yin edildi. Bu v\u0259zif\u0259d\u0259 d\u0259 u\u011furla \u00e7al\u0131\u015f\u0131rd\u0131, o c\u00fcml\u0259d\u0259n Az\u0259rbaycan\u0131n inki\u015faf\u0131 il\u0259 ba\u011fl\u0131 verdiyi tap\u015f\u0131r\u0131qlar, q\u0259bul etdiyi q\u0259rarlar o vaxt da \u00f6lk\u0259mizin inki\u015faf\u0131na xidm\u0259t g\u00f6st\u0259rirdi. Y\u0259ni, o, Az\u0259rbaycanla daim maraqlan\u0131rd\u0131, Az\u0259rbaycanda ged\u0259n i\u015fl\u0259r\u0259 b\u00f6y\u00fck maraq v\u0259 d\u0259st\u0259k g\u00f6st\u0259rirdi. 1987-ci ild\u0259 v\u0259zif\u0259d\u0259n ged\u0259nd\u0259n sonra xalq\u0131m\u0131z, respublikam\u0131z \u00fc\u00e7\u00fcn probleml\u0259r ba\u015flad\u0131. \u0130ki h\u0259ft\u0259 d\u0259 ke\u00e7m\u0259mi\u015f erm\u0259ni mill\u0259t\u00e7il\u0259ri Da\u011fl\u0131q Qaraba\u011f\u0131 Az\u0259rbaycandan ay\u0131r\u0131b Erm\u0259nistana verilm\u0259si haqq\u0131nda iddia qald\u0131rd\u0131lar. G\u00fccl\u00fc Heyd\u0259r \u018fliyev amili imkan vermirdi ki, bu m\u0259s\u0259l\u0259 bundan \u0259vv\u0259lki d\u00f6vrd\u0259 qald\u0131r\u0131ls\u0131n. Halbuki, bel\u0259 c\u0259hdl\u0259r, bel\u0259 meyill\u0259r var idi. Ancaq Heyd\u0259r \u018fliyev amili buna imkan vermirdi.<\/p>\n<p>Dey\u0259 bil\u0259r\u0259m ki, \u0259g\u0259r Heyd\u0259r \u018fliyev o vaxt Az\u0259rbaycan\u0131n r\u0259hb\u0259rliyind\u0259 olsayd\u0131, he\u00e7 \u015f\u00fcbh\u0259siz ki, Da\u011fl\u0131q Qaraba\u011f problemi he\u00e7 vaxt yaranmazd\u0131. O vaxtdan xalq\u0131m\u0131z \u00fc\u00e7\u00fcn b\u00f6y\u00fck probleml\u0259r ba\u015flad\u0131. Da\u011fl\u0131q Qaraba\u011fda x\u00fcsusi idar\u0259etm\u0259 komit\u0259si yarad\u0131ld\u0131 v\u0259 separat\u00e7\u0131 meyill\u0259r geni\u015f v\u00fcs\u0259t ald\u0131. Pensiyada olan Heyd\u0259r \u018fliyev Moskvada ya\u015fay\u0131rd\u0131 v\u0259 h\u0259r zaman Az\u0259rbaycan haqq\u0131nda d\u00fc\u015f\u00fcn\u00fcrd\u00fc. G\u00f6r\u00fcrd\u00fc ki, respublikada v\u0259ziyy\u0259t kifay\u0259t q\u0259d\u0259r m\u00fcr\u0259kk\u0259bdir, xo\u015fag\u0259lm\u0259z hallar ba\u015f verir, respublika t\u0259n\u0259zz\u00fcl\u0259 u\u011fray\u0131r. Hadis\u0259l\u0259rin g\u0259l\u0259c\u0259k inki\u015faf\u0131 g\u00f6st\u0259rdi ki, onun t\u0259hlili dem\u0259k olar tam d\u0259qiq v\u0259 d\u00fczg\u00fcn idi.<\/p>\n<p>Qanl\u0131 Yanvar faci\u0259sind\u0259n d\u0259rhal sonra Heyd\u0259r \u018fliyev \u00f6z s\u0259sini ucaltd\u0131, \u00f6z xalq\u0131 il\u0259 birlikd\u0259 oldu\u011funu bildirdi v\u0259 yanvar\u0131n 21-d\u0259 Az\u0259rbaycan\u0131n Moskvadak\u0131 daimi n\u00fcmay\u0259nd\u0259liyind\u0259 m\u0259tbuat konfrans\u0131nda \u00e7\u0131x\u0131\u015f ed\u0259r\u0259k sovet r\u0259hb\u0259rliyinin bu q\u0259ddar akt\u0131n\u0131 q\u0259tiyy\u0259tl\u0259 pisl\u0259di. M\u0259n bunun \u0259yani \u015fahidiy\u0259m. Yad\u0131mdad\u0131r ki, biz daimi n\u00fcmay\u0259nd\u0259liy\u0259 g\u0259l\u0259nd\u0259 orada \u00e7ox b\u00f6y\u00fck k\u00fctl\u0259 var idi, insanlar topla\u015fm\u0131\u015fd\u0131lar, \u00e7ox h\u0259y\u0259canl\u0131 idil\u0259r. Heyd\u0259r \u018fliyevi g\u00f6r\u0259nd\u0259 onlar canl\u0131 d\u0259hliz yaratd\u0131lar, k\u0259nara \u00e7\u0259kildil\u0259r v\u0259 Heyd\u0259r \u018fliyev binaya daxil oldu. O vaxt Heyd\u0259r \u018fliyev pensiya\u00e7\u0131 idi, ona qar\u015f\u0131 m\u00fcxt\u0259lif d\u00f6vrl\u0259rd\u0259 qarayaxma kampaniyalar\u0131 apar\u0131l\u0131rd\u0131. Ancaq xalq\u0131n q\u0259lbind\u0259 o, lider, g\u00f6rk\u0259mli \u015f\u0259xsiyy\u0259t, Az\u0259rbaycan xalq\u0131n\u0131n b\u00f6y\u00fck o\u011flu kimi ya\u015fay\u0131rd\u0131. H\u0259min g\u00fcn ona g\u00f6st\u0259ril\u0259n h\u00f6rm\u0259t \u0259lb\u0259tt\u0259 ki, h\u0259mi\u015f\u0259 bizim yad\u0131m\u0131zda qalacaqd\u0131r.<\/p>\n<p>O vaxt Sovet \u0130ttifaq\u0131n\u0131n da\u011f\u0131lmas\u0131na h\u0259l\u0259 iki il var idi. B\u0259lk\u0259 d\u0259 he\u00e7 kimin a\u011fl\u0131na g\u0259l\u0259 bilm\u0259zdi ki, Sovet \u0130ttifaq\u0131 da\u011f\u0131la bil\u0259r. Ona g\u00f6r\u0259 m\u0259hz o anda, xalq\u0131m\u0131z \u00fc\u00e7\u00fcn \u0259n a\u011f\u0131r anda Heyd\u0259r \u018fliyevin bu add\u0131m\u0131, bu b\u0259yanat\u0131 \u0259lb\u0259tt\u0259 ki, b\u00f6y\u00fck c\u0259sar\u0259t t\u0259l\u0259b edirdi, bir daha onu g\u00f6st\u0259rirdi ki, o, h\u0259r zaman Az\u0259rbaycan xalq\u0131 il\u0259 bir yerd\u0259dir. Ondan sonra bu qanl\u0131 cinay\u0259t\u0259 etiraz olaraq uzun ill\u0259r \u0259rzind\u0259 \u00fczv\u00fc oldu\u011fu kommunist partiyas\u0131n\u0131n s\u0131ralar\u0131n\u0131 t\u0259rk etdi. Bu da b\u00f6y\u00fck c\u0259sar\u0259t t\u0259l\u0259b edirdi. T\u0259bii ki, ondan sonra ona v\u0259 onun ail\u0259 \u00fczvl\u0259rin\u0259 qar\u015f\u0131 t\u0259zyiql\u0259r, t\u0259qibl\u0259r ba\u015flam\u0131\u015fd\u0131r. Bu t\u0259zyiql\u0259rin m\u00fcxt\u0259lif formalar\u0131 var idi. Bir s\u00f6zl\u0259, ona t\u0259zyiq etm\u0259k v\u0259 c\u0259zaland\u0131rmaq \u00fc\u00e7\u00fcn praktiki add\u0131mlar at\u0131l\u0131rd\u0131. H\u0259tta bizd\u0259 m\u0259lumat var idi ki, onun h\u0259bsi il\u0259 ba\u011fl\u0131 m\u0259s\u0259l\u0259 m\u00fczakir\u0259 edilirdi.<\/p>\n<p>Bak\u0131ya g\u0259ldi, ovaxtk\u0131 r\u0259hb\u0259rlik ona Bak\u0131da ya\u015fama\u011fa imkan verm\u0259di, do\u011fuldu\u011fu Nax\u00e7\u0131van Muxtar Respublikas\u0131na \u00fcz tutdu. O da tarixin h\u00f6km\u00fc idi. \u00c7\u00fcnki o vaxt Nax\u00e7\u0131van \u00e7ox a\u011f\u0131r v\u0259ziyy\u0259td\u0259 idi. Erm\u0259ni separat\u00e7\u0131lar\u0131n\u0131n v\u0259 onlar\u0131n havadarlar\u0131n\u0131n Az\u0259rbaycana qar\u015f\u0131 m\u0259krli planlar\u0131nda Nax\u00e7\u0131van\u0131n i\u015f\u011fal\u0131 da var idi. M\u0259hz Heyd\u0259r \u018fliyev amili, onun irad\u0259si, xalq\u0131n ona olan inam\u0131 Nax\u00e7\u0131van\u0131 bu b\u00f6y\u00fck b\u0259ladan qurtara bildi. O vaxt onun r\u0259hb\u0259rliyi il\u0259 Nax\u00e7\u0131vanda s\u0259f\u0259rb\u0259rlik i\u015fl\u0259ri apar\u0131lm\u0131\u015fd\u0131r. S\u0259rh\u0259dd\u0259 \u015fidd\u0259tli d\u00f6y\u00fc\u015fl\u0259r gedirdi v\u0259 Nax\u00e7\u0131van \u00f6z torpa\u011f\u0131n\u0131 qoruya bildi.<\/p>\n<p>Nax\u00e7\u0131vanda dig\u0259r yaddaqalan hadis\u0259 Az\u0259rbaycan\u0131n tarixind\u0259 q\u0131z\u0131l h\u0259rfl\u0259rl\u0259 yaz\u0131l\u0131b. M\u0259hz Heyd\u0259r \u018fliyevin t\u0259\u015f\u0259bb\u00fcs\u00fc v\u0259 s\u0259drliyi il\u0259 Nax\u00e7\u0131van Ali M\u0259clisinin &#8211; ovaxtk\u0131 Ali Sovetin sessiyas\u0131nda Az\u0259rbaycan Xalq C\u00fcmhuriyy\u0259tinin \u00fc\u00e7r\u0259ngli bayra\u011f\u0131 d\u00f6vl\u0259t bayra\u011f\u0131 elan edildi. Az\u0259rbaycan Ali Soveti qar\u015f\u0131s\u0131nda v\u0259sat\u0259t qald\u0131r\u0131ld\u0131 ki, ox\u015far q\u0259rar \u00f6lk\u0259 miqyas\u0131nda q\u0259bul edilsin. Y\u0259ni, bu, tarixdir. Bu tarix bir daha g\u00f6st\u0259rir ki, Heyd\u0259r \u018fliyev h\u0259r zaman Az\u0259rbaycan xalq\u0131n\u0131n yan\u0131nda idi. Xalq ona b\u00f6y\u00fck d\u0259st\u0259k verirdi, o da g\u00fcc\u00fc xalq\u0131n inam\u0131ndan, m\u0259h\u0259bb\u0259tind\u0259n al\u0131rd\u0131&#8221;.<\/p>\n<p>D\u00f6vl\u0259t ba\u015f\u00e7\u0131s\u0131 xat\u0131rlad\u0131b: &#8220;Az\u0259rbaycanda ovaxtk\u0131 v\u0259ziyy\u0259t bizim yad\u0131m\u0131zdad\u0131r. O vaxt &#8211; 1992-ci ild\u0259 hakimiyy\u0259ti qanunsuz yollarla z\u0259bt etmi\u015f AXC-M\u00fcsavat c\u00fctl\u00fcy\u00fc \u00f6lk\u0259mizi, g\u0259nc, m\u00fcst\u0259qil d\u00f6vl\u0259ti u\u00e7uruma apar\u0131rd\u0131. Xaos, anarxiya, \u00f6zba\u015f\u0131nal\u0131q, total b\u00f6hran h\u00f6km s\u00fcr\u00fcrd\u00fc, talan\u00e7\u0131l\u0131q, r\u00fc\u015fv\u0259txorluq ba\u015f al\u0131b gedirdi, \u00f6lk\u0259 idar\u0259olunmaz v\u0259ziyy\u0259t\u0259 d\u00fc\u015fm\u00fc\u015fd\u00fc. Siyasi, iqtisadi, h\u0259rbi b\u00f6hran g\u0259nc d\u00f6vl\u0259tin dayaqlar\u0131n\u0131 sars\u0131d\u0131rd\u0131. Az\u0259rbaycan xalq\u0131 bu x\u0259yan\u0259tkar hakimiyy\u0259t\u0259 bir il d\u00f6z\u0259 bildi. Bir ild\u0259n sonra onlar tarixin arxivin\u0259 g\u00f6nd\u0259rildi. O vaxt torpaqlar\u0131m\u0131z i\u015f\u011fal alt\u0131na d\u00fc\u015fd\u00fc. \u015eu\u015fa, La\u00e7\u0131n, K\u0259lb\u0259c\u0259r rayonlar\u0131n\u0131n i\u015f\u011fal alt\u0131na d\u00fc\u015fm\u0259si Erm\u0259nistanla Da\u011fl\u0131q Qaraba\u011f aras\u0131nda co\u011frafi \u0259laq\u0259 yaratd\u0131.<\/p>\n<p>Az\u0259rbaycan \u00f6z inki\u015faf yolunu Heyd\u0259r \u018fliyevin simas\u0131nda g\u00f6r\u00fcrd\u00fc v\u0259 m\u00fcraci\u0259t ed\u0259r\u0259k onu d\u0259v\u0259t etdi. Heyd\u0259r \u018fliyevin o vaxt 70 ya\u015f\u0131 var idi, \u00f6mr\u00fcn\u00fcn b\u00f6y\u00fck hiss\u0259si gerid\u0259 qalm\u0131\u015fd\u0131. Ancaq xalq sevgisi, xalqa olan m\u0259h\u0259bb\u0259t v\u0259 b\u00f6y\u00fck m\u0259suliyy\u0259t hissi onu bu d\u0259v\u0259ti q\u0259bul etm\u0259y\u0259 s\u00f6vq etdi. Bel\u0259likl\u0259, m\u00fcst\u0259qil Az\u0259rbaycan\u0131n m\u00fcst\u0259qil h\u0259yat\u0131 ba\u015flad\u0131. \u00c7\u00fcnki tam q\u0259tiyy\u0259tl\u0259 dey\u0259 bil\u0259r\u0259m ki, 1993-c\u00fc il\u0259 q\u0259d\u0259r bizim d\u00f6vl\u0259t m\u00fcst\u0259qilliyimiz \u015f\u0259rti xarakter da\u015f\u0131y\u0131rd\u0131. Atributlar var idi, ancaq \u00f6lk\u0259 m\u00fcst\u0259qil siyas\u0259t apara bilmirdi. 1993-c\u00fc il d\u00f6n\u00fc\u015f n\u00f6qt\u0259si oldu. M\u0259hz Heyd\u0259r \u018fliyev\u0259 xalq t\u0259r\u0259find\u0259n g\u00f6st\u0259ril\u0259n inam, etimad imkan verdi ki, \u00f6lk\u0259 bu a\u011f\u0131r v\u0259ziyy\u0259td\u0259, v\u0259t\u0259nda\u015f m\u00fcharib\u0259sinin f\u0259sadlar\u0131ndan l\u0259yaq\u0259tl\u0259 \u00e7\u0131xa bilsin v\u0259 bel\u0259 d\u0259 oldu. Sabitlik yarad\u0131ld\u0131, inki\u015fafa yol a\u00e7\u0131ld\u0131, b\u00fct\u00fcn sah\u0259l\u0259rd\u0259, ilk n\u00f6vb\u0259d\u0259, siyasi sah\u0259d\u0259 islahatlar icra edilm\u0259y\u0259 ba\u015fland\u0131. \u00c7\u00fcnki o vaxt Az\u0259rbaycanda siyasi sistem h\u0259l\u0259 formala\u015fmam\u0131\u015fd\u0131. Siyasi sistemin formala\u015fmas\u0131nda 1992-ci ild\u0259 Nax\u00e7\u0131vanda yarad\u0131lm\u0131\u015f Yeni Az\u0259rbaycan Partiyas\u0131n\u0131n rolunu qeyd etm\u0259liy\u0259m. Onu da bildirm\u0259liy\u0259m ki, \u00f6zl\u0259rini demokrat adland\u0131ran \u015f\u0259xsl\u0259r o vaxt imkan verm\u0259dil\u0259r ki, Yeni Az\u0259rbaycan Partiyas\u0131n\u0131n t\u0259sis qurultay\u0131 Bak\u0131da ke\u00e7irilsin. Bir qrup v\u0259t\u0259np\u0259rv\u0259r ziyal\u0131 Nax\u00e7\u0131vana ged\u0259r\u0259k Heyd\u0259r \u018fliyevin i\u015ftirak\u0131 il\u0259 Yeni Az\u0259rbaycan Partiyas\u0131n\u0131n t\u0259sis qurultay\u0131n\u0131 ke\u00e7irdil\u0259r.<\/p>\n<p>Heyd\u0259r \u018fliyevin t\u0259\u015f\u0259bb\u00fcs\u00fc il\u0259 senzura l\u0259\u011fv edildi. O vaxt Az\u0259rbaycanda m\u0259tbuat azadl\u0131\u011f\u0131 yox idi. Senzuran\u0131n l\u0259\u011fvi d\u0259 Ulu \u00d6nd\u0259rin g\u0259l\u0259c\u0259y\u0259 y\u00f6n\u0259lmi\u015f bax\u0131\u015flar\u0131n\u0131 tam \u0259ks etdirirdi.<\/p>\n<p>Ordu quruculu\u011fu prosesi ba\u015flam\u0131\u015fd\u0131r. \u00c7\u00fcnki o vaxta q\u0259d\u0259r nizami ordu yox idi. \u0130qtisadi sah\u0259d\u0259 \u00e7ox ciddi islahatlar apar\u0131lm\u0131\u015fd\u0131r, o c\u00fcml\u0259d\u0259n k\u0259nd t\u0259s\u0259rr\u00fcfat\u0131 sah\u0259sind\u0259. O islahatlar ki, bu g\u00fcn bizim apard\u0131\u011f\u0131m\u0131z islahatlar \u00fc\u00e7\u00fcn g\u00f6z\u0259l z\u0259min yarad\u0131r. S\u0259naye potensial\u0131n\u0131n inki\u015faf\u0131 il\u0259 ba\u011fl\u0131 \u00f6n\u0259mli add\u0131mlar at\u0131lm\u0131\u015fd\u0131r. S\u0259rmay\u0259 qoyulu\u015fu Az\u0259rbaycanda art\u0131q bir amil kimi m\u00f6vcud oldu. &#8220;\u018fsrin kontrakt\u0131&#8221;n\u0131n imzalanmas\u0131 \u0259lb\u0259tt\u0259 ki, tarixi hadis\u0259dir. 1994-c\u00fc ilin sentyabr\u0131nda bu kontrakt\u0131n imzalanmas\u0131 bu g\u00fcn m\u00fcst\u0259qil Az\u0259rbaycan\u0131n inki\u015faf\u0131n\u0131 b\u00f6y\u00fck d\u0259r\u0259c\u0259d\u0259 t\u0259min etmi\u015fdir. Bu kontraktdan \u0259ld\u0259 edil\u0259n g\u0259lirl\u0259r \u00f6lk\u0259mizin b\u00fct\u00fcn sah\u0259l\u0259rind\u0259 \u00f6z\u00fcn\u00fc b\u00fcruz\u0259 verir &#8211; insanlar\u0131n rifah hal\u0131n\u0131n yax\u015f\u0131la\u015fmas\u0131, ordu potensial\u0131n\u0131n g\u00fccl\u0259ndirilm\u0259si, m\u0259cburi k\u00f6\u00e7k\u00fcnl\u0259rin probleml\u0259rinin h\u0259lli, infrastruktur layih\u0259l\u0259rinin icras\u0131. \u018fg\u0259r bizim maliyy\u0259 imkanlar\u0131m\u0131z olmasayd\u0131, bu i\u015fl\u0259ri n\u0259yin hesab\u0131na g\u00f6r\u0259 bil\u0259rdik? Bu maliyy\u0259 imkanlar\u0131n\u0131 biz\u0259 &#8220;\u018fsrin kontrakt\u0131&#8221; yaratd\u0131. M\u0259n o d\u00f6vr\u00fc yax\u015f\u0131 xat\u0131rlay\u0131ram. O vaxt D\u00f6vl\u0259t Neft \u015eirk\u0259tinin vitse-prezidenti kimi dig\u0259r yolda\u015flarla bu m\u0259s\u0259l\u0259 il\u0259 ciddi m\u0259\u015f\u011ful idim. Bu kontrakt Az\u0259rbaycan \u00fc\u00e7\u00fcn \u0259n m\u0259qbul \u015f\u0259rtl\u0259rl\u0259 imzalanm\u0131\u015fd\u0131r v\u0259 bu, bug\u00fcnk\u00fc reall\u0131qda \u00f6z\u00fcn\u00fc g\u00f6st\u0259rir. Bu yax\u0131nlarda kontrakt\u0131n m\u00fcdd\u0259ti 2050-ci il\u0259 q\u0259d\u0259r uzad\u0131ld\u0131. Az\u0259rbaycan bu kontrakt\u0131n faydas\u0131n\u0131 g\u00f6r\u0259c\u0259kdir.<\/p>\n<p>Y\u0259ni, bu, tarixi hadis\u0259 idi, Heyd\u0259r \u018fliyevin xalq, bug\u00fcnk\u00fc v\u0259 sabahk\u0131 n\u0259sill\u0259r qar\u015f\u0131s\u0131nda tarixi xidm\u0259tl\u0259rind\u0259n biridir. Bu, b\u00f6y\u00fck c\u0259sar\u0259t t\u0259l\u0259b edirdi. \u00c7\u00fcnki o vaxt b\u00f6lg\u0259d\u0259 geosiyasi v\u0259ziyy\u0259t \u00e7ox m\u00fcr\u0259kk\u0259b idi v\u0259 bu kontrakt\u0131n imzalanmas\u0131 o q\u0259d\u0259r d\u0259 asan m\u0259s\u0259l\u0259 deyildi. Kontrakt\u0131n imzalanmas\u0131ndan sonra ba\u015f vermi\u015f hadis\u0259l\u0259r onu g\u00f6st\u0259rdi. Ancaq Heyd\u0259r \u018fliyevin d\u0259mir irad\u0259si, q\u0259tiyy\u0259ti v\u0259 g\u0259l\u0259c\u0259y\u0259 y\u00f6n\u0259lmi\u015f add\u0131mlar\u0131 bug\u00fcnk\u00fc Az\u0259rbaycan\u0131n reall\u0131qlar\u0131n\u0131 b\u00f6y\u00fck d\u0259r\u0259c\u0259d\u0259 m\u00fc\u0259yy\u0259n edir&#8221;.<\/p>\n<p>Prezident daha sonra qeyd edib:<\/p>\n<p>&#8220;2003-c\u00fc ild\u0259 prezident se\u00e7kil\u0259ri \u0259r\u0259f\u0259sind\u0259 m\u0259n b\u0259yan etmi\u015fdim ki, \u0259g\u0259r xalq etimad g\u00f6st\u0259r\u0259rs\u0259, Heyd\u0259r \u018fliyev siyas\u0259tini davam etdir\u0259c\u0259y\u0259m v\u0259 xalq Heyd\u0259r \u018fliyev siyas\u0259tin\u0259 s\u0259s verdi. O vaxtdan bu g\u00fcn\u0259 q\u0259d\u0259r Az\u0259rbaycan b\u00f6y\u00fck v\u0259 u\u011furlu yol ke\u00e7di, m\u00fcst\u0259qillik daha da m\u00f6hk\u0259ml\u0259ndi. Az\u0259rbaycanda sabitlik t\u0259min olunub, sabitliyin t\u0259minat\u00e7\u0131s\u0131 Az\u0259rbaycan xalq\u0131d\u0131r. Bizim beyn\u0259lxalq m\u00f6vqel\u0259rimiz b\u00f6y\u00fck d\u0259r\u0259c\u0259d\u0259 m\u00f6hk\u0259ml\u0259ndi. Bu g\u00fcn Az\u0259rbaycan d\u00fcnya miqyas\u0131nda \u00e7ox m\u00fcsb\u0259t n\u00fcfuza malik olan bir \u00f6lk\u0259dir. D\u00fcnya birliyinin m\u00fctl\u0259q \u0259ks\u0259riyy\u0259ti Az\u0259rbaycan\u0131 d\u0259st\u0259kl\u0259yir v\u0259 bu d\u0259st\u0259k BMT T\u0259hl\u00fck\u0259sizlik \u015euras\u0131nda ke\u00e7irilmi\u015f s\u0259sverm\u0259d\u0259 \u00f6z\u00fcn\u00fc b\u00fcruz\u0259 verdi, 155 \u00f6lk\u0259 bizi d\u0259st\u0259kl\u0259di. Y\u0259ni, bu da tarixi nailiyy\u0259timizdir. Bir \u00e7ox beyn\u0259lxalq t\u0259\u015fkilatlar bu d\u00f6vrd\u0259 Erm\u0259nistan-Az\u0259rbaycan Da\u011fl\u0131q Qaraba\u011f m\u00fcnaqi\u015f\u0259si il\u0259 ba\u011fl\u0131 \u0259dal\u0259t\u0259 \u0259saslanan, bizim m\u00f6vqeyimizi m\u00fcdafi\u0259 ed\u0259n q\u0259rar v\u0259 q\u0259tnam\u0259l\u0259r q\u0259bul etmi\u015fdir, o c\u00fcml\u0259d\u0259n BMT Ba\u015f Assambleyas\u0131, \u0130slam \u018fm\u0259kda\u015fl\u0131q T\u0259\u015fkilat\u0131, Qo\u015fulmama H\u0259r\u0259kat\u0131 v\u0259 dig\u0259r t\u0259\u015fkilatlar. Bu, bizim b\u00f6y\u00fck diplomatik v\u0259 siyasi u\u011furumuzdur.<\/p>\n<p>M\u00fcnaqi\u015f\u0259 il\u0259 ba\u011fl\u0131 bizim prinsipial m\u00f6vqeyimiz d\u0259yi\u015fm\u0259z olaraq qal\u0131r. Da\u011fl\u0131q Qaraba\u011f \u0259z\u0259li, tarixi Az\u0259rbaycan torpa\u011f\u0131d\u0131r. \u018fsrl\u0259r boyu xalq\u0131m\u0131z bu torpaqda ya\u015fam\u0131\u015f v\u0259 yaratm\u0131\u015fd\u0131r. Bu g\u00fcn b\u00fct\u00fcn d\u00fcnya Da\u011fl\u0131q Qaraba\u011f\u0131 Az\u0259rbaycan\u0131n ayr\u0131lmaz hiss\u0259si kimi tan\u0131y\u0131r. He\u00e7 bir \u00f6lk\u0259 qondarma rejimi tan\u0131m\u0131r v\u0259 \u0259min\u0259m ki, tan\u0131mayacaq. Bizim m\u00f6vqeyimiz ondan ibar\u0259tdir ki, bu m\u00fcnaqi\u015f\u0259 beyn\u0259lxalq h\u00fcququn norma v\u0259 prinsipl\u0259ri \u0259sas\u0131nda, \u00f6lk\u0259mizin \u0259razi b\u00fct\u00f6vl\u00fcy\u00fc \u00e7\u0259r\u00e7iv\u0259sind\u0259, BMT T\u0259hl\u00fck\u0259sizlik \u015euras\u0131n\u0131n q\u0259tnam\u0259l\u0259ri, Helsinki Yekun Akt\u0131 \u0259sas\u0131nda \u00f6z h\u0259llini tapmal\u0131d\u0131r. Bu, yegan\u0259 yoldur v\u0259 biz bu yolla gedirik v\u0259 ged\u0259c\u0259yik.<\/p>\n<p>Eyni zamanda, ordunun g\u00fcc\u00fcn\u00fc art\u0131r\u0131r\u0131q. Bu g\u00fcn Az\u0259rbaycan beyn\u0259lxalq reytinql\u0259r\u0259 \u0259sas\u0259n d\u00fcnya miqyas\u0131nda ordu potensial\u0131na g\u00f6r\u0259 50 \u00f6lk\u0259 aras\u0131ndad\u0131r. Bundan sonra da ordumuzun inki\u015faf\u0131, maddi-texniki bazas\u0131n\u0131n m\u00f6hk\u0259ml\u0259ndirilm\u0259si, m\u00fcasir texnika il\u0259 t\u0259chizat\u0131 \u00fc\u00e7\u00fcn laz\u0131mi add\u0131mlar at\u0131lacaqd\u0131r&#8221;.<\/p>\n<p>D\u00f6vl\u0259t ba\u015f\u00e7\u0131s\u0131 vur\u011fulay\u0131b ki, Heyd\u0259r \u018fliyev h\u0259r zaman m\u0259cburi k\u00f6\u00e7k\u00fcnl\u0259rin probleml\u0259ri il\u0259 maraqlan\u0131rd\u0131, onlara b\u00f6y\u00fck qay\u011f\u0131, diqq\u0259t g\u00f6st\u0259rirdi: &#8220;O vaxt biz donor t\u0259\u015fkilatlardan b\u00f6y\u00fck d\u0259r\u0259c\u0259d\u0259 as\u0131l\u0131 idik, \u00e7\u00fcnki bizim maliyy\u0259 imkanlar\u0131m\u0131z yox idi. O vaxt b\u00f6y\u00fck i\u015fl\u0259r g\u00f6r\u00fcld\u00fc ki, beyn\u0259lxalq t\u0259\u015fkilatlar Az\u0259rbaycana yard\u0131m g\u00f6st\u0259rsinl\u0259r v\u0259 bu yard\u0131m hesab\u0131na m\u00fc\u0259yy\u0259n m\u0259nada k\u00f6\u00e7k\u00fcnl\u0259r\u0259 \u015f\u0259rait yarad\u0131ld\u0131. Heyd\u0259r \u018fliyev g\u00f6st\u0259ri\u015f verdi ki, ilk neftd\u0259n Az\u0259rbaycan D\u00f6vl\u0259t Neft Fonduna daxil olan g\u0259liri m\u0259cburi k\u00f6\u00e7k\u00fcnl\u0259rin probleml\u0259rinin h\u0259llin\u0259 istifad\u0259 ed\u0259k. Bel\u0259 d\u0259 oldu. Yad\u0131mdad\u0131r, ya\u011f\u0131\u015fl\u0131 hava idi, g\u00f6z\u0259l m\u0259nz\u0259r\u0259li yer idi, Heyd\u0259r \u018fliyev \u00f6z\u00fc \u015f\u0259xs\u0259n o k\u00f6\u00e7k\u00fcn q\u0259s\u0259b\u0259sinin a\u00e7\u0131l\u0131\u015f\u0131n\u0131 qeyd etdi. Bu g\u00fcn bu siyas\u0259t davam etdirilir. Bu g\u00fcn\u0259 q\u0259d\u0259r y\u00fczd\u0259n \u00e7ox \u015f\u0259h\u0259rcik sal\u0131n\u0131b, 100 minl\u0259rl\u0259 k\u00f6\u00e7k\u00fcn yeni evl\u0259rl\u0259, m\u0259nzill\u0259rl\u0259 t\u0259min edilib&#8221;.<\/p>\n<p>Prezident \u0130lham \u018fliyev deyib ki, bu ill\u0259rd\u0259 dig\u0259r sosial layih\u0259l\u0259ri u\u011furla icra edilib:<\/p>\n<p>&#8220;Son 15 il \u0259rzind\u0259 \u0259m\u0259khaqq\u0131n\u0131n, pensiyan\u0131n 10 d\u0259f\u0259y\u0259 yax\u0131n art\u0131r\u0131lmas\u0131 bizim sosial siyas\u0259timizi g\u00f6st\u0259rir. Biz iqtisadiyyat\u0131n \u015fax\u0259l\u0259ndirilm\u0259si istiqam\u0259tind\u0259 b\u00f6y\u00fck i\u015fl\u0259r g\u00f6rm\u00fc\u015f\u00fck. Bu g\u00fcn bu istiqam\u0259td\u0259 i\u015fl\u0259r davam etdirilir. \u0130qtisadiyyat\u0131n neft-qaz amilind\u0259n as\u0131l\u0131l\u0131\u011f\u0131n\u0131 azaltmaq \u00fc\u00e7\u00fcn praktiki add\u0131mlar at\u0131l\u0131r. Son 15 il \u0259rzind\u0259 iqtisadiyyat 3 d\u0259f\u0259 art\u0131b, \u00e7ox g\u00f6z\u0259l biznes m\u00fchiti yarad\u0131l\u0131b. D\u00fcnya Bank\u0131n\u0131n hesablamalar\u0131na g\u00f6r\u0259, biz bu g\u00f6st\u0259rici \u00fczr\u0259 d\u00fcnya miqyas\u0131nda 25-ci yerd\u0259yik. Y\u0259ni, islahatlar apar\u0131ld\u0131 v\u0259 \u00f6lk\u0259 qar\u015f\u0131s\u0131nda duran probleml\u0259r h\u0259ll olunma\u011fa ba\u015fland\u0131. \u018fg\u0259r biz buraya texnoloji inki\u015faf\u0131 \u0259lav\u0259 ets\u0259k, dey\u0259 bil\u0259rik ki, bu g\u00fcn Az\u0259rbaycan\u0131n 3 peyki var, Az\u0259rbaycan kosmik klubun \u00fczv\u00fcd\u00fcr. Bu da b\u00f6y\u00fck nailiyy\u0259tdir, tarixi nailiyy\u0259tdir. Enerji t\u0259hl\u00fck\u0259sizliyi sah\u0259sind\u0259 g\u00f6r\u00fcn n\u0259 q\u0259d\u0259r b\u00f6y\u00fck i\u015fl\u0259r g\u00f6r\u00fcld\u00fc. Heyd\u0259r \u018fliyevin \u00f6z \u0259ll\u0259ri il\u0259 t\u0259m\u0259lini qoydu\u011fu Bak\u0131-Tbilisi-Ceyhan art\u0131q 13 ildir ki, f\u0259aliyy\u0259t g\u00f6st\u0259rir v\u0259 \u00f6lk\u0259miz\u0259 g\u0259lir g\u0259tirir. Bu g\u0259lir xalq\u0131n rifah hal\u0131n\u0131n yax\u015f\u0131la\u015fmas\u0131na, infrastruktur layih\u0259l\u0259rinin icras\u0131na y\u00f6n\u0259ldilir. Bu g\u00fcn biz daha b\u00f6y\u00fck enerji layih\u0259sini icra edirik v\u0259 \u0259min\u0259m ki, u\u011furla ba\u015fa vuraca\u011f\u0131q. Baxmayaraq ki, a\u00e7\u0131q d\u0259niz\u0259 \u00e7\u0131x\u0131\u015f\u0131m\u0131z yoxdur, biz Az\u0259rbaycan\u0131 n\u0259qliyyat m\u0259rk\u0259zin\u0259 \u00e7evirmi\u015fik. Bu sah\u0259y\u0259 qoyulan s\u0259rmay\u0259 g\u0259l\u0259c\u0259y\u0259 qoyulan s\u0259rmay\u0259dir. \u00c7\u00fcnki bundan sonra Az\u0259rbaycan onillikl\u0259r, y\u00fczillikl\u0259r \u0259rzind\u0259 tranzit imkanlar\u0131ndan istifad\u0259 ed\u0259r\u0259k \u00f6z b\u00fcdc\u0259sini art\u0131racaqd\u0131r. Az\u0259rbaycana daxil olacaq v\u0259sait, sad\u0259c\u0259, co\u011frafi v\u0259ziyy\u0259td\u0259n v\u0259 tranzit imkanlardan as\u0131l\u0131 olacaqd\u0131r&#8221;.<\/p>\n<p>D\u00f6vl\u0259t ba\u015f\u00e7\u0131s\u0131n\u0131n s\u00f6zl\u0259rin\u0259 g\u00f6r\u0259, \u0259ld\u0259 edilmi\u015f n\u0259tic\u0259l\u0259r haqq\u0131nda \u00e7ox dan\u0131\u015fmaq olar. Amma bizim \u0259sas v\u0259zif\u0259miz g\u0259l\u0259c\u0259y\u0259 bax\u0131\u015f\u0131m\u0131zd\u0131r:<\/p>\n<p>&#8220;Biz nec\u0259 inki\u015faf etm\u0259liyik, hans\u0131 yollarla inki\u015faf etm\u0259liyik? Bir \u015feyi q\u0259tiyy\u0259tl\u0259 dey\u0259 bil\u0259r\u0259m ki, biz \u0259ld\u0259 edilmi\u015f u\u011furlarla kifay\u0259tl\u0259nm\u0259m\u0259liyik. Biz daim ir\u0259liy\u0259 baxmal\u0131y\u0131q. D\u00fcnya d\u0259yi\u015fir, b\u00f6lg\u0259 d\u0259yi\u015fir, b\u00f6lg\u0259d\u0259 yeni \u00e7a\u011f\u0131r\u0131\u015flar meydana \u00e7\u0131x\u0131r, 15-20 il bundan \u0259vv\u0259l olan v\u0259ziyy\u0259t bu g\u00fcn tamamil\u0259 f\u0259rqlidir. B\u00f6lg\u0259nin, d\u00fcnyan\u0131n geosiyasi m\u0259nz\u0259r\u0259si tam f\u0259rqlidir v\u0259 biz buna haz\u0131r olmal\u0131y\u0131q. Ona g\u00f6r\u0259 h\u0259r bir m\u0259s\u0259l\u0259 il\u0259 ba\u011fl\u0131 biz \u00e7ox operativ v\u0259 \u00e7evik f\u0259aliyy\u0259t g\u00f6st\u0259rm\u0259liyik v\u0259 g\u00f6st\u0259ririk. \u00d6lk\u0259mizin maraqlar\u0131n\u0131 m\u00fcdafi\u0259 etm\u0259liyik. Biz bundan sonra da \u00e7al\u0131\u015fmal\u0131y\u0131q ki, Az\u0259rbaycan\u0131 m\u00fcmk\u00fcn olan riskl\u0259rd\u0259n qoruyaq, nec\u0259 ki, bu g\u00fcn\u0259 q\u0259d\u0259r qorumu\u015fuq. Bu, asan m\u0259s\u0259l\u0259 deyil. \u00c7\u00fcnki h\u0259r birimiz yax\u015f\u0131 bilirik ki, d\u00fcnyada g\u0259rginlik \u00e7oxal\u0131r, beyn\u0259lxalq h\u00fcququn normalar\u0131 pozulur, bu normalara m\u0259h\u0259l qoyulmur v\u0259 \u00f6lk\u0259l\u0259r aras\u0131nda g\u0259rginlik artmaqdad\u0131r. Ona g\u00f6r\u0259 bizim \u0259sas m\u0259qs\u0259dimiz u\u011furlu xarici siyas\u0259td\u0259n istifad\u0259 ed\u0259r\u0259k \u00f6lk\u0259miz \u00fc\u00e7\u00fcn m\u00f6vcud olan v\u0259 g\u0259l\u0259c\u0259k m\u00fcmk\u00fcn riskl\u0259ri azaltmaqd\u0131r. Biz bu istiqam\u0259td\u0259 f\u0259al i\u015fl\u0259yirik. Ancaq dey\u0259 bil\u0259r\u0259m ki, bu, asan m\u0259s\u0259l\u0259 deyil.<\/p>\n<p>Uzun ill\u0259rdir ki, Az\u0259rbaycanda sabitlik t\u0259min edilir. Sabitliyin t\u0259minat\u00e7\u0131s\u0131 Az\u0259rbaycan xalq\u0131d\u0131r. Xalq\u0131n bizim siyas\u0259t\u0259 g\u00f6st\u0259rdiyi d\u0259st\u0259k biz\u0259 g\u00fcc verir v\u0259 eyni zamanda, imkan verir ki, islahatlar\u0131 d\u0259rinl\u0259\u015fdir\u0259k v\u0259 Az\u0259rbaycan\u0131n u\u011furlu dayan\u0131ql\u0131 inki\u015faf\u0131n\u0131 t\u0259min ed\u0259k.<\/p>\n<p>Sabitlik h\u0259r bir \u00f6lk\u0259 \u00fc\u00e7\u00fcn x\u00fcsusi \u0259h\u0259miyy\u0259t da\u015f\u0131y\u0131r. D\u00fcnyaya, beyn\u0259lxalq m\u0259nz\u0259r\u0259y\u0259 bax\u0131n. Harada ki, sabitlik pozulur, \u00f6lk\u0259l\u0259r geriy\u0259 gedir, idar\u0259olunmaz v\u0259ziyy\u0259t\u0259 d\u00fc\u015f\u00fcr, \u00f6lk\u0259l\u0259rd\u0259 xo\u015fag\u0259lm\u0259z prosesl\u0259r ba\u015flay\u0131r, xarici t\u0259sir art\u0131r, daxili \u00e7\u0259ki\u015fm\u0259l\u0259r ba\u015f verir v\u0259 \u00f6lk\u0259l\u0259r \u00f6z g\u0259l\u0259c\u0259yini itirir. Son ill\u0259r \u0259rzind\u0259 sabitliyi pozulan \u00f6lk\u0259l\u0259rin bug\u00fcnk\u00fc m\u0259nz\u0259r\u0259sin\u0259 n\u0259z\u0259r sal\u0131n. N\u0259 g\u00f6r\u0259c\u0259yik? M\u00fcharib\u0259, qarda\u015f qan\u0131n\u0131n t\u00f6k\u00fclm\u0259si, da\u011f\u0131lm\u0131\u015f \u015f\u0259h\u0259rl\u0259r, s\u0131radan \u00e7\u0131xm\u0131\u015f infrastruktur, iflic v\u0259ziyy\u0259t\u0259 d\u00fc\u015fm\u00fc\u015f s\u0259naye, milyonlarla qa\u00e7q\u0131n-k\u00f6\u00e7k\u00fcn, \u00e7ad\u0131r \u015f\u0259h\u0259rcikl\u0259ri, o \u015f\u0259h\u0259rcikl\u0259r ki, biz onlardan 2007-ci ild\u0259 xilas olmu\u015fuq. M\u0259n o vaxt se\u00e7kiqaba\u011f\u0131 s\u00f6z vermi\u015fdim ki, 5 il \u0259rzind\u0259 bir d\u0259n\u0259 d\u0259 olsun \u00e7ad\u0131r \u015f\u0259h\u0259rciyi qalmayacaq. Bunu biz 4 il\u0259 etdik. Y\u0259ni, sabitliyin pozulmas\u0131 buna g\u0259tirib \u00e7\u0131xar\u0131r. H\u0259r bir insan bilm\u0259lidir ki, sabitlik b\u00f6y\u00fck s\u0259rv\u0259tdir. Biz bunu \u00e7ox b\u00f6y\u00fck f\u0259dakarl\u0131q g\u00f6st\u0259r\u0259r\u0259k \u0259ld\u0259 etmi\u015fik.<\/p>\n<p>Yad\u0131m\u0131za 1990-c\u0131 ill\u0259rin \u0259vv\u0259ll\u0259rini salaq. N\u0259l\u0259r ba\u015f verirdi? Az\u0259rbaycan idar\u0259olunmaz v\u0259ziyy\u0259td\u0259 idi, Az\u0259rbaycan m\u00fcst\u0259qil siyas\u0259t apara bilmirdi. M\u00fcxt\u0259lif \u00e7axna\u015fmalar, toqqu\u015fmalar \u00f6lk\u0259mizi tamamil\u0259 iflic v\u0259ziyy\u0259t\u0259 salm\u0131\u015fd\u0131. Bundan istifad\u0259 ed\u0259n Erm\u0259nistan torpaqlar\u0131m\u0131z\u0131 z\u0259bt etdi. \u018fg\u0259r o vaxt Az\u0259rbaycanda sabitlik olsayd\u0131 v\u0259 \u0259g\u0259r o vaxt Heyd\u0259r \u018fliyev kimi \u015f\u0259xsiyy\u0259t Az\u0259rbaycan\u0131n r\u0259hb\u0259ri olsayd\u0131, he\u00e7 vaxt torpaqlar\u0131m\u0131z i\u015f\u011fal alt\u0131na d\u00fc\u015f\u0259 bilm\u0259zdi. Ona g\u00f6r\u0259 biz bilm\u0259liyik ki, sabitliyin m\u00f6vcudlu\u011fu Az\u0259rbaycan\u0131n, g\u0259nc n\u0259slin xo\u015fb\u0259xt g\u0259l\u0259c\u0259yidir. Bir daha dem\u0259k ist\u0259yir\u0259m ki, Az\u0259rbaycanda sabitlik m\u00f6hk\u0259m qorunur. D\u00fczd\u00fcr, b\u0259zi c\u0259hdl\u0259r g\u00f6st\u0259rilir, tam iflasa d\u00fc\u00e7ar olmu\u015f b\u0259zi qrupla\u015fmalar, hans\u0131lar ki, Az\u0259rbaycan\u0131 1990-c\u0131 ill\u0259rd\u0259 b\u0259rbad v\u0259ziyy\u0259t\u0259 qoydular, h\u0259min d\u0259st\u0259l\u0259r yen\u0259 d\u0259 n\u0259 is\u0259 \u0259ld\u0259 etm\u0259y\u0259 \u00e7al\u0131\u015f\u0131rlar. \u0130ndi onlar\u0131n m\u00fcbariz\u0259 \u00fcsulu yalan, \u015f\u0259r, b\u00f6htan, uydurma, iftirad\u0131r. Onlar\u0131n bundan ba\u015fqa m\u00fcbariz\u0259 \u00fcsulu yoxdur v\u0259 m\u00fcxt\u0259lif media vasit\u0259l\u0259rind\u0259n istifad\u0259 ed\u0259r\u0259k \u00f6lk\u0259miz\u0259 qara yax\u0131rlar. H\u0259m \u00f6lk\u0259 daxilind\u0259, h\u0259m d\u0259 xaricd\u0259 \u00e7ox eyb\u0259c\u0259r bir m\u0259nz\u0259r\u0259 yaratma\u011fa \u00e7al\u0131\u015f\u0131rlar. Az\u0259rbaycan xalq\u0131 onlar\u0131 yax\u015f\u0131 tan\u0131y\u0131r. M\u0259hz onlar Az\u0259rbaycan\u0131 b\u0259rbad v\u0259ziyy\u0259t\u0259 qoydular, onlar \u00f6lk\u0259mizi da\u011f\u0131td\u0131lar, onlar v\u0259t\u0259nda\u015f m\u00fcharib\u0259sin\u0259 start verdil\u0259r, qarda\u015f qan\u0131 t\u00f6kd\u00fcl\u0259r. Az\u0259rbaycan xalq\u0131 he\u00e7 vaxt imkan verm\u0259z ki, antimilli, x\u0259yan\u0259tkar \u00fcns\u00fcrl\u0259r Az\u0259rbaycanda n\u0259 is\u0259 \u0259ld\u0259 etsinl\u0259r. Az\u0259rbaycan xalq\u0131 m\u00fcdrik xalqd\u0131r v\u0259 h\u0259r \u015feyi yax\u015f\u0131 bilir&#8221;.<\/p>\n<p>Prezident \u0130lham \u018fliyev deyib: &#8220;Biz bundan sonra da islahatlar yolu il\u0259 ged\u0259c\u0259yik. \u00c7\u00fcnki bir daha dem\u0259k ist\u0259yir\u0259m, \u0259ld\u0259 edilmi\u015f n\u0259tic\u0259l\u0259r, hesab edir\u0259m ki, tarixd\u0259 qalmal\u0131d\u0131r. Biz bunu bilm\u0259liyik ki, haradan g\u0259lmi\u015fik, hara \u00e7atm\u0131\u015f\u0131q. Ancaq bu, tarixdir, biz g\u0259l\u0259c\u0259y\u0259 baxmal\u0131y\u0131q. Bu g\u00fcn iqtisadi sah\u0259d\u0259 apar\u0131lan islahatlar b\u00fct\u00fcn m\u00f6t\u0259b\u0259r beyn\u0259lxalq maliyy\u0259 qurumlar\u0131 t\u0259r\u0259find\u0259n y\u00fcks\u0259k qiym\u0259tl\u0259ndirilir. D\u00fcnya Bank\u0131, Avropa Yenid\u0259nqurma v\u0259 \u0130nki\u015faf Bank\u0131, Asiya \u0130nki\u015faf Bank\u0131, Avropa \u0130nvestisiya Bank\u0131, bizim t\u0259r\u0259fda\u015flar\u0131m\u0131z Az\u0259rbaycana b\u00f6y\u00fck kreditl\u0259r verirl\u0259r. N\u0259y\u0259 g\u00f6r\u0259? Ona g\u00f6r\u0259 ki, biz\u0259 inan\u0131rlar. Birinci n\u00f6vb\u0259d\u0259 g\u00f6r\u00fcrl\u0259r ki, islahatlar s\u0259m\u0259r\u0259 verir, dig\u0259r t\u0259r\u0259fd\u0259n Az\u0259rbaycan\u0131n u\u011furlu g\u0259l\u0259c\u0259yin\u0259 inan\u0131rlar. \u018fg\u0259r bel\u0259 olmasayd\u0131, milyardlarla dollar\u0131 Az\u0259rbaycana kredit \u015f\u0259klind\u0259 ver\u0259rdil\u0259rmi? \u018flb\u0259tt\u0259 ki, yox.<\/p>\n<p>\u0130qtisadi sah\u0259d\u0259 apar\u0131lan islahatlar h\u0259r bir v\u0259t\u0259nda\u015f\u0131n h\u0259yat\u0131nda \u00f6z \u0259ksini tapmal\u0131d\u0131r v\u0259 tap\u0131r. Biz \u0259m\u0259khaqlar\u0131n\u0131, pensiyalar\u0131, m\u00fcavin\u0259tl\u0259ri n\u0259yin hesab\u0131na art\u0131r\u0131r\u0131q? Ona g\u00f6r\u0259 ki, daha da s\u0259m\u0259r\u0259li i\u015fl\u0259yirik, ona g\u00f6r\u0259 ki, b\u00fcdc\u0259 daxilolmalar\u0131 art\u0131r v\u0259 artacaq. Biz h\u0259l\u0259 islahatlar\u0131n n\u00f6vb\u0259ti m\u0259rh\u0259l\u0259sinin ba\u015flan\u011f\u0131c\u0131nday\u0131q v\u0259 bu ilin d\u00f6rd ay\u0131n\u0131n yekunlar\u0131 dem\u0259y\u0259 \u0259sas verir ki, \u00e7ox b\u00f6y\u00fck n\u0259tic\u0259l\u0259r \u0259ld\u0259 edilir. Bu, biz\u0259 imkan verir ki, sosial sah\u0259y\u0259 h\u0259m maddi t\u0259minat, h\u0259m d\u0259 islahatlar bax\u0131m\u0131ndan daha b\u00f6y\u00fck diqq\u0259t g\u00f6st\u0259rilsin. D\u00fcn\u0259n, Ulu \u00d6nd\u0259rin do\u011fum g\u00fcn\u00fc \u0259r\u0259f\u0259sind\u0259 ilk DOST M\u0259rk\u0259zi yarad\u0131ld\u0131. Bu da sosial t\u0259minat sah\u0259sind\u0259 bir inqilabd\u0131r. Nec\u0259 ki, vaxtil\u0259 &#8220;ASAN xidm\u0259t&#8221; m\u0259rk\u0259zi ictimai xidm\u0259tl\u0259r sah\u0259sind\u0259 bir inqilab oldu. Art\u0131q 6 milyondan \u00e7ox insan &#8220;ASAN xidm\u0259t&#8221;d\u0259n istifad\u0259 edib. Bu, Az\u0259rbaycan brendidir, biz indi bu brendi intellektual m\u0259hsul kimi ba\u015fqa \u00f6lk\u0259l\u0259r\u0259 ixrac edirik. Ona g\u00f6r\u0259 islahatlar\u0131n davam etdirilm\u0259si z\u0259ruridir v\u0259 bunun ba\u015fqa yolu yoxdur.<\/p>\n<p>M\u0259hk\u0259m\u0259-h\u00fcquq sistemind\u0259 islahatlar\u0131n d\u0259rinl\u0259\u015fm\u0259si il\u0259 ba\u011fl\u0131 bu yax\u0131nlarda F\u0259rman imzalan\u0131b. \u0130ndi \u0259m\u0259li i\u015fl\u0259r apar\u0131l\u0131r ki, F\u0259rman\u0131n icra edilm\u0259sin\u0259 ba\u015flans\u0131n. Bu da bir ciddi islahat olacaq. \u0130cbari-tibbi s\u0131\u011forta Az\u0259rbaycanda pilot layih\u0259 kimi icra edilibdir v\u0259 n\u0259tic\u0259l\u0259r h\u0259ddind\u0259n art\u0131q m\u00fcsb\u0259tdir. Biz b\u0259lk\u0259 d\u0259 he\u00e7 g\u00f6zl\u0259mirdik ki, bu q\u0259d\u0259r m\u00fcsb\u0259t n\u0259tic\u0259l\u0259r olacaq. Bu, h\u0259m \u0259hali, h\u0259m h\u0259kiml\u0259r t\u0259r\u0259find\u0259n, h\u0259m d\u0259 b\u00fct\u00fcn dig\u0259r sah\u0259l\u0259rd\u0259 y\u00fcks\u0259k qiym\u0259tl\u0259ndirilir. Biz qaba\u011fa baxmal\u0131y\u0131q. D\u00fcnya d\u0259yi\u015fir, bir daha dem\u0259k ist\u0259yir\u0259m, biz \u00f6n s\u0131ralarda olmal\u0131y\u0131q v\u0259 olaca\u011f\u0131q da. \u00c7\u00fcnki \u00fcf\u00fcql\u0259r a\u00e7\u0131qd\u0131r, siyas\u0259timiz tam ayd\u0131nd\u0131r v\u0259 g\u0259l\u0259c\u0259y\u0259 nikbinlikl\u0259 baxmaq \u00fc\u00e7\u00fcn b\u00fct\u00fcn \u0259saslar var&#8221;.<\/p>\n<p>D\u00f6vl\u0259t ba\u015f\u00e7\u0131s\u0131 \u0259lav\u0259 edib: &#8220;Biz bu g\u00fcn, eyni zamanda Heyd\u0259r \u018fliyev Fondunun 15 illiyini qeyd edirik. On be\u015f il bundan \u0259vv\u0259l Fond yarad\u0131ld\u0131 v\u0259 bu ill\u0259r \u0259rzind\u0259 bir \u00e7ox sah\u0259l\u0259rd\u0259 &#8211; m\u0259d\u0259niyy\u0259t, inc\u0259s\u0259n\u0259t, t\u0259hsil v\u0259 dig\u0259r sah\u0259l\u0259rd\u0259 \u00e7ox b\u00f6y\u00fck i\u015fl\u0259r g\u00f6rd\u00fc. T\u0259hsil sah\u0259sind\u0259 dey\u0259 bil\u0259r\u0259m ki, Fondun t\u0259\u015f\u0259bb\u00fcs\u00fc il\u0259 ba\u015flanan &#8220;Yenil\u0259\u015f\u0259n Az\u0259rbaycana yeni m\u0259kt\u0259b&#8221; proqram\u0131 \u00f6lk\u0259 miqyas\u0131nda geni\u015f v\u00fcs\u0259t ald\u0131 v\u0259 ondan sonra d\u00f6vl\u0259t x\u0259tti il\u0259 3 min 200-d\u0259n \u00e7ox m\u0259kt\u0259b tikildi, t\u0259mir edildi. Fond s\u0259hiyy\u0259 sah\u0259sind\u0259 \u00e7ox b\u00f6y\u00fck i\u015fl\u0259r g\u00f6r\u00fcr v\u0259 bir \u00e7ox hallarda bu i\u015fl\u0259r haqq\u0131nda he\u00e7 m\u0259lumat da verilmir. Y\u0259ni, ictimaiyy\u0259t b\u0259lk\u0259 d\u0259 m\u0259lumatl\u0131 deyil ki, n\u0259 q\u0259d\u0259r b\u00f6y\u00fck i\u015fl\u0259r g\u00f6r\u00fcl\u00fcr, n\u0259 q\u0259d\u0259r insana k\u00f6m\u0259k g\u00f6st\u0259rilir, n\u0259 q\u0259d\u0259r insan\u0131 &#8211; u\u015fa\u011f\u0131, x\u0259st\u0259ni Fondun x\u0259tti il\u0259 apar\u0131lan m\u00fcalic\u0259 normal h\u0259yata qaytar\u0131b. Fondun \u00e7ox\u015fax\u0259li f\u0259aliyy\u0259ti Az\u0259rbaycan\u0131 d\u00fcnyada tan\u0131d\u0131r. Fondun d\u00fcnya miqyas\u0131nda \u00e7ox b\u00f6y\u00fck h\u00f6rm\u0259ti var. Az\u0259rbaycan reall\u0131qlar\u0131n\u0131n d\u00fcnyaya \u00e7atd\u0131r\u0131lmas\u0131 istiqam\u0259tind\u0259 &#8211; bizim musiqimizi, xal\u00e7a\u00e7\u0131l\u0131q s\u0259n\u0259tini, mu\u011fam s\u0259n\u0259tini, dig\u0259r m\u0259d\u0259niyy\u0259t incil\u0259rimizi d\u00fcnyaya \u00e7atd\u0131rmaq, t\u0259qdim etm\u0259k \u00fc\u00e7\u00fcn Fond \u00e7ox b\u00f6y\u00fck i\u015fl\u0259r g\u00f6r\u00fcr. Kitablar \u00e7ap olunur, diskl\u0259r haz\u0131rlan\u0131r, s\u0259rgil\u0259r, elmi-praktik konfranslar, simpoziumlar ke\u00e7irilir. M\u0259n Fondun \u0259m\u0259kda\u015flar\u0131n\u0131 \u0259ld\u0259 edilmi\u015f u\u011furlar m\u00fcnasib\u0259til\u0259 t\u0259brik edir\u0259m v\u0259 eyni zamanda, bildirm\u0259k ist\u0259yir\u0259m ki, Fond Ulu \u00d6nd\u0259rin siyasi irsini t\u0259bli\u011f etm\u0259k \u00fc\u00e7\u00fcn d\u0259 b\u00f6y\u00fck i\u015fl\u0259r g\u00f6r\u00fcr.<\/p>\n<p>Biz Ulu \u00d6nd\u0259rin do\u011fum g\u00fcn\u00fcn\u00fc yax\u015f\u0131 n\u0259tic\u0259l\u0259rl\u0259, b\u00f6y\u00fck planlarla qar\u015f\u0131lay\u0131r\u0131q. \u018fmin\u0259m ki, b\u00fct\u00fcn planlar realla\u015facaq. Nec\u0259 ki, bu g\u00fcn\u0259 q\u0259d\u0259r realla\u015f\u0131b, bundan sonra da realla\u015facaq. \u00c7\u00fcnki buna bizim irad\u0259miz d\u0259 \u00e7at\u0131r, g\u00fcc\u00fcm\u00fcz d\u0259 var, xalq da bizim siyas\u0259timizi d\u0259st\u0259kl\u0259yir. Biz bundan sonra yaln\u0131z v\u0259 yaln\u0131z u\u011furlar v\u0259 q\u0259l\u0259b\u0259l\u0259r yolu il\u0259 ged\u0259c\u0259yik&#8221;.<\/p>\n","protected":false},"excerpt":{"rendered":"<p>Bu g\u00fcn ulu \u00f6nd\u0259r Heyd\u0259r \u018fliyevin anadan olmas\u0131n\u0131n 96-c\u0131 ild\u00f6n\u00fcm\u00fcd\u00fcr. Bu g\u00fcn Az\u0259rbaycan xalq\u0131 bir daha Ulu \u00d6nd\u0259rin \u0259ziz xatir\u0259sin\u0259 h\u00f6rm\u0259t v\u0259 ehtiram\u0131n\u0131 bildirir. Az\u0259rbaycan xalq\u0131 Heyd\u0259r \u018fliyevi sevirdi, ona inan\u0131rd\u0131, ona h\u0259mi\u015f\u0259 d\u0259st\u0259k olurdu. O is\u0259 \u00f6z h\u0259yat\u0131n\u0131 Az\u0259rbaycan xalq\u0131na h\u0259sr etmi\u015fdir. ARANTV.AZ az\u0259rtac-a istinad\u0259n bildirir ki, bunu Az\u0259rbaycan Prezidenti \u0130lham \u018fliyev may\u0131n 10-da Az\u0259rbaycan xalq\u0131n\u0131n \u00fcmummilli lideri Heyd\u0259r \u018fliyevin anadan olmas\u0131n\u0131n 96-c\u0131 ild\u00f6n\u00fcm\u00fcn\u0259 v\u0259 Heyd\u0259r \u018fliyev Fondunun yarad\u0131lmas\u0131n\u0131n 15 illiyin\u0259 h\u0259sr olunmu\u015f t\u0259nt\u0259n\u0259li m\u0259rasimd\u0259 \u00e7\u0131x\u0131\u015f\u0131 zaman\u0131 deyib. Prezident \u0130lham \u018fliyev bildirib ki, b\u00fct\u00fcn d\u00f6vrl\u0259rd\u0259 Heyd\u0259r \u018fliyev \u00f6z xalq\u0131na&hellip;<\/p>\n","protected":false},"author":2,"featured_media":56903,"comment_status":"closed","ping_status":"closed","sticky":false,"template":"","format":"standard","meta":{"om_disable_all_campaigns":false,"_monsterinsights_skip_tracking":false,"_monsterinsights_sitenote_active":false,"_monsterinsights_sitenote_note":"","_monsterinsights_sitenote_category":0},"categories":[4],"tags":[],"aioseo_notices":[],"gutentor_comment":0,"rttpg_featured_image_url":{"full":["https:\/\/arantv.az\/wp-content\/uploads\/2019\/05\/753895.jpg",1280,893,false],"landscape":["https:\/\/arantv.az\/wp-content\/uploads\/2019\/05\/753895.jpg",1280,893,false],"portraits":["https:\/\/arantv.az\/wp-content\/uploads\/2019\/05\/753895.jpg",1280,893,false],"thumbnail":["https:\/\/arantv.az\/wp-content\/uploads\/2019\/05\/753895-150x150.jpg",150,150,true],"medium":["https:\/\/arantv.az\/wp-content\/uploads\/2019\/05\/753895-300x209.jpg",300,209,true],"large":["https:\/\/arantv.az\/wp-content\/uploads\/2019\/05\/753895-1024x714.jpg",640,446,true],"1536x1536":["https:\/\/arantv.az\/wp-content\/uploads\/2019\/05\/753895.jpg",1280,893,false],"2048x2048":["https:\/\/arantv.az\/wp-content\/uploads\/2019\/05\/753895.jpg",1280,893,false],"post-thumbnail":["https:\/\/arantv.az\/wp-content\/uploads\/2019\/05\/753895-240x172.jpg",240,172,true],"advps-thumb-one":["https:\/\/arantv.az\/wp-content\/uploads\/2019\/05\/753895-1200x620.jpg",1200,620,true]},"rttpg_author":{"display_name":"V\u00fcsal Rafiqo\u011flu","author_link":"https:\/\/arantv.az\/?author=2"},"rttpg_comment":0,"rttpg_category":"<a href=\"https:\/\/arantv.az\/?cat=4\" rel=\"category\">Siyas\u0259t<\/a>","rttpg_excerpt":"Bu g\u00fcn ulu \u00f6nd\u0259r Heyd\u0259r \u018fliyevin anadan olmas\u0131n\u0131n 96-c\u0131 ild\u00f6n\u00fcm\u00fcd\u00fcr. Bu g\u00fcn Az\u0259rbaycan xalq\u0131 bir daha Ulu \u00d6nd\u0259rin \u0259ziz xatir\u0259sin\u0259 h\u00f6rm\u0259t v\u0259 ehtiram\u0131n\u0131 bildirir. Az\u0259rbaycan xalq\u0131 Heyd\u0259r \u018fliyevi sevirdi, ona inan\u0131rd\u0131, ona h\u0259mi\u015f\u0259 d\u0259st\u0259k olurdu. O is\u0259 \u00f6z h\u0259yat\u0131n\u0131 Az\u0259rbaycan xalq\u0131na h\u0259sr etmi\u015fdir. ARANTV.AZ az\u0259rtac-a istinad\u0259n bildirir ki, bunu Az\u0259rbaycan Prezidenti \u0130lham \u018fliyev may\u0131n 10-da&hellip;","_links":{"self":[{"href":"https:\/\/arantv.az\/index.php?rest_route=\/wp\/v2\/posts\/56902"}],"collection":[{"href":"https:\/\/arantv.az\/index.php?rest_route=\/wp\/v2\/posts"}],"about":[{"href":"https:\/\/arantv.az\/index.php?rest_route=\/wp\/v2\/types\/post"}],"author":[{"embeddable":true,"href":"https:\/\/arantv.az\/index.php?rest_route=\/wp\/v2\/users\/2"}],"replies":[{"embeddable":true,"href":"https:\/\/arantv.az\/index.php?rest_route=%2Fwp%2Fv2%2Fcomments&post=56902"}],"version-history":[{"count":0,"href":"https:\/\/arantv.az\/index.php?rest_route=\/wp\/v2\/posts\/56902\/revisions"}],"wp:featuredmedia":[{"embeddable":true,"href":"https:\/\/arantv.az\/index.php?rest_route=\/wp\/v2\/media\/56903"}],"wp:attachment":[{"href":"https:\/\/arantv.az\/index.php?rest_route=%2Fwp%2Fv2%2Fmedia&parent=56902"}],"wp:term":[{"taxonomy":"category","embeddable":true,"href":"https:\/\/arantv.az\/index.php?rest_route=%2Fwp%2Fv2%2Fcategories&post=56902"},{"taxonomy":"post_tag","embeddable":true,"href":"https:\/\/arantv.az\/index.php?rest_route=%2Fwp%2Fv2%2Ftags&post=56902"}],"curies":[{"name":"wp","href":"https:\/\/api.w.org\/{rel}","templated":true}]}}