{"id":56905,"date":"2019-05-11T08:43:59","date_gmt":"2019-05-11T05:43:59","guid":{"rendered":"http:\/\/arantv.az\/?p=56905"},"modified":"2019-05-11T08:43:59","modified_gmt":"2019-05-11T05:43:59","slug":"az%c9%99rbaycan-karbamid-gubr%c9%99l%c9%99rinin-ixracina-n%c9%99-zaman-baslayacaq","status":"publish","type":"post","link":"https:\/\/arantv.az\/?p=56905","title":{"rendered":"Az\u0259rbaycan karbamid g\u00fcbr\u0259l\u0259rinin ixrac\u0131na n\u0259 zaman ba\u015flayacaq?"},"content":{"rendered":"<p><strong>&#8220;SOCAR karbamid&#8221; zavodu bu ilin may-iyun aylar\u0131nda karbamid g\u00fcbr\u0259l\u0259rinin ixrac\u0131na ba\u015flayacaq.<\/strong><\/p>\n<p><strong>ARANTV.AZ<\/strong>\u00a0 x\u0259b\u0259r verir ki, bu bar\u0259d\u0259<span style=\"color: #000000;\">\u00a0<a style=\"color: #000000;\" href=\"http:\/\/trend.az\/\" target=\"_blank\" rel=\"noopener\">Trend<\/a><\/span>-\u0259 SOCAR-dan bildiribl\u0259r.<\/p>\n<p>M\u0259lumata \u0259sas\u0259n, m\u0259hsulun b\u00f6y\u00fck hiss\u0259si T\u00fcrkiy\u0259y\u0259 t\u0259dar\u00fck olunacaq.<\/p>\n<p>Bundan ba\u015fqa, Qara d\u0259niz v\u0259 Aral\u0131q d\u0259nizi \u00f6lk\u0259l\u0259rinin bazar\u0131na \u00e7\u0131xmaq planla\u015fd\u0131r\u0131l\u0131r.<\/p>\n<p>Qeyd ed\u0259k ki, &#8220;SOCAR karbamid&#8221; zavodu yanvar\u0131n 16-da istifad\u0259y\u0259 verilib. Zavod ild\u0259 600-650 min ton karbamid m\u0259hsulu istehsal etm\u0259k g\u00fcc\u00fcnd\u0259dir.<\/p>\n<p>Haz\u0131rda &#8220;SOCAR karbamid&#8221; zavodu \u00f6lk\u0259nin qeyri-neft sektorunda \u0259n iri layih\u0259dir v\u0259 bu layih\u0259nin d\u0259y\u0259ri t\u0259xmin\u0259n 800 milyon avro t\u0259\u015fkil edib.<\/p>\n","protected":false},"excerpt":{"rendered":"<p>&#8220;SOCAR karbamid&#8221; zavodu bu ilin may-iyun aylar\u0131nda karbamid g\u00fcbr\u0259l\u0259rinin ixrac\u0131na ba\u015flayacaq. ARANTV.AZ\u00a0 x\u0259b\u0259r verir ki, bu bar\u0259d\u0259\u00a0Trend-\u0259 SOCAR-dan bildiribl\u0259r. M\u0259lumata \u0259sas\u0259n, m\u0259hsulun b\u00f6y\u00fck hiss\u0259si T\u00fcrkiy\u0259y\u0259 t\u0259dar\u00fck olunacaq. Bundan ba\u015fqa, Qara d\u0259niz v\u0259 Aral\u0131q d\u0259nizi \u00f6lk\u0259l\u0259rinin bazar\u0131na \u00e7\u0131xmaq planla\u015fd\u0131r\u0131l\u0131r. Qeyd ed\u0259k ki, &#8220;SOCAR karbamid&#8221; zavodu yanvar\u0131n 16-da istifad\u0259y\u0259 verilib. Zavod ild\u0259 600-650 min ton karbamid m\u0259hsulu istehsal etm\u0259k g\u00fcc\u00fcnd\u0259dir. Haz\u0131rda &#8220;SOCAR karbamid&#8221; zavodu \u00f6lk\u0259nin qeyri-neft sektorunda \u0259n iri layih\u0259dir v\u0259 bu layih\u0259nin d\u0259y\u0259ri t\u0259xmin\u0259n 800 milyon avro t\u0259\u015fkil edib.<\/p>\n","protected":false},"author":2,"featured_media":56906,"comment_status":"closed","ping_status":"closed","sticky":false,"template":"","format":"standard","meta":{"om_disable_all_campaigns":false,"_monsterinsights_skip_tracking":false,"_monsterinsights_sitenote_active":false,"_monsterinsights_sitenote_note":"","_monsterinsights_sitenote_category":0},"categories":[19],"tags":[],"aioseo_notices":[],"gutentor_comment":0,"rttpg_featured_image_url":{"full":["https:\/\/arantv.az\/wp-content\/uploads\/2019\/05\/753925_00.jpg",800,600,false],"landscape":["https:\/\/arantv.az\/wp-content\/uploads\/2019\/05\/753925_00.jpg",800,600,false],"portraits":["https:\/\/arantv.az\/wp-content\/uploads\/2019\/05\/753925_00.jpg",800,600,false],"thumbnail":["https:\/\/arantv.az\/wp-content\/uploads\/2019\/05\/753925_00-150x150.jpg",150,150,true],"medium":["https:\/\/arantv.az\/wp-content\/uploads\/2019\/05\/753925_00-300x225.jpg",300,225,true],"large":["https:\/\/arantv.az\/wp-content\/uploads\/2019\/05\/753925_00.jpg",640,480,false],"1536x1536":["https:\/\/arantv.az\/wp-content\/uploads\/2019\/05\/753925_00.jpg",800,600,false],"2048x2048":["https:\/\/arantv.az\/wp-content\/uploads\/2019\/05\/753925_00.jpg",800,600,false],"post-thumbnail":["https:\/\/arantv.az\/wp-content\/uploads\/2019\/05\/753925_00-240x172.jpg",240,172,true],"advps-thumb-one":["https:\/\/arantv.az\/wp-content\/uploads\/2019\/05\/753925_00.jpg",800,600,false]},"rttpg_author":{"display_name":"V\u00fcsal Rafiqo\u011flu","author_link":"https:\/\/arantv.az\/?author=2"},"rttpg_comment":0,"rttpg_category":"<a href=\"https:\/\/arantv.az\/?cat=19\" rel=\"category\">G\u00fcnd\u0259m<\/a>","rttpg_excerpt":"&#8220;SOCAR karbamid&#8221; zavodu bu ilin may-iyun aylar\u0131nda karbamid g\u00fcbr\u0259l\u0259rinin ixrac\u0131na ba\u015flayacaq. ARANTV.AZ\u00a0 x\u0259b\u0259r verir ki, bu bar\u0259d\u0259\u00a0Trend-\u0259 SOCAR-dan bildiribl\u0259r. M\u0259lumata \u0259sas\u0259n, m\u0259hsulun b\u00f6y\u00fck hiss\u0259si T\u00fcrkiy\u0259y\u0259 t\u0259dar\u00fck olunacaq. Bundan ba\u015fqa, Qara d\u0259niz v\u0259 Aral\u0131q d\u0259nizi \u00f6lk\u0259l\u0259rinin bazar\u0131na \u00e7\u0131xmaq planla\u015fd\u0131r\u0131l\u0131r. Qeyd ed\u0259k ki, &#8220;SOCAR karbamid&#8221; zavodu yanvar\u0131n 16-da istifad\u0259y\u0259 verilib. Zavod ild\u0259 600-650 min ton karbamid m\u0259hsulu&hellip;","_links":{"self":[{"href":"https:\/\/arantv.az\/index.php?rest_route=\/wp\/v2\/posts\/56905"}],"collection":[{"href":"https:\/\/arantv.az\/index.php?rest_route=\/wp\/v2\/posts"}],"about":[{"href":"https:\/\/arantv.az\/index.php?rest_route=\/wp\/v2\/types\/post"}],"author":[{"embeddable":true,"href":"https:\/\/arantv.az\/index.php?rest_route=\/wp\/v2\/users\/2"}],"replies":[{"embeddable":true,"href":"https:\/\/arantv.az\/index.php?rest_route=%2Fwp%2Fv2%2Fcomments&post=56905"}],"version-history":[{"count":0,"href":"https:\/\/arantv.az\/index.php?rest_route=\/wp\/v2\/posts\/56905\/revisions"}],"wp:featuredmedia":[{"embeddable":true,"href":"https:\/\/arantv.az\/index.php?rest_route=\/wp\/v2\/media\/56906"}],"wp:attachment":[{"href":"https:\/\/arantv.az\/index.php?rest_route=%2Fwp%2Fv2%2Fmedia&parent=56905"}],"wp:term":[{"taxonomy":"category","embeddable":true,"href":"https:\/\/arantv.az\/index.php?rest_route=%2Fwp%2Fv2%2Fcategories&post=56905"},{"taxonomy":"post_tag","embeddable":true,"href":"https:\/\/arantv.az\/index.php?rest_route=%2Fwp%2Fv2%2Ftags&post=56905"}],"curies":[{"name":"wp","href":"https:\/\/api.w.org\/{rel}","templated":true}]}}