{"id":56911,"date":"2019-05-11T08:53:09","date_gmt":"2019-05-11T05:53:09","guid":{"rendered":"http:\/\/arantv.az\/?p=56911"},"modified":"2019-05-11T08:53:09","modified_gmt":"2019-05-11T05:53:09","slug":"az%c9%99rbaycanda-yuks%c9%99k-v%c9%99zif%c9%99li-m%c9%99murun-qardasi-x%c9%99rc%c9%99ngd%c9%99n-oldu","status":"publish","type":"post","link":"https:\/\/arantv.az\/?p=56911","title":{"rendered":"Az\u0259rbaycanda y\u00fcks\u0259k v\u0259zif\u0259li m\u0259murun qarda\u015f\u0131 X\u018fR\u00c7\u018fNGD\u018fN \u00d6LD\u00dc"},"content":{"rendered":"<p><strong>\u018fm\u0259k v\u0259 \u018fhalinin Sosial M\u00fcdafi\u0259si Nazirliyi yan\u0131nda D\u00f6vl\u0259t Sosial M\u00fcdafi\u0259 Fondunun Sabirabad rayon \u015f\u00f6b\u0259sinin ke\u00e7mi\u015f m\u00fcdiri \u018fliq\u0259m\u0259 Quliyev v\u0259fat edib.<\/strong><\/p>\n<p><b>ARANTV.AZ\u00a0<\/b>x\u0259b\u0259r verir ki, 1 il \u0259vv\u0259l i\u015fd\u0259n \u00e7\u0131xan v\u0259 onkoloji x\u0259st\u0259likd\u0259n \u0259ziyy\u0259t \u00e7\u0259k\u0259n \u018f.Quliyev ya\u015fad\u0131\u011f\u0131 rayonda d\u00fcnyas\u0131n\u0131 d\u0259yi\u015fib.<\/p>\n<p>Qeyd ed\u0259k ki, \u018f.Quliyev \u018fm\u0259k v\u0259 \u018fhalinin Sosial M\u00fcdafi\u0259si Nazirliyi D\u00f6vl\u0259t M\u0259\u015f\u011fulluq Xidm\u0259tinin r\u0259is m\u00fcavini C\u0259mal\u0259ddin Quliyevin qarda\u015f\u0131d\u0131r. Allah r\u0259hm\u0259t el\u0259sin.publika.az<\/p>\n","protected":false},"excerpt":{"rendered":"<p>\u018fm\u0259k v\u0259 \u018fhalinin Sosial M\u00fcdafi\u0259si Nazirliyi yan\u0131nda D\u00f6vl\u0259t Sosial M\u00fcdafi\u0259 Fondunun Sabirabad rayon \u015f\u00f6b\u0259sinin ke\u00e7mi\u015f m\u00fcdiri \u018fliq\u0259m\u0259 Quliyev v\u0259fat edib. ARANTV.AZ\u00a0x\u0259b\u0259r verir ki, 1 il \u0259vv\u0259l i\u015fd\u0259n \u00e7\u0131xan v\u0259 onkoloji x\u0259st\u0259likd\u0259n \u0259ziyy\u0259t \u00e7\u0259k\u0259n \u018f.Quliyev ya\u015fad\u0131\u011f\u0131 rayonda d\u00fcnyas\u0131n\u0131 d\u0259yi\u015fib. Qeyd ed\u0259k ki, \u018f.Quliyev \u018fm\u0259k v\u0259 \u018fhalinin Sosial M\u00fcdafi\u0259si Nazirliyi D\u00f6vl\u0259t M\u0259\u015f\u011fulluq Xidm\u0259tinin r\u0259is m\u00fcavini C\u0259mal\u0259ddin Quliyevin qarda\u015f\u0131d\u0131r. Allah r\u0259hm\u0259t el\u0259sin.publika.az<\/p>\n","protected":false},"author":2,"featured_media":56912,"comment_status":"closed","ping_status":"closed","sticky":false,"template":"","format":"standard","meta":{"om_disable_all_campaigns":false,"_monsterinsights_skip_tracking":false,"_monsterinsights_sitenote_active":false,"_monsterinsights_sitenote_note":"","_monsterinsights_sitenote_category":0},"categories":[1],"tags":[],"aioseo_notices":[],"gutentor_comment":0,"rttpg_featured_image_url":{"full":["https:\/\/arantv.az\/wp-content\/uploads\/2019\/05\/yas_cadiri_789.jpg",800,450,false],"landscape":["https:\/\/arantv.az\/wp-content\/uploads\/2019\/05\/yas_cadiri_789.jpg",800,450,false],"portraits":["https:\/\/arantv.az\/wp-content\/uploads\/2019\/05\/yas_cadiri_789.jpg",800,450,false],"thumbnail":["https:\/\/arantv.az\/wp-content\/uploads\/2019\/05\/yas_cadiri_789-150x150.jpg",150,150,true],"medium":["https:\/\/arantv.az\/wp-content\/uploads\/2019\/05\/yas_cadiri_789-300x169.jpg",300,169,true],"large":["https:\/\/arantv.az\/wp-content\/uploads\/2019\/05\/yas_cadiri_789.jpg",640,360,false],"1536x1536":["https:\/\/arantv.az\/wp-content\/uploads\/2019\/05\/yas_cadiri_789.jpg",800,450,false],"2048x2048":["https:\/\/arantv.az\/wp-content\/uploads\/2019\/05\/yas_cadiri_789.jpg",800,450,false],"post-thumbnail":["https:\/\/arantv.az\/wp-content\/uploads\/2019\/05\/yas_cadiri_789-240x172.jpg",240,172,true],"advps-thumb-one":["https:\/\/arantv.az\/wp-content\/uploads\/2019\/05\/yas_cadiri_789.jpg",800,450,false]},"rttpg_author":{"display_name":"V\u00fcsal Rafiqo\u011flu","author_link":"https:\/\/arantv.az\/?author=2"},"rttpg_comment":0,"rttpg_category":"<a href=\"https:\/\/arantv.az\/?cat=1\" rel=\"category\">C\u0259miyy\u0259t<\/a>","rttpg_excerpt":"\u018fm\u0259k v\u0259 \u018fhalinin Sosial M\u00fcdafi\u0259si Nazirliyi yan\u0131nda D\u00f6vl\u0259t Sosial M\u00fcdafi\u0259 Fondunun Sabirabad rayon \u015f\u00f6b\u0259sinin ke\u00e7mi\u015f m\u00fcdiri \u018fliq\u0259m\u0259 Quliyev v\u0259fat edib. ARANTV.AZ\u00a0x\u0259b\u0259r verir ki, 1 il \u0259vv\u0259l i\u015fd\u0259n \u00e7\u0131xan v\u0259 onkoloji x\u0259st\u0259likd\u0259n \u0259ziyy\u0259t \u00e7\u0259k\u0259n \u018f.Quliyev ya\u015fad\u0131\u011f\u0131 rayonda d\u00fcnyas\u0131n\u0131 d\u0259yi\u015fib. Qeyd ed\u0259k ki, \u018f.Quliyev \u018fm\u0259k v\u0259 \u018fhalinin Sosial M\u00fcdafi\u0259si Nazirliyi D\u00f6vl\u0259t M\u0259\u015f\u011fulluq Xidm\u0259tinin r\u0259is m\u00fcavini C\u0259mal\u0259ddin Quliyevin&hellip;","_links":{"self":[{"href":"https:\/\/arantv.az\/index.php?rest_route=\/wp\/v2\/posts\/56911"}],"collection":[{"href":"https:\/\/arantv.az\/index.php?rest_route=\/wp\/v2\/posts"}],"about":[{"href":"https:\/\/arantv.az\/index.php?rest_route=\/wp\/v2\/types\/post"}],"author":[{"embeddable":true,"href":"https:\/\/arantv.az\/index.php?rest_route=\/wp\/v2\/users\/2"}],"replies":[{"embeddable":true,"href":"https:\/\/arantv.az\/index.php?rest_route=%2Fwp%2Fv2%2Fcomments&post=56911"}],"version-history":[{"count":0,"href":"https:\/\/arantv.az\/index.php?rest_route=\/wp\/v2\/posts\/56911\/revisions"}],"wp:featuredmedia":[{"embeddable":true,"href":"https:\/\/arantv.az\/index.php?rest_route=\/wp\/v2\/media\/56912"}],"wp:attachment":[{"href":"https:\/\/arantv.az\/index.php?rest_route=%2Fwp%2Fv2%2Fmedia&parent=56911"}],"wp:term":[{"taxonomy":"category","embeddable":true,"href":"https:\/\/arantv.az\/index.php?rest_route=%2Fwp%2Fv2%2Fcategories&post=56911"},{"taxonomy":"post_tag","embeddable":true,"href":"https:\/\/arantv.az\/index.php?rest_route=%2Fwp%2Fv2%2Ftags&post=56911"}],"curies":[{"name":"wp","href":"https:\/\/api.w.org\/{rel}","templated":true}]}}