{"id":56914,"date":"2019-05-11T09:27:33","date_gmt":"2019-05-11T06:27:33","guid":{"rendered":"http:\/\/arantv.az\/?p=56914"},"modified":"2019-05-11T09:27:33","modified_gmt":"2019-05-11T06:27:33","slug":"heyd%c9%99r-%c9%99liyev-prospektind%c9%99-tira-gor%c9%99-tixac-yarandi","status":"publish","type":"post","link":"https:\/\/arantv.az\/?p=56914","title":{"rendered":"Heyd\u0259r \u018fliyev prospektind\u0259 &#8220;TIR&#8221;a g\u00f6r\u0259 t\u0131xac yarand\u0131"},"content":{"rendered":"<p>S\u0259h\u0259r saatlar\u0131nda paytaxtda qol-n\u0259qliyyat hadis\u0259si ba\u015f verib.<\/p>\n<p><strong>ARANTV.AZ\u00a0<\/strong><span style=\"color: #000000;\">\u00a0<\/span><a href=\"http:\/\/az.trend.az\/\" target=\"_blank\" rel=\"noopener\"><span style=\"color: #000000;\">Trend<\/span><\/a>-\u0259 istinad\u0259n bildirir ki,\u00a0Heyd\u0259r \u018fliyev, \u015eah \u0130smay\u0131l X\u0259tai prospektl\u0259ri il\u0259 Yusif S\u0259f\u0259rov k\u00fc\u00e7\u0259sinin k\u0259si\u015fm\u0259sind\u0259 iri tonajl\u0131 y\u00fck avtomobili q\u0259za t\u00f6r\u0259dib.<\/p>\n<p>Bu s\u0259b\u0259bd\u0259n haz\u0131rda Heyd\u0259r \u018fliyev prospektind\u0259 \u015f\u0259h\u0259r istiqam\u0259tind\u0259 n\u0259qliyyat\u0131n h\u0259r\u0259k\u0259tind\u0259 s\u0131xl\u0131q m\u00fc\u015fahid\u0259 edilir.<\/p>\n<p>H\u0259min istiqam\u0259td\u0259 h\u0259r\u0259k\u0259td\u0259 olan s\u00fcr\u00fcc\u00fcl\u0259rin bunu n\u0259z\u0259r\u0259 almalar\u0131 xahi\u015f olunur.<\/p>\n","protected":false},"excerpt":{"rendered":"<p>S\u0259h\u0259r saatlar\u0131nda paytaxtda qol-n\u0259qliyyat hadis\u0259si ba\u015f verib. ARANTV.AZ\u00a0\u00a0Trend-\u0259 istinad\u0259n bildirir ki,\u00a0Heyd\u0259r \u018fliyev, \u015eah \u0130smay\u0131l X\u0259tai prospektl\u0259ri il\u0259 Yusif S\u0259f\u0259rov k\u00fc\u00e7\u0259sinin k\u0259si\u015fm\u0259sind\u0259 iri tonajl\u0131 y\u00fck avtomobili q\u0259za t\u00f6r\u0259dib. Bu s\u0259b\u0259bd\u0259n haz\u0131rda Heyd\u0259r \u018fliyev prospektind\u0259 \u015f\u0259h\u0259r istiqam\u0259tind\u0259 n\u0259qliyyat\u0131n h\u0259r\u0259k\u0259tind\u0259 s\u0131xl\u0131q m\u00fc\u015fahid\u0259 edilir. H\u0259min istiqam\u0259td\u0259 h\u0259r\u0259k\u0259td\u0259 olan s\u00fcr\u00fcc\u00fcl\u0259rin bunu n\u0259z\u0259r\u0259 almalar\u0131 xahi\u015f olunur.<\/p>\n","protected":false},"author":2,"featured_media":56915,"comment_status":"closed","ping_status":"closed","sticky":false,"template":"","format":"standard","meta":{"om_disable_all_campaigns":false,"_monsterinsights_skip_tracking":false,"_monsterinsights_sitenote_active":false,"_monsterinsights_sitenote_note":"","_monsterinsights_sitenote_category":0},"categories":[5],"tags":[],"aioseo_notices":[],"gutentor_comment":0,"rttpg_featured_image_url":{"full":["https:\/\/arantv.az\/wp-content\/uploads\/2019\/05\/753939.jpg",800,600,false],"landscape":["https:\/\/arantv.az\/wp-content\/uploads\/2019\/05\/753939.jpg",800,600,false],"portraits":["https:\/\/arantv.az\/wp-content\/uploads\/2019\/05\/753939.jpg",800,600,false],"thumbnail":["https:\/\/arantv.az\/wp-content\/uploads\/2019\/05\/753939-150x150.jpg",150,150,true],"medium":["https:\/\/arantv.az\/wp-content\/uploads\/2019\/05\/753939-300x225.jpg",300,225,true],"large":["https:\/\/arantv.az\/wp-content\/uploads\/2019\/05\/753939.jpg",640,480,false],"1536x1536":["https:\/\/arantv.az\/wp-content\/uploads\/2019\/05\/753939.jpg",800,600,false],"2048x2048":["https:\/\/arantv.az\/wp-content\/uploads\/2019\/05\/753939.jpg",800,600,false],"post-thumbnail":["https:\/\/arantv.az\/wp-content\/uploads\/2019\/05\/753939-240x172.jpg",240,172,true],"advps-thumb-one":["https:\/\/arantv.az\/wp-content\/uploads\/2019\/05\/753939.jpg",800,600,false]},"rttpg_author":{"display_name":"V\u00fcsal Rafiqo\u011flu","author_link":"https:\/\/arantv.az\/?author=2"},"rttpg_comment":0,"rttpg_category":"<a href=\"https:\/\/arantv.az\/?cat=5\" rel=\"category\">Hadis\u0259<\/a>","rttpg_excerpt":"S\u0259h\u0259r saatlar\u0131nda paytaxtda qol-n\u0259qliyyat hadis\u0259si ba\u015f verib. ARANTV.AZ\u00a0\u00a0Trend-\u0259 istinad\u0259n bildirir ki,\u00a0Heyd\u0259r \u018fliyev, \u015eah \u0130smay\u0131l X\u0259tai prospektl\u0259ri il\u0259 Yusif S\u0259f\u0259rov k\u00fc\u00e7\u0259sinin k\u0259si\u015fm\u0259sind\u0259 iri tonajl\u0131 y\u00fck avtomobili q\u0259za t\u00f6r\u0259dib. Bu s\u0259b\u0259bd\u0259n haz\u0131rda Heyd\u0259r \u018fliyev prospektind\u0259 \u015f\u0259h\u0259r istiqam\u0259tind\u0259 n\u0259qliyyat\u0131n h\u0259r\u0259k\u0259tind\u0259 s\u0131xl\u0131q m\u00fc\u015fahid\u0259 edilir. H\u0259min istiqam\u0259td\u0259 h\u0259r\u0259k\u0259td\u0259 olan s\u00fcr\u00fcc\u00fcl\u0259rin bunu n\u0259z\u0259r\u0259 almalar\u0131 xahi\u015f olunur.","_links":{"self":[{"href":"https:\/\/arantv.az\/index.php?rest_route=\/wp\/v2\/posts\/56914"}],"collection":[{"href":"https:\/\/arantv.az\/index.php?rest_route=\/wp\/v2\/posts"}],"about":[{"href":"https:\/\/arantv.az\/index.php?rest_route=\/wp\/v2\/types\/post"}],"author":[{"embeddable":true,"href":"https:\/\/arantv.az\/index.php?rest_route=\/wp\/v2\/users\/2"}],"replies":[{"embeddable":true,"href":"https:\/\/arantv.az\/index.php?rest_route=%2Fwp%2Fv2%2Fcomments&post=56914"}],"version-history":[{"count":0,"href":"https:\/\/arantv.az\/index.php?rest_route=\/wp\/v2\/posts\/56914\/revisions"}],"wp:featuredmedia":[{"embeddable":true,"href":"https:\/\/arantv.az\/index.php?rest_route=\/wp\/v2\/media\/56915"}],"wp:attachment":[{"href":"https:\/\/arantv.az\/index.php?rest_route=%2Fwp%2Fv2%2Fmedia&parent=56914"}],"wp:term":[{"taxonomy":"category","embeddable":true,"href":"https:\/\/arantv.az\/index.php?rest_route=%2Fwp%2Fv2%2Fcategories&post=56914"},{"taxonomy":"post_tag","embeddable":true,"href":"https:\/\/arantv.az\/index.php?rest_route=%2Fwp%2Fv2%2Ftags&post=56914"}],"curies":[{"name":"wp","href":"https:\/\/api.w.org\/{rel}","templated":true}]}}