{"id":56917,"date":"2019-05-11T09:29:11","date_gmt":"2019-05-11T06:29:11","guid":{"rendered":"http:\/\/arantv.az\/?p=56917"},"modified":"2019-05-11T09:29:11","modified_gmt":"2019-05-11T06:29:11","slug":"prokuror-usaq-birliyi-s%c9%99drind%c9%99n-sikay%c9%99t-verdi-agir-c%c9%99za-t%c9%99l%c9%99bi","status":"publish","type":"post","link":"https:\/\/arantv.az\/?p=56917","title":{"rendered":"Prokuror U\u015faq Birliyi s\u0259drind\u0259n \u015fikay\u0259t verdi \u2013 A\u011eIR C\u018fZA T\u018fL\u018fB\u0130"},"content":{"rendered":"<p>D\u0259l\u0259duzluq, r\u00fc\u015fv\u0259t verm\u0259, r\u00fc\u015fv\u0259t\u0259 t\u0259hrik v\u0259 dig\u0259r cinay\u0259tl\u0259rd\u0259 ittiham olunan &#8220;Az\u0259rbaycan U\u015faqlar\u0131&#8221; \u0130ctimai Birliyinin s\u0259dri K\u0259mal\u0259 A\u011fazad\u0259nin c\u0259zas\u0131n\u0131n a\u011f\u0131rla\u015fd\u0131r\u0131lmas\u0131 bar\u0259d\u0259 prokuror protest verib.<\/p>\n<p><b>ARANTV.AZ\u00a0<\/b>teleqraf-a istinad\u0259n x\u0259b\u0259r verir ki, prokuror protestind\u0259 K\u0259mal\u0259 A\u011fazad\u0259nin bar\u0259sind\u0259 olan h\u00f6km\u00fcn l\u0259\u011fvini v\u0259 onun h\u0259bs olunmas\u0131n\u0131 t\u0259l\u0259b edib.<\/p>\n<p>Prokurprun protesti ara\u015fd\u0131r\u0131lmas\u0131 \u00fc\u00e7\u00fcn Bak\u0131 Apelyasiya M\u0259hk\u0259m\u0259sind\u0259 hakim Rizvan S\u0259f\u0259rovun icraat\u0131na verilib.<\/p>\n<p>M\u0259hk\u0259m\u0259nin ilkin bax\u0131\u015f iclas\u0131 may\u0131n 15-n\u0259 t\u0259yin olunub.<\/p>\n<p>Qeyd ed\u0259k ki, Bak\u0131 A\u011f\u0131r Cinay\u0259tl\u0259r M\u0259hk\u0259m\u0259sinin h\u00f6km\u00fc il\u0259 K\u0259mal\u0259 A\u011fazad\u0259nin bar\u0259sind\u0259 3500 manat m\u0259bl\u0259\u011find\u0259 c\u0259rim\u0259 c\u0259zas\u0131 t\u0259yin olunub.<\/p>\n<p>Birinci instansiya m\u0259hk\u0259m\u0259sind\u0259 \u00e7\u0131x\u0131\u015f ed\u0259n prokuror K\u0259mal\u0259 A\u011fazad\u0259nin 4 il m\u00fcdd\u0259tin\u0259 azadl\u0131qdan m\u0259hrum edilm\u0259sini, bar\u0259sind\u0259 h\u0259bs q\u0259timkan t\u0259dbirinin se\u00e7ilm\u0259sini v\u0259 m\u0259hk\u0259m\u0259 zal\u0131ndan h\u0259bs olunmas\u0131n\u0131 ist\u0259yib.<\/p>\n<p>\u0130stintaq v\u0259 m\u0259hk\u0259m\u0259 d\u00f6vr\u00fcnd\u0259 K\u0259mal\u0259 A\u011fazad\u0259nin bar\u0259sind\u0259 ba\u015fqa yer\u0259 getm\u0259m\u0259k q\u0259ti imkan t\u0259dbiri se\u00e7ilib.<\/p>\n<p>\u0130ttihama g\u00f6r\u0259, &#8220;Az\u0259rbaycan U\u015faqlar\u0131&#8221; \u0130ctimai Birliyinin s\u0259dri K\u0259mal\u0259 A\u011fazad\u0259 \u00f6z qulluq m\u00f6vqeyind\u0259n istifad\u0259 etm\u0259kl\u0259 aldatma v\u0259 etibardan sui-istifad\u0259 ed\u0259r\u0259k \u00f6zg\u0259nin xeyli miqdarda \u0259mlak\u0131n\u0131 d\u0259l\u0259duzluq yolu il\u0259 \u0259l\u0259 ke\u00e7irib. O, h\u0259m\u00e7inin v\u0259t\u0259nda\u015flar\u0131 r\u00fc\u015fv\u0259t verm\u0259y\u0259 t\u0259hrik edib.<\/p>\n<div id=\"AdviadNativeVideo0\" class=\"AdviadNativeVideo\"><\/div>\n<p>K\u0259mal\u0259 A\u011fazad\u0259 1998-ci ilin oktyabr\u0131ndan &#8220;Az\u0259rbaycan U\u015faqlar\u0131&#8221; \u0130ctimai Birliyinin s\u0259dri v\u0259zif\u0259sind\u0259 i\u015fl\u0259yib.<\/p>\n<p>O, S\u0259hiyy\u0259 Nazirliyi il\u0259 &#8220;\u018fhalinin riskli qruplar\u0131 v\u0259 v\u0259t\u0259nda\u015f c\u0259miyy\u0259tinin i\u015ftirak\u0131 il\u0259 milli imkanlar\u0131n\u0131n geni\u015fl\u0259ndirilm\u0259si, profilaktika v\u0259 m\u00fclic\u0259nin g\u00fccl\u0259ndirilm\u0259si vasit\u0259si il\u0259 Az\u0259rbaycanda H\u0130V\/A\u0130DS epitemiyas\u0131na qar\u015f\u0131 cavab t\u0259dbirl\u0259rinin m\u00fck\u0259mm\u0259l\u0259\u015fdirilm\u0259si&#8221; layih\u0259sinin t\u0259tbiqi \u00fc\u00e7\u00fcn \u0259m\u0259kda\u015fl\u0131q edib.<\/p>\n<p>Bu m\u0259qs\u0259dl\u0259 2015-ci ilin avqustun 17-d\u0259 H\u0259c\u0259r K\u0259ng\u0259rli, Mahir Bayramov v\u0259 Mahir\u0259 Sad\u0131qova il\u0259 5 ay m\u00fcdd\u0259tin\u0259 layih\u0259 \u00e7\u0259r\u00e7iv\u0259sind\u0259 g\u00f6st\u0259ril\u0259n i\u015fl\u0259rin yerin\u0259 yetirilm\u0259si \u00fc\u00e7\u00fcn f\u0259rdi qaydada m\u00fcqavil\u0259 ba\u011flay\u0131b.<\/p>\n<p>H\u0259min m\u00fcqavil\u0259nin m\u00fcdd\u0259ti bitdikd\u0259n sonra K\u0259mal\u0259 A\u011fazad\u0259 onlara bildirib ki, S\u0259hiyy\u0259 Nazirliyind\u0259 i\u015fl\u0259y\u0259n aidiyy\u0259t\u0131 v\u0259zif\u0259li \u015f\u0259xs\u0259 r\u00fc\u015fv\u0259t verm\u0259kl\u0259, \u0259m\u0259kda\u015fl\u0131q m\u00fcqavil\u0259sinin m\u00fcdd\u0259tinin uzad\u0131lmas\u0131na nail olacaq v\u0259 onlarla yenid\u0259n xidm\u0259t m\u00fcqavil\u0259si ba\u011flayacaq.<\/p>\n<p>K\u0259mal\u0259 A\u011fazad\u0259 2015-ci ilin sentyabr v\u0259 oktyabr ay\u0131nda &#8220;Az\u0259rbaycan U\u015faqlar\u0131&#8221; \u0130ctimai Birliyinin faktiki f\u0259aliyy\u0259t g\u00f6st\u0259rdiyi binas\u0131nda hiss\u0259-hiss\u0259 olmaqla H\u0259c\u0259r K\u0259ng\u0259rlid\u0259n 3600, Mahir Bayramovdan 2100 v\u0259 Mahir\u0259 Sad\u0131qovadan is\u0259 2100 manat al\u0131b.<\/p>\n<p>O, \u00fcmumilikd\u0259 7800 manat m\u0259bl\u0259\u011find\u0259 pul alaraq, \u00f6z\u00fcn\u00fcn \u015f\u0259xsi ehtiyaclar\u0131na x\u0259rcl\u0259yib.<\/p>\n<p>K\u0259mal\u0259 A\u011fazad\u0259y\u0259 qar\u015f\u0131 Cinay\u0259t M\u0259c\u0259ll\u0259sinin 178.2.3-c\u00fc (\u015f\u0259xs t\u0259r\u0259find\u0259n \u00f6z qulluq m\u00f6vqeyind\u0259n istifad\u0259 etm\u0259kl\u0259 d\u0259l\u0259duzluq t\u00f6r\u0259tm\u0259k), 178.2.4-c\u00fc (xeyli miqdarda ziyan vurmaqla d\u0259l\u0259duzluq t\u00f6r\u0259tm\u0259k) v\u0259 32.4, 312.2-ci (\u0259l\u0259 alma, s\u00f6vd\u0259l\u0259\u015fm\u0259, t\u0259hrik etm\u0259, v\u0259zif\u0259li \u015f\u0259xs t\u0259r\u0259find\u0259n bil\u0259-bil\u0259 qanunsuz h\u0259r\u0259k\u0259tl\u0259r etm\u0259y\u0259 g\u00f6r\u0259 ona r\u00fc\u015fv\u0259t verm\u0259 v\u0259 ya t\u0259krar r\u00fc\u015fv\u0259t verm\u0259) madd\u0259l\u0259ri il\u0259 ittiham elan edilib.<\/p>\n<p>\u0130stintaq orqan\u0131 t\u0259r\u0259find\u0259n K\u0259mal\u0259 A\u011fazad\u0259nin bar\u0259sind\u0259 polis n\u0259zar\u0259ti alt\u0131nda q\u0259timkan t\u0259dbiri se\u00e7ilib. O, h\u0259bs edilm\u0259yib.<\/p>\n<p><img class=\"imgbcodecent\" src=\"https:\/\/upload.az\/foto\/arxiv\/kemale-agazade.jpg\" alt=\"Prokuror U\u015faq Birliyi s\u0259drind\u0259n \u015fikay\u0259t verdi \u2013 A\u011eIR C\u018fZA T\u018fL\u018fB\u0130\" \/><\/p>\n","protected":false},"excerpt":{"rendered":"<p>D\u0259l\u0259duzluq, r\u00fc\u015fv\u0259t verm\u0259, r\u00fc\u015fv\u0259t\u0259 t\u0259hrik v\u0259 dig\u0259r cinay\u0259tl\u0259rd\u0259 ittiham olunan &#8220;Az\u0259rbaycan U\u015faqlar\u0131&#8221; \u0130ctimai Birliyinin s\u0259dri K\u0259mal\u0259 A\u011fazad\u0259nin c\u0259zas\u0131n\u0131n a\u011f\u0131rla\u015fd\u0131r\u0131lmas\u0131 bar\u0259d\u0259 prokuror protest verib. ARANTV.AZ\u00a0teleqraf-a istinad\u0259n x\u0259b\u0259r verir ki, prokuror protestind\u0259 K\u0259mal\u0259 A\u011fazad\u0259nin bar\u0259sind\u0259 olan h\u00f6km\u00fcn l\u0259\u011fvini v\u0259 onun h\u0259bs olunmas\u0131n\u0131 t\u0259l\u0259b edib. Prokurprun protesti ara\u015fd\u0131r\u0131lmas\u0131 \u00fc\u00e7\u00fcn Bak\u0131 Apelyasiya M\u0259hk\u0259m\u0259sind\u0259 hakim Rizvan S\u0259f\u0259rovun icraat\u0131na verilib. M\u0259hk\u0259m\u0259nin ilkin bax\u0131\u015f iclas\u0131 may\u0131n 15-n\u0259 t\u0259yin olunub. Qeyd ed\u0259k ki, Bak\u0131 A\u011f\u0131r Cinay\u0259tl\u0259r M\u0259hk\u0259m\u0259sinin h\u00f6km\u00fc il\u0259 K\u0259mal\u0259 A\u011fazad\u0259nin bar\u0259sind\u0259 3500 manat m\u0259bl\u0259\u011find\u0259 c\u0259rim\u0259 c\u0259zas\u0131 t\u0259yin olunub. Birinci instansiya m\u0259hk\u0259m\u0259sind\u0259 \u00e7\u0131x\u0131\u015f ed\u0259n prokuror K\u0259mal\u0259 A\u011fazad\u0259nin 4&hellip;<\/p>\n","protected":false},"author":2,"featured_media":56918,"comment_status":"closed","ping_status":"closed","sticky":false,"template":"","format":"standard","meta":{"om_disable_all_campaigns":false,"_monsterinsights_skip_tracking":false,"_monsterinsights_sitenote_active":false,"_monsterinsights_sitenote_note":"","_monsterinsights_sitenote_category":0},"categories":[5],"tags":[],"aioseo_notices":[],"gutentor_comment":0,"rttpg_featured_image_url":{"full":["https:\/\/arantv.az\/wp-content\/uploads\/2019\/05\/hakim-1554394542.jpg",650,349,false],"landscape":["https:\/\/arantv.az\/wp-content\/uploads\/2019\/05\/hakim-1554394542.jpg",650,349,false],"portraits":["https:\/\/arantv.az\/wp-content\/uploads\/2019\/05\/hakim-1554394542.jpg",650,349,false],"thumbnail":["https:\/\/arantv.az\/wp-content\/uploads\/2019\/05\/hakim-1554394542-150x150.jpg",150,150,true],"medium":["https:\/\/arantv.az\/wp-content\/uploads\/2019\/05\/hakim-1554394542-300x161.jpg",300,161,true],"large":["https:\/\/arantv.az\/wp-content\/uploads\/2019\/05\/hakim-1554394542.jpg",640,344,false],"1536x1536":["https:\/\/arantv.az\/wp-content\/uploads\/2019\/05\/hakim-1554394542.jpg",650,349,false],"2048x2048":["https:\/\/arantv.az\/wp-content\/uploads\/2019\/05\/hakim-1554394542.jpg",650,349,false],"post-thumbnail":["https:\/\/arantv.az\/wp-content\/uploads\/2019\/05\/hakim-1554394542-240x172.jpg",240,172,true],"advps-thumb-one":["https:\/\/arantv.az\/wp-content\/uploads\/2019\/05\/hakim-1554394542.jpg",650,349,false]},"rttpg_author":{"display_name":"V\u00fcsal Rafiqo\u011flu","author_link":"https:\/\/arantv.az\/?author=2"},"rttpg_comment":0,"rttpg_category":"<a href=\"https:\/\/arantv.az\/?cat=5\" rel=\"category\">Hadis\u0259<\/a>","rttpg_excerpt":"D\u0259l\u0259duzluq, r\u00fc\u015fv\u0259t verm\u0259, r\u00fc\u015fv\u0259t\u0259 t\u0259hrik v\u0259 dig\u0259r cinay\u0259tl\u0259rd\u0259 ittiham olunan &#8220;Az\u0259rbaycan U\u015faqlar\u0131&#8221; \u0130ctimai Birliyinin s\u0259dri K\u0259mal\u0259 A\u011fazad\u0259nin c\u0259zas\u0131n\u0131n a\u011f\u0131rla\u015fd\u0131r\u0131lmas\u0131 bar\u0259d\u0259 prokuror protest verib. ARANTV.AZ\u00a0teleqraf-a istinad\u0259n x\u0259b\u0259r verir ki, prokuror protestind\u0259 K\u0259mal\u0259 A\u011fazad\u0259nin bar\u0259sind\u0259 olan h\u00f6km\u00fcn l\u0259\u011fvini v\u0259 onun h\u0259bs olunmas\u0131n\u0131 t\u0259l\u0259b edib. Prokurprun protesti ara\u015fd\u0131r\u0131lmas\u0131 \u00fc\u00e7\u00fcn Bak\u0131 Apelyasiya M\u0259hk\u0259m\u0259sind\u0259 hakim Rizvan S\u0259f\u0259rovun icraat\u0131na verilib. M\u0259hk\u0259m\u0259nin&hellip;","_links":{"self":[{"href":"https:\/\/arantv.az\/index.php?rest_route=\/wp\/v2\/posts\/56917"}],"collection":[{"href":"https:\/\/arantv.az\/index.php?rest_route=\/wp\/v2\/posts"}],"about":[{"href":"https:\/\/arantv.az\/index.php?rest_route=\/wp\/v2\/types\/post"}],"author":[{"embeddable":true,"href":"https:\/\/arantv.az\/index.php?rest_route=\/wp\/v2\/users\/2"}],"replies":[{"embeddable":true,"href":"https:\/\/arantv.az\/index.php?rest_route=%2Fwp%2Fv2%2Fcomments&post=56917"}],"version-history":[{"count":0,"href":"https:\/\/arantv.az\/index.php?rest_route=\/wp\/v2\/posts\/56917\/revisions"}],"wp:featuredmedia":[{"embeddable":true,"href":"https:\/\/arantv.az\/index.php?rest_route=\/wp\/v2\/media\/56918"}],"wp:attachment":[{"href":"https:\/\/arantv.az\/index.php?rest_route=%2Fwp%2Fv2%2Fmedia&parent=56917"}],"wp:term":[{"taxonomy":"category","embeddable":true,"href":"https:\/\/arantv.az\/index.php?rest_route=%2Fwp%2Fv2%2Fcategories&post=56917"},{"taxonomy":"post_tag","embeddable":true,"href":"https:\/\/arantv.az\/index.php?rest_route=%2Fwp%2Fv2%2Ftags&post=56917"}],"curies":[{"name":"wp","href":"https:\/\/api.w.org\/{rel}","templated":true}]}}