{"id":56939,"date":"2019-05-11T09:54:52","date_gmt":"2019-05-11T06:54:52","guid":{"rendered":"http:\/\/arantv.az\/?p=56939"},"modified":"2019-05-11T09:54:52","modified_gmt":"2019-05-11T06:54:52","slug":"leyla-%c9%99liyevanin-n%c9%99n%c9%99-il%c9%99-s%c9%99mimi-videosu","status":"publish","type":"post","link":"https:\/\/arantv.az\/?p=56939","title":{"rendered":"Leyla \u018fliyevan\u0131n n\u0259n\u0259 il\u0259 s\u0259mimi V\u0130DEOSU"},"content":{"rendered":"<p>Az\u0259rbaycan respublikas\u0131n\u0131n prezidentin\u0259 xalq sevgisini g\u00f6st\u0259r\u0259n daha bir video yay\u0131l\u0131b.<\/p>\n<p><b>ARANTV.AZ\u00a0<\/b>\u00a0baku.ws-\u0259 istinad\u0259n x\u0259b\u0259r verir ki, videodan g\u00f6r\u00fcn\u00fcr ki, d\u00f6vl\u0259t ba\u015f\u00e7\u0131s\u0131 \u0130lham \u018fliyevin q\u0131z\u0131, Heyd\u0259r \u018fliyev Fondunun vitse-prezidenti, Leyla \u018fliyeva il\u0259 pozitiv n\u0259n\u0259 s\u00f6hb\u0259tl\u0259\u015fir.<\/p>\n<div id=\"AdviadNativeVideo0\" class=\"AdviadNativeVideo\"><\/div>\n<p>Pozitiv qad\u0131n s\u0259mimi s\u00f6hb\u0259ti il\u0259 xo\u015f ab-hava yarad\u0131r.<\/p>\n<p>Videonu t\u0259qdim edirik:<\/p>\n<div class=\"embed-responsive embed-responsive-16by9\"><iframe loading=\"lazy\" id=\"nmqembedid\" class=\"embed-responsive-item\" title=\"video player\" src=\"https:\/\/izle.az\/embed\/Syq3LctMSc030i_TK8gosC-zNTQyMTU1swQA\" width=\"600\" height=\"340\" frameborder=\"0\" scrolling=\"no\" allowfullscreen=\"allowfullscreen\" data-mce-fragment=\"1\"><\/iframe><\/div>\n<p>&nbsp;<\/p>\n","protected":false},"excerpt":{"rendered":"<p>Az\u0259rbaycan respublikas\u0131n\u0131n prezidentin\u0259 xalq sevgisini g\u00f6st\u0259r\u0259n daha bir video yay\u0131l\u0131b. ARANTV.AZ\u00a0\u00a0baku.ws-\u0259 istinad\u0259n x\u0259b\u0259r verir ki, videodan g\u00f6r\u00fcn\u00fcr ki, d\u00f6vl\u0259t ba\u015f\u00e7\u0131s\u0131 \u0130lham \u018fliyevin q\u0131z\u0131, Heyd\u0259r \u018fliyev Fondunun vitse-prezidenti, Leyla \u018fliyeva il\u0259 pozitiv n\u0259n\u0259 s\u00f6hb\u0259tl\u0259\u015fir. Pozitiv qad\u0131n s\u0259mimi s\u00f6hb\u0259ti il\u0259 xo\u015f ab-hava yarad\u0131r. Videonu t\u0259qdim edirik: &nbsp;<\/p>\n","protected":false},"author":2,"featured_media":56940,"comment_status":"closed","ping_status":"closed","sticky":false,"template":"","format":"standard","meta":{"om_disable_all_campaigns":false,"_monsterinsights_skip_tracking":false,"_monsterinsights_sitenote_active":false,"_monsterinsights_sitenote_note":"","_monsterinsights_sitenote_category":0},"categories":[1],"tags":[],"aioseo_notices":[],"gutentor_comment":0,"rttpg_featured_image_url":{"full":["https:\/\/arantv.az\/wp-content\/uploads\/2019\/05\/1557555363_60346124_2334479110170498_687.jpg",548,313,false],"landscape":["https:\/\/arantv.az\/wp-content\/uploads\/2019\/05\/1557555363_60346124_2334479110170498_687.jpg",548,313,false],"portraits":["https:\/\/arantv.az\/wp-content\/uploads\/2019\/05\/1557555363_60346124_2334479110170498_687.jpg",548,313,false],"thumbnail":["https:\/\/arantv.az\/wp-content\/uploads\/2019\/05\/1557555363_60346124_2334479110170498_687-150x150.jpg",150,150,true],"medium":["https:\/\/arantv.az\/wp-content\/uploads\/2019\/05\/1557555363_60346124_2334479110170498_687-300x171.jpg",300,171,true],"large":["https:\/\/arantv.az\/wp-content\/uploads\/2019\/05\/1557555363_60346124_2334479110170498_687.jpg",548,313,false],"1536x1536":["https:\/\/arantv.az\/wp-content\/uploads\/2019\/05\/1557555363_60346124_2334479110170498_687.jpg",548,313,false],"2048x2048":["https:\/\/arantv.az\/wp-content\/uploads\/2019\/05\/1557555363_60346124_2334479110170498_687.jpg",548,313,false],"post-thumbnail":["https:\/\/arantv.az\/wp-content\/uploads\/2019\/05\/1557555363_60346124_2334479110170498_687-240x172.jpg",240,172,true],"advps-thumb-one":["https:\/\/arantv.az\/wp-content\/uploads\/2019\/05\/1557555363_60346124_2334479110170498_687.jpg",548,313,false]},"rttpg_author":{"display_name":"V\u00fcsal Rafiqo\u011flu","author_link":"https:\/\/arantv.az\/?author=2"},"rttpg_comment":0,"rttpg_category":"<a href=\"https:\/\/arantv.az\/?cat=1\" rel=\"category\">C\u0259miyy\u0259t<\/a>","rttpg_excerpt":"Az\u0259rbaycan respublikas\u0131n\u0131n prezidentin\u0259 xalq sevgisini g\u00f6st\u0259r\u0259n daha bir video yay\u0131l\u0131b. ARANTV.AZ\u00a0\u00a0baku.ws-\u0259 istinad\u0259n x\u0259b\u0259r verir ki, videodan g\u00f6r\u00fcn\u00fcr ki, d\u00f6vl\u0259t ba\u015f\u00e7\u0131s\u0131 \u0130lham \u018fliyevin q\u0131z\u0131, Heyd\u0259r \u018fliyev Fondunun vitse-prezidenti, Leyla \u018fliyeva il\u0259 pozitiv n\u0259n\u0259 s\u00f6hb\u0259tl\u0259\u015fir. Pozitiv qad\u0131n s\u0259mimi s\u00f6hb\u0259ti il\u0259 xo\u015f ab-hava yarad\u0131r. Videonu t\u0259qdim edirik: &nbsp;","_links":{"self":[{"href":"https:\/\/arantv.az\/index.php?rest_route=\/wp\/v2\/posts\/56939"}],"collection":[{"href":"https:\/\/arantv.az\/index.php?rest_route=\/wp\/v2\/posts"}],"about":[{"href":"https:\/\/arantv.az\/index.php?rest_route=\/wp\/v2\/types\/post"}],"author":[{"embeddable":true,"href":"https:\/\/arantv.az\/index.php?rest_route=\/wp\/v2\/users\/2"}],"replies":[{"embeddable":true,"href":"https:\/\/arantv.az\/index.php?rest_route=%2Fwp%2Fv2%2Fcomments&post=56939"}],"version-history":[{"count":0,"href":"https:\/\/arantv.az\/index.php?rest_route=\/wp\/v2\/posts\/56939\/revisions"}],"wp:featuredmedia":[{"embeddable":true,"href":"https:\/\/arantv.az\/index.php?rest_route=\/wp\/v2\/media\/56940"}],"wp:attachment":[{"href":"https:\/\/arantv.az\/index.php?rest_route=%2Fwp%2Fv2%2Fmedia&parent=56939"}],"wp:term":[{"taxonomy":"category","embeddable":true,"href":"https:\/\/arantv.az\/index.php?rest_route=%2Fwp%2Fv2%2Fcategories&post=56939"},{"taxonomy":"post_tag","embeddable":true,"href":"https:\/\/arantv.az\/index.php?rest_route=%2Fwp%2Fv2%2Ftags&post=56939"}],"curies":[{"name":"wp","href":"https:\/\/api.w.org\/{rel}","templated":true}]}}