{"id":56950,"date":"2019-05-11T10:38:05","date_gmt":"2019-05-11T07:38:05","guid":{"rendered":"http:\/\/arantv.az\/?p=56950"},"modified":"2019-05-11T10:38:05","modified_gmt":"2019-05-11T07:38:05","slug":"hesablama-palatasinin-bu-huququ-l%c9%99gv-edilir","status":"publish","type":"post","link":"https:\/\/arantv.az\/?p=56950","title":{"rendered":"Hesablama Palatas\u0131n\u0131n bu h\u00fcququ l\u0259\u011fv edilir"},"content":{"rendered":"<p><strong>Az\u0259rbaycanda Hesablama Palatas\u0131n\u0131n h\u00fcquqlar\u0131ndan biri l\u0259\u011fv edilir.<\/strong><\/p>\n<p><strong>ARANTV.AZ<\/strong>\u00a0\u00a0<a href=\"http:\/\/az.trend.az\/\" target=\"_blank\" rel=\"noopener\"><span style=\"color: #000000;\">Trend<\/span><\/a>-\u0259 istinad\u0259n bildirir ki,\u00a0bununla ba\u011fl\u0131 &#8220;Hesablama Palatas\u0131 haqq\u0131nda&#8221; qanuna d\u0259yi\u015fiklikl\u0259r edilir.<\/p>\n<p>Haz\u0131rda Palatan\u0131n qanunla n\u0259z\u0259rd\u0259 tutulmu\u015f m\u00fcvafiq inzibati x\u0259talar haqq\u0131nda i\u015fl\u0259r\u0259 baxma v\u0259 inzibati t\u0259nbeh t\u0259tbiq etm\u0259 h\u00fcququ var.<\/p>\n<p>Yeni d\u0259yi\u015fiklikl\u0259rd\u0259 is\u0259 bu h\u00fcquq l\u0259\u011fv edilir.<\/p>\n","protected":false},"excerpt":{"rendered":"<p>Az\u0259rbaycanda Hesablama Palatas\u0131n\u0131n h\u00fcquqlar\u0131ndan biri l\u0259\u011fv edilir. ARANTV.AZ\u00a0\u00a0Trend-\u0259 istinad\u0259n bildirir ki,\u00a0bununla ba\u011fl\u0131 &#8220;Hesablama Palatas\u0131 haqq\u0131nda&#8221; qanuna d\u0259yi\u015fiklikl\u0259r edilir. Haz\u0131rda Palatan\u0131n qanunla n\u0259z\u0259rd\u0259 tutulmu\u015f m\u00fcvafiq inzibati x\u0259talar haqq\u0131nda i\u015fl\u0259r\u0259 baxma v\u0259 inzibati t\u0259nbeh t\u0259tbiq etm\u0259 h\u00fcququ var. Yeni d\u0259yi\u015fiklikl\u0259rd\u0259 is\u0259 bu h\u00fcquq l\u0259\u011fv edilir.<\/p>\n","protected":false},"author":2,"featured_media":56951,"comment_status":"closed","ping_status":"closed","sticky":false,"template":"","format":"standard","meta":{"om_disable_all_campaigns":false,"_monsterinsights_skip_tracking":false,"_monsterinsights_sitenote_active":false,"_monsterinsights_sitenote_note":"","_monsterinsights_sitenote_category":0},"categories":[19],"tags":[],"aioseo_notices":[],"gutentor_comment":0,"rttpg_featured_image_url":{"full":["https:\/\/arantv.az\/wp-content\/uploads\/2019\/05\/hesablama_palatasi_02369.jpg",800,600,false],"landscape":["https:\/\/arantv.az\/wp-content\/uploads\/2019\/05\/hesablama_palatasi_02369.jpg",800,600,false],"portraits":["https:\/\/arantv.az\/wp-content\/uploads\/2019\/05\/hesablama_palatasi_02369.jpg",800,600,false],"thumbnail":["https:\/\/arantv.az\/wp-content\/uploads\/2019\/05\/hesablama_palatasi_02369-150x150.jpg",150,150,true],"medium":["https:\/\/arantv.az\/wp-content\/uploads\/2019\/05\/hesablama_palatasi_02369-300x225.jpg",300,225,true],"large":["https:\/\/arantv.az\/wp-content\/uploads\/2019\/05\/hesablama_palatasi_02369.jpg",640,480,false],"1536x1536":["https:\/\/arantv.az\/wp-content\/uploads\/2019\/05\/hesablama_palatasi_02369.jpg",800,600,false],"2048x2048":["https:\/\/arantv.az\/wp-content\/uploads\/2019\/05\/hesablama_palatasi_02369.jpg",800,600,false],"post-thumbnail":["https:\/\/arantv.az\/wp-content\/uploads\/2019\/05\/hesablama_palatasi_02369-240x172.jpg",240,172,true],"advps-thumb-one":["https:\/\/arantv.az\/wp-content\/uploads\/2019\/05\/hesablama_palatasi_02369.jpg",800,600,false]},"rttpg_author":{"display_name":"V\u00fcsal Rafiqo\u011flu","author_link":"https:\/\/arantv.az\/?author=2"},"rttpg_comment":0,"rttpg_category":"<a href=\"https:\/\/arantv.az\/?cat=19\" rel=\"category\">G\u00fcnd\u0259m<\/a>","rttpg_excerpt":"Az\u0259rbaycanda Hesablama Palatas\u0131n\u0131n h\u00fcquqlar\u0131ndan biri l\u0259\u011fv edilir. ARANTV.AZ\u00a0\u00a0Trend-\u0259 istinad\u0259n bildirir ki,\u00a0bununla ba\u011fl\u0131 &#8220;Hesablama Palatas\u0131 haqq\u0131nda&#8221; qanuna d\u0259yi\u015fiklikl\u0259r edilir. Haz\u0131rda Palatan\u0131n qanunla n\u0259z\u0259rd\u0259 tutulmu\u015f m\u00fcvafiq inzibati x\u0259talar haqq\u0131nda i\u015fl\u0259r\u0259 baxma v\u0259 inzibati t\u0259nbeh t\u0259tbiq etm\u0259 h\u00fcququ var. Yeni d\u0259yi\u015fiklikl\u0259rd\u0259 is\u0259 bu h\u00fcquq l\u0259\u011fv edilir.","_links":{"self":[{"href":"https:\/\/arantv.az\/index.php?rest_route=\/wp\/v2\/posts\/56950"}],"collection":[{"href":"https:\/\/arantv.az\/index.php?rest_route=\/wp\/v2\/posts"}],"about":[{"href":"https:\/\/arantv.az\/index.php?rest_route=\/wp\/v2\/types\/post"}],"author":[{"embeddable":true,"href":"https:\/\/arantv.az\/index.php?rest_route=\/wp\/v2\/users\/2"}],"replies":[{"embeddable":true,"href":"https:\/\/arantv.az\/index.php?rest_route=%2Fwp%2Fv2%2Fcomments&post=56950"}],"version-history":[{"count":0,"href":"https:\/\/arantv.az\/index.php?rest_route=\/wp\/v2\/posts\/56950\/revisions"}],"wp:featuredmedia":[{"embeddable":true,"href":"https:\/\/arantv.az\/index.php?rest_route=\/wp\/v2\/media\/56951"}],"wp:attachment":[{"href":"https:\/\/arantv.az\/index.php?rest_route=%2Fwp%2Fv2%2Fmedia&parent=56950"}],"wp:term":[{"taxonomy":"category","embeddable":true,"href":"https:\/\/arantv.az\/index.php?rest_route=%2Fwp%2Fv2%2Fcategories&post=56950"},{"taxonomy":"post_tag","embeddable":true,"href":"https:\/\/arantv.az\/index.php?rest_route=%2Fwp%2Fv2%2Ftags&post=56950"}],"curies":[{"name":"wp","href":"https:\/\/api.w.org\/{rel}","templated":true}]}}