{"id":56957,"date":"2019-05-11T11:16:09","date_gmt":"2019-05-11T08:16:09","guid":{"rendered":"http:\/\/arantv.az\/?p=56957"},"modified":"2019-05-11T11:16:09","modified_gmt":"2019-05-11T08:16:09","slug":"heyd%c9%99r-%c9%99liyev-must%c9%99qil-dovl%c9%99t-qurmaq-kimi-mur%c9%99kk%c9%99b-v%c9%99-s%c9%99r%c9%99fli-missiyani-yerin%c9%99-yetir%c9%99-bil%c9%99n-yegan%c9%99-%c9%99fsan%c9%99vi-s%c9%99xsiyy","status":"publish","type":"post","link":"https:\/\/arantv.az\/?p=56957","title":{"rendered":"Heyd\u0259r \u018fliyev m\u00fcst\u0259qil d\u00f6vl\u0259t qurmaq kimi m\u00fcr\u0259kk\u0259b v\u0259 \u015f\u0259r\u0259fli missiyan\u0131 yerin\u0259 yetir\u0259 bil\u0259n yegan\u0259 \u0259fsan\u0259vi \u015f\u0259xsiyy\u0259t olmu\u015fdur &#8211; \u201cEl Peruano\u201d q\u0259zeti"},"content":{"rendered":"<p><strong>Perunun r\u0259smi &#8220;El Peruano&#8221; q\u0259zetind\u0259 Az\u0259rbaycan Respublikas\u0131n\u0131n tarixind\u0259 m\u00fcst\u0259sna xidm\u0259tl\u0259ri olmu\u015f v\u0259 bu d\u00f6vl\u0259tin qurulmas\u0131nda \u0259sas rol oynam\u0131\u015f \u00fcmummilli lider Heyd\u0259r \u018fliyevin anadan olmas\u0131n\u0131n 96-c\u0131 ild\u00f6n\u00fcm\u00fcn\u0259 h\u0259sr olunmu\u015f m\u0259qal\u0259 d\u0259rc edilmi\u015fdir.<\/strong><\/p>\n<p><strong>ARANTV.AZ<\/strong>\u00a0\u00a0<a href=\"http:\/\/az.trend.az\/\" target=\"_blank\" rel=\"noopener\"><span style=\"color: #000000;\">Trend<\/span><\/a>-\u0259 istinad\u0259n bildirir ki,\u00a0m\u0259qal\u0259d\u0259 qeyd edilir ki, Heyd\u0259r \u018fliyev t\u0259krars\u0131z bir lider, g\u00fccl\u00fc d\u00f6vl\u0259t ba\u015f\u00e7\u0131s\u0131, f\u0259dakar insan, m\u00fcst\u0259qil d\u00f6vl\u0259t qurmaq kimi m\u00fcr\u0259kk\u0259b v\u0259 \u015f\u0259r\u0259fli missiyan\u0131 yerin\u0259 yetir\u0259 bil\u0259n yegan\u0259 \u0259fsan\u0259vi bir \u015f\u0259xsiyy\u0259t olmu\u015fdur.<\/p>\n<p>Qeyd edilir ki, Heyd\u0259r \u018fliyev m\u00fcasir Az\u0259rbaycan tarixini yaratm\u0131\u015f liderdir. Tarix onu g\u00fccl\u00fc d\u00f6vl\u0259t ba\u015f\u00e7\u0131s\u0131, d\u00f6vl\u0259t quruculu\u011fu yolunda \u00f6z \u00fcz\u0259rin\u0259 \u0259n a\u011f\u0131r tarixi m\u0259suliyy\u0259ti g\u00f6t\u00fcrm\u00fc\u015f f\u0259dakar v\u0259 unikal \u015f\u0259xsiyy\u0259t kimi xat\u0131rlay\u0131r.<\/p>\n<p>Bildirilir ki, m\u0259hz Heyd\u0259r \u018fliyev m\u00fcasir Az\u0259rbaycan d\u00f6vl\u0259tinin tarixinin \u0259n dramatik d\u00f6vr\u00fcnd\u0259 \u00f6lk\u0259y\u0259 r\u0259hb\u0259rlik etmi\u015f, onun nailiyy\u0259tl\u0259rinin v\u0259 t\u0259r\u0259qqisinin \u0259sas\u0131n\u0131 qoymu\u015fdur. \u00d6z sars\u0131lmaz \u0259qid\u0259si v\u0259 tarixi m\u00fcdrikliyi say\u0259sind\u0259 Heyd\u0259r \u018fliyev Az\u0259rbaycan xalq\u0131n\u0131n m\u00fcst\u0259qillik arzusunu h\u0259yata ke\u00e7irm\u0259y\u0259 nail olmu\u015fdur. Onun \u00e7oxt\u0259r\u0259fli siyas\u0259ti d\u00f6vl\u0259t strategiyas\u0131na \u00e7evrilmi\u015f v\u0259 d\u00fcnyan\u0131n bir \u00e7ox \u00f6lk\u0259l\u0259ri il\u0259 konstruktiv \u0259laq\u0259l\u0259r qurulmu\u015fdur.<\/p>\n<p>M\u0259qal\u0259d\u0259 g\u00f6st\u0259rilir ki, siyasi sabitliy\u0259 nail olmaqla yana\u015f\u0131, Heyd\u0259r \u018fliyev \u00f6lk\u0259nin iqtisadi m\u00fcst\u0259qilliyinin t\u0259m\u0259lini qoymu\u015fdur. O, istehsal\u0131n b\u0259rpas\u0131, maliyy\u0259 v\u0259ziyy\u0259tinin yax\u015f\u0131la\u015fd\u0131r\u0131lmas\u0131 v\u0259 xarici investisiyalar\u0131n c\u0259lb edilm\u0259si \u00fc\u00e7\u00fcn anti-b\u00f6hran proqram\u0131 haz\u0131rlay\u0131b v\u0259 h\u0259yata ke\u00e7irmi\u015fdir. 1994-c\u00fc ild\u0259 Bak\u0131da d\u00fcnyan\u0131n neft \u015firk\u0259tl\u0259ri il\u0259 imzalanm\u0131\u015f &#8220;\u018fsrin m\u00fcqavil\u0259si&#8221; daxili m\u00fchitin sabitliyi v\u0259 xarici siyas\u0259tin u\u011furlu olmas\u0131 \u00fc\u00e7\u00fcn m\u00fch\u00fcm rol oynam\u0131\u015fd\u0131r.<\/p>\n<p>Sonda qeyd edilir ki, m\u00fcasir Az\u0259rbaycan\u0131n tarixi \u0259b\u0259di olaraq Heyd\u0259r \u018fliyevin ad\u0131 il\u0259 ba\u011fl\u0131d\u0131r. Bu g\u00fcn Az\u0259rbaycan xalq\u0131 b\u00f6y\u00fck bir liderin xatir\u0259sini h\u00f6rm\u0259tl\u0259 yad edir. B\u00fct\u00fcn h\u0259yat\u0131n\u0131 V\u0259t\u0259n\u0259 h\u0259sr ed\u0259n Heyd\u0259r \u018fliyev h\u0259mi\u015f\u0259 xalq\u0131na \u015f\u0259r\u0259f v\u0259 l\u0259yaq\u0259tl\u0259 xidm\u0259t etmi\u015fdir.<\/p>\n","protected":false},"excerpt":{"rendered":"<p>Perunun r\u0259smi &#8220;El Peruano&#8221; q\u0259zetind\u0259 Az\u0259rbaycan Respublikas\u0131n\u0131n tarixind\u0259 m\u00fcst\u0259sna xidm\u0259tl\u0259ri olmu\u015f v\u0259 bu d\u00f6vl\u0259tin qurulmas\u0131nda \u0259sas rol oynam\u0131\u015f \u00fcmummilli lider Heyd\u0259r \u018fliyevin anadan olmas\u0131n\u0131n 96-c\u0131 ild\u00f6n\u00fcm\u00fcn\u0259 h\u0259sr olunmu\u015f m\u0259qal\u0259 d\u0259rc edilmi\u015fdir. ARANTV.AZ\u00a0\u00a0Trend-\u0259 istinad\u0259n bildirir ki,\u00a0m\u0259qal\u0259d\u0259 qeyd edilir ki, Heyd\u0259r \u018fliyev t\u0259krars\u0131z bir lider, g\u00fccl\u00fc d\u00f6vl\u0259t ba\u015f\u00e7\u0131s\u0131, f\u0259dakar insan, m\u00fcst\u0259qil d\u00f6vl\u0259t qurmaq kimi m\u00fcr\u0259kk\u0259b v\u0259 \u015f\u0259r\u0259fli missiyan\u0131 yerin\u0259 yetir\u0259 bil\u0259n yegan\u0259 \u0259fsan\u0259vi bir \u015f\u0259xsiyy\u0259t olmu\u015fdur. Qeyd edilir ki, Heyd\u0259r \u018fliyev m\u00fcasir Az\u0259rbaycan tarixini yaratm\u0131\u015f liderdir. Tarix onu g\u00fccl\u00fc d\u00f6vl\u0259t ba\u015f\u00e7\u0131s\u0131, d\u00f6vl\u0259t quruculu\u011fu yolunda \u00f6z \u00fcz\u0259rin\u0259 \u0259n a\u011f\u0131r tarixi m\u0259suliyy\u0259ti g\u00f6t\u00fcrm\u00fc\u015f f\u0259dakar&hellip;<\/p>\n","protected":false},"author":2,"featured_media":56958,"comment_status":"closed","ping_status":"closed","sticky":false,"template":"","format":"standard","meta":{"om_disable_all_campaigns":false,"_monsterinsights_skip_tracking":false,"_monsterinsights_sitenote_active":false,"_monsterinsights_sitenote_note":"","_monsterinsights_sitenote_category":0},"categories":[4],"tags":[],"aioseo_notices":[],"gutentor_comment":0,"rttpg_featured_image_url":{"full":["https:\/\/arantv.az\/wp-content\/uploads\/2019\/05\/753951.jpg",800,600,false],"landscape":["https:\/\/arantv.az\/wp-content\/uploads\/2019\/05\/753951.jpg",800,600,false],"portraits":["https:\/\/arantv.az\/wp-content\/uploads\/2019\/05\/753951.jpg",800,600,false],"thumbnail":["https:\/\/arantv.az\/wp-content\/uploads\/2019\/05\/753951-150x150.jpg",150,150,true],"medium":["https:\/\/arantv.az\/wp-content\/uploads\/2019\/05\/753951-300x225.jpg",300,225,true],"large":["https:\/\/arantv.az\/wp-content\/uploads\/2019\/05\/753951.jpg",640,480,false],"1536x1536":["https:\/\/arantv.az\/wp-content\/uploads\/2019\/05\/753951.jpg",800,600,false],"2048x2048":["https:\/\/arantv.az\/wp-content\/uploads\/2019\/05\/753951.jpg",800,600,false],"post-thumbnail":["https:\/\/arantv.az\/wp-content\/uploads\/2019\/05\/753951-240x172.jpg",240,172,true],"advps-thumb-one":["https:\/\/arantv.az\/wp-content\/uploads\/2019\/05\/753951.jpg",800,600,false]},"rttpg_author":{"display_name":"V\u00fcsal Rafiqo\u011flu","author_link":"https:\/\/arantv.az\/?author=2"},"rttpg_comment":0,"rttpg_category":"<a href=\"https:\/\/arantv.az\/?cat=4\" rel=\"category\">Siyas\u0259t<\/a>","rttpg_excerpt":"Perunun r\u0259smi &#8220;El Peruano&#8221; q\u0259zetind\u0259 Az\u0259rbaycan Respublikas\u0131n\u0131n tarixind\u0259 m\u00fcst\u0259sna xidm\u0259tl\u0259ri olmu\u015f v\u0259 bu d\u00f6vl\u0259tin qurulmas\u0131nda \u0259sas rol oynam\u0131\u015f \u00fcmummilli lider Heyd\u0259r \u018fliyevin anadan olmas\u0131n\u0131n 96-c\u0131 ild\u00f6n\u00fcm\u00fcn\u0259 h\u0259sr olunmu\u015f m\u0259qal\u0259 d\u0259rc edilmi\u015fdir. ARANTV.AZ\u00a0\u00a0Trend-\u0259 istinad\u0259n bildirir ki,\u00a0m\u0259qal\u0259d\u0259 qeyd edilir ki, Heyd\u0259r \u018fliyev t\u0259krars\u0131z bir lider, g\u00fccl\u00fc d\u00f6vl\u0259t ba\u015f\u00e7\u0131s\u0131, f\u0259dakar insan, m\u00fcst\u0259qil d\u00f6vl\u0259t qurmaq kimi m\u00fcr\u0259kk\u0259b v\u0259 \u015f\u0259r\u0259fli&hellip;","_links":{"self":[{"href":"https:\/\/arantv.az\/index.php?rest_route=\/wp\/v2\/posts\/56957"}],"collection":[{"href":"https:\/\/arantv.az\/index.php?rest_route=\/wp\/v2\/posts"}],"about":[{"href":"https:\/\/arantv.az\/index.php?rest_route=\/wp\/v2\/types\/post"}],"author":[{"embeddable":true,"href":"https:\/\/arantv.az\/index.php?rest_route=\/wp\/v2\/users\/2"}],"replies":[{"embeddable":true,"href":"https:\/\/arantv.az\/index.php?rest_route=%2Fwp%2Fv2%2Fcomments&post=56957"}],"version-history":[{"count":0,"href":"https:\/\/arantv.az\/index.php?rest_route=\/wp\/v2\/posts\/56957\/revisions"}],"wp:featuredmedia":[{"embeddable":true,"href":"https:\/\/arantv.az\/index.php?rest_route=\/wp\/v2\/media\/56958"}],"wp:attachment":[{"href":"https:\/\/arantv.az\/index.php?rest_route=%2Fwp%2Fv2%2Fmedia&parent=56957"}],"wp:term":[{"taxonomy":"category","embeddable":true,"href":"https:\/\/arantv.az\/index.php?rest_route=%2Fwp%2Fv2%2Fcategories&post=56957"},{"taxonomy":"post_tag","embeddable":true,"href":"https:\/\/arantv.az\/index.php?rest_route=%2Fwp%2Fv2%2Ftags&post=56957"}],"curies":[{"name":"wp","href":"https:\/\/api.w.org\/{rel}","templated":true}]}}