{"id":56966,"date":"2019-05-11T11:21:04","date_gmt":"2019-05-11T08:21:04","guid":{"rendered":"http:\/\/arantv.az\/?p=56966"},"modified":"2019-05-11T11:21:04","modified_gmt":"2019-05-11T08:21:04","slug":"az%c9%99rbaycanda-4-gun-is-olmayacaq","status":"publish","type":"post","link":"https:\/\/arantv.az\/?p=56966","title":{"rendered":"Az\u0259rbaycanda 4 g\u00fcn \u0130\u015e OLMAYACAQ"},"content":{"rendered":"<p>G\u0259l\u0259n ay\u0131n qeyri-i\u015f g\u00fcnl\u0259ri a\u00e7\u0131qland\u0131.<\/p>\n<p><b>ARANTV.AZ\u00a0<\/b>\u00a0Oxu24.com-a istinad\u0259n x\u0259b\u0259r verir ki, iyun ay\u0131nda Ramazan Bayram\u0131, Milli Qurtulu\u015f g\u00fcn\u00fc v\u0259 Silahl\u0131 Q\u00fcvv\u0259l\u0259r g\u00fcn\u00fc il\u0259 \u0259laq\u0259dar 4 g\u00fcn qeyri-i\u015f g\u00fcn\u00fc olacaq.<\/p>\n<div id=\"AdviadNativeVideo0\" class=\"AdviadNativeVideo\"><\/div>\n<p>Bel\u0259 ki, iyunun 5-6-da Ramazan Bayram\u0131, iyunun 15-d\u0259 Milli Qurtulu\u015f g\u00fcn\u00fc, iyunun 26-da Silahl\u0131 Q\u00fcvv\u0259l\u0259r g\u00fcn\u00fc qeyd olunur.<\/p>\n<p>H\u0259min g\u00fcnl\u0259r i\u015f olmayacaq.<\/p>\n","protected":false},"excerpt":{"rendered":"<p>G\u0259l\u0259n ay\u0131n qeyri-i\u015f g\u00fcnl\u0259ri a\u00e7\u0131qland\u0131. ARANTV.AZ\u00a0\u00a0Oxu24.com-a istinad\u0259n x\u0259b\u0259r verir ki, iyun ay\u0131nda Ramazan Bayram\u0131, Milli Qurtulu\u015f g\u00fcn\u00fc v\u0259 Silahl\u0131 Q\u00fcvv\u0259l\u0259r g\u00fcn\u00fc il\u0259 \u0259laq\u0259dar 4 g\u00fcn qeyri-i\u015f g\u00fcn\u00fc olacaq. Bel\u0259 ki, iyunun 5-6-da Ramazan Bayram\u0131, iyunun 15-d\u0259 Milli Qurtulu\u015f g\u00fcn\u00fc, iyunun 26-da Silahl\u0131 Q\u00fcvv\u0259l\u0259r g\u00fcn\u00fc qeyd olunur. H\u0259min g\u00fcnl\u0259r i\u015f olmayacaq.<\/p>\n","protected":false},"author":2,"featured_media":56967,"comment_status":"closed","ping_status":"closed","sticky":false,"template":"","format":"standard","meta":{"om_disable_all_campaigns":false,"_monsterinsights_skip_tracking":false,"_monsterinsights_sitenote_active":false,"_monsterinsights_sitenote_note":"","_monsterinsights_sitenote_category":0},"categories":[1],"tags":[],"aioseo_notices":[],"gutentor_comment":0,"rttpg_featured_image_url":{"full":["https:\/\/arantv.az\/wp-content\/uploads\/2019\/05\/1557560017_teqvim.jpg",550,309,false],"landscape":["https:\/\/arantv.az\/wp-content\/uploads\/2019\/05\/1557560017_teqvim.jpg",550,309,false],"portraits":["https:\/\/arantv.az\/wp-content\/uploads\/2019\/05\/1557560017_teqvim.jpg",550,309,false],"thumbnail":["https:\/\/arantv.az\/wp-content\/uploads\/2019\/05\/1557560017_teqvim-150x150.jpg",150,150,true],"medium":["https:\/\/arantv.az\/wp-content\/uploads\/2019\/05\/1557560017_teqvim-300x169.jpg",300,169,true],"large":["https:\/\/arantv.az\/wp-content\/uploads\/2019\/05\/1557560017_teqvim.jpg",550,309,false],"1536x1536":["https:\/\/arantv.az\/wp-content\/uploads\/2019\/05\/1557560017_teqvim.jpg",550,309,false],"2048x2048":["https:\/\/arantv.az\/wp-content\/uploads\/2019\/05\/1557560017_teqvim.jpg",550,309,false],"post-thumbnail":["https:\/\/arantv.az\/wp-content\/uploads\/2019\/05\/1557560017_teqvim-240x172.jpg",240,172,true],"advps-thumb-one":["https:\/\/arantv.az\/wp-content\/uploads\/2019\/05\/1557560017_teqvim.jpg",550,309,false]},"rttpg_author":{"display_name":"V\u00fcsal Rafiqo\u011flu","author_link":"https:\/\/arantv.az\/?author=2"},"rttpg_comment":0,"rttpg_category":"<a href=\"https:\/\/arantv.az\/?cat=1\" rel=\"category\">C\u0259miyy\u0259t<\/a>","rttpg_excerpt":"G\u0259l\u0259n ay\u0131n qeyri-i\u015f g\u00fcnl\u0259ri a\u00e7\u0131qland\u0131. ARANTV.AZ\u00a0\u00a0Oxu24.com-a istinad\u0259n x\u0259b\u0259r verir ki, iyun ay\u0131nda Ramazan Bayram\u0131, Milli Qurtulu\u015f g\u00fcn\u00fc v\u0259 Silahl\u0131 Q\u00fcvv\u0259l\u0259r g\u00fcn\u00fc il\u0259 \u0259laq\u0259dar 4 g\u00fcn qeyri-i\u015f g\u00fcn\u00fc olacaq. Bel\u0259 ki, iyunun 5-6-da Ramazan Bayram\u0131, iyunun 15-d\u0259 Milli Qurtulu\u015f g\u00fcn\u00fc, iyunun 26-da Silahl\u0131 Q\u00fcvv\u0259l\u0259r g\u00fcn\u00fc qeyd olunur. H\u0259min g\u00fcnl\u0259r i\u015f olmayacaq.","_links":{"self":[{"href":"https:\/\/arantv.az\/index.php?rest_route=\/wp\/v2\/posts\/56966"}],"collection":[{"href":"https:\/\/arantv.az\/index.php?rest_route=\/wp\/v2\/posts"}],"about":[{"href":"https:\/\/arantv.az\/index.php?rest_route=\/wp\/v2\/types\/post"}],"author":[{"embeddable":true,"href":"https:\/\/arantv.az\/index.php?rest_route=\/wp\/v2\/users\/2"}],"replies":[{"embeddable":true,"href":"https:\/\/arantv.az\/index.php?rest_route=%2Fwp%2Fv2%2Fcomments&post=56966"}],"version-history":[{"count":0,"href":"https:\/\/arantv.az\/index.php?rest_route=\/wp\/v2\/posts\/56966\/revisions"}],"wp:featuredmedia":[{"embeddable":true,"href":"https:\/\/arantv.az\/index.php?rest_route=\/wp\/v2\/media\/56967"}],"wp:attachment":[{"href":"https:\/\/arantv.az\/index.php?rest_route=%2Fwp%2Fv2%2Fmedia&parent=56966"}],"wp:term":[{"taxonomy":"category","embeddable":true,"href":"https:\/\/arantv.az\/index.php?rest_route=%2Fwp%2Fv2%2Fcategories&post=56966"},{"taxonomy":"post_tag","embeddable":true,"href":"https:\/\/arantv.az\/index.php?rest_route=%2Fwp%2Fv2%2Ftags&post=56966"}],"curies":[{"name":"wp","href":"https:\/\/api.w.org\/{rel}","templated":true}]}}