{"id":56972,"date":"2019-05-11T11:36:23","date_gmt":"2019-05-11T08:36:23","guid":{"rendered":"http:\/\/arantv.az\/?p=56972"},"modified":"2019-05-11T11:36:23","modified_gmt":"2019-05-11T08:36:23","slug":"bas-nazirin-muavini-az%c9%99rbaycanda-b%c9%99zi-az-sayda-quvv%c9%99l%c9%99r-var-ki-bohtan-yalan-iftira-il%c9%99-inkisafa-kolg%c9%99-salmaga-calisirlar","status":"publish","type":"post","link":"https:\/\/arantv.az\/?p=56972","title":{"rendered":"Ba\u015f nazirin m\u00fcavini: &#8220;Az\u0259rbaycanda b\u0259zi az sayda q\u00fcvv\u0259l\u0259r var ki, b\u00f6htan, yalan, iftira il\u0259 inki\u015fafa k\u00f6lg\u0259 salma\u011fa \u00e7al\u0131\u015f\u0131rlar&#8221;"},"content":{"rendered":"<blockquote><p><em><strong>Bir ne\u00e7\u0259 g\u00fcn bundan \u00f6nc\u0259 b\u00fct\u00fcn d\u00fcnyan\u0131n izl\u0259diyi &#8220;Formula 1&#8221; yar\u0131\u015f\u0131na ev sahibliyi etdik. Bu ay\u0131n sonu is\u0259 UEFA Avropa Liqas\u0131n\u0131n final oyunu Bak\u0131da ke\u00e7iril\u0259c\u0259k. Bu m\u00f6t\u0259b\u0259r yar\u0131\u015flar\u0131n Bak\u0131da ke\u00e7irilm\u0259si t\u0259sad\u00fcfi deyil.<\/strong><\/em><\/p><\/blockquote>\n<p><strong>ARANTV.AZ\u00a0<\/strong>\u00a0<span style=\"color: #000000;\"><a style=\"color: #000000;\" href=\"http:\/\/az.trend.az\/\" target=\"_blank\" rel=\"noopener\">Trend<\/a><\/span>-\u0259 istinad\u0259n bildirir ki,\u00a0bunu Ba\u015f nazirin m\u00fcavini, Yeni Az\u0259rbaycan Partiyas\u0131n\u0131n S\u0259dr m\u00fcavini &#8211; \u0130cra katibi \u018fli \u018fhm\u0259dov deyib.<\/p>\n<p>Bak\u0131n\u0131n d\u00fcnyan\u0131n \u0259n g\u00f6z\u0259l \u015f\u0259h\u0259rl\u0259rind\u0259n birin\u0259 \u00e7evrildiyini vur\u011fulayan \u018f.\u018fhm\u0259dov d\u00fcnyan\u0131n \u0259n m\u00f6ht\u0259\u015f\u0259m idman t\u0259dbirl\u0259rinin Bak\u0131 \u015f\u0259h\u0259rind\u0259 ke\u00e7irildiyini s\u00f6yl\u0259yib.<\/p>\n<p>Onun s\u00f6zl\u0259rin\u0259 g\u00f6r\u0259, \u0259g\u0259r Az\u0259rbaycan\u0131n paytaxt\u0131 v\u0259 b\u00fct\u00f6vl\u00fckd\u0259 \u00f6lk\u0259miz inki\u015faf etm\u0259s\u0259ydi, bel\u0259 \u0259z\u0259m\u0259tli t\u0259dbirl\u0259rin ke\u00e7irilm\u0259si \u00fc\u00e7\u00fcn infrastruktur olmasayd\u0131, bu t\u0259dbirl\u0259rin harda ke\u00e7irilm\u0259si sual\u0131 ortaya \u00e7\u0131xanda Bak\u0131 \u015f\u0259h\u0259ri he\u00e7 kimin yad\u0131na d\u00fc\u015fm\u0259zdi: &#8220;Az\u0259rbaycanda b\u0259zi az sayda q\u00fcvv\u0259l\u0259r var ki, b\u00f6htan, yalan, iftira il\u0259 inki\u015fafa k\u00f6lg\u0259 salma\u011fa \u00e7al\u0131\u015f\u0131rlar. Lakin Az\u0259rbaycan v\u0259t\u0259nda\u015flar\u0131 bu c\u00fcr c\u0259hdl\u0259r\u0259 inanm\u0131r. \u00c7\u00fcnki insan\u0131n \u00f6z g\u00f6z\u00fc il\u0259 g\u00f6rd\u00fcy\u00fcn\u00fc n\u0259 q\u0259d\u0259r t\u0259hrif etm\u0259y\u0259 \u00e7al\u0131\u015fsan da, bunun bir n\u0259tic\u0259si olmayacaq. Az\u0259rbaycan g\u00f6zl\u0259rimizin \u00f6n\u00fcnd\u0259 \u0259n az\u0131 son 15 ild\u0259 n\u0259 q\u0259d\u0259r d\u0259yi\u015fib. D\u00fcnyan\u0131n apar\u0131c\u0131 televiziya kanallar\u0131 \u00f6lk\u0259miz haqq\u0131nda tez-tez s\u00fcjetl\u0259r verirl\u0259r. Bu g\u00fcn insanlar\u0131n da h\u0259yat\u0131 v\u0259 d\u00fc\u015f\u00fcnc\u0259l\u0259ri d\u0259yi\u015fir. \u00d6lk\u0259miz m\u00fcasirl\u0259\u015fdikc\u0259 insanlar\u0131m\u0131z da m\u00fcasirl\u0259\u015fir. B\u00fct\u00fcn bunlar\u0131n fonunda kiml\u0259rins\u0259 Az\u0259rbaycan\u0131n reall\u0131qlar\u0131n\u0131 t\u0259hrif etm\u0259y\u0259 \u00e7al\u0131\u015fmas\u0131, b\u00f6htan atmas\u0131 bir v\u0259t\u0259nda\u015f olaraq ham\u0131m\u0131z\u0131n q\u0259lbini incidir&#8221;.<\/p>\n","protected":false},"excerpt":{"rendered":"<p>Bir ne\u00e7\u0259 g\u00fcn bundan \u00f6nc\u0259 b\u00fct\u00fcn d\u00fcnyan\u0131n izl\u0259diyi &#8220;Formula 1&#8221; yar\u0131\u015f\u0131na ev sahibliyi etdik. Bu ay\u0131n sonu is\u0259 UEFA Avropa Liqas\u0131n\u0131n final oyunu Bak\u0131da ke\u00e7iril\u0259c\u0259k. Bu m\u00f6t\u0259b\u0259r yar\u0131\u015flar\u0131n Bak\u0131da ke\u00e7irilm\u0259si t\u0259sad\u00fcfi deyil. ARANTV.AZ\u00a0\u00a0Trend-\u0259 istinad\u0259n bildirir ki,\u00a0bunu Ba\u015f nazirin m\u00fcavini, Yeni Az\u0259rbaycan Partiyas\u0131n\u0131n S\u0259dr m\u00fcavini &#8211; \u0130cra katibi \u018fli \u018fhm\u0259dov deyib. Bak\u0131n\u0131n d\u00fcnyan\u0131n \u0259n g\u00f6z\u0259l \u015f\u0259h\u0259rl\u0259rind\u0259n birin\u0259 \u00e7evrildiyini vur\u011fulayan \u018f.\u018fhm\u0259dov d\u00fcnyan\u0131n \u0259n m\u00f6ht\u0259\u015f\u0259m idman t\u0259dbirl\u0259rinin Bak\u0131 \u015f\u0259h\u0259rind\u0259 ke\u00e7irildiyini s\u00f6yl\u0259yib. Onun s\u00f6zl\u0259rin\u0259 g\u00f6r\u0259, \u0259g\u0259r Az\u0259rbaycan\u0131n paytaxt\u0131 v\u0259 b\u00fct\u00f6vl\u00fckd\u0259 \u00f6lk\u0259miz inki\u015faf etm\u0259s\u0259ydi, bel\u0259 \u0259z\u0259m\u0259tli t\u0259dbirl\u0259rin ke\u00e7irilm\u0259si \u00fc\u00e7\u00fcn infrastruktur olmasayd\u0131, bu t\u0259dbirl\u0259rin harda ke\u00e7irilm\u0259si&hellip;<\/p>\n","protected":false},"author":2,"featured_media":56973,"comment_status":"closed","ping_status":"closed","sticky":false,"template":"","format":"standard","meta":{"om_disable_all_campaigns":false,"_monsterinsights_skip_tracking":false,"_monsterinsights_sitenote_active":false,"_monsterinsights_sitenote_note":"","_monsterinsights_sitenote_category":0},"categories":[4],"tags":[],"aioseo_notices":[],"gutentor_comment":0,"rttpg_featured_image_url":{"full":["https:\/\/arantv.az\/wp-content\/uploads\/2019\/05\/753993.jpg",800,600,false],"landscape":["https:\/\/arantv.az\/wp-content\/uploads\/2019\/05\/753993.jpg",800,600,false],"portraits":["https:\/\/arantv.az\/wp-content\/uploads\/2019\/05\/753993.jpg",800,600,false],"thumbnail":["https:\/\/arantv.az\/wp-content\/uploads\/2019\/05\/753993-150x150.jpg",150,150,true],"medium":["https:\/\/arantv.az\/wp-content\/uploads\/2019\/05\/753993-300x225.jpg",300,225,true],"large":["https:\/\/arantv.az\/wp-content\/uploads\/2019\/05\/753993.jpg",640,480,false],"1536x1536":["https:\/\/arantv.az\/wp-content\/uploads\/2019\/05\/753993.jpg",800,600,false],"2048x2048":["https:\/\/arantv.az\/wp-content\/uploads\/2019\/05\/753993.jpg",800,600,false],"post-thumbnail":["https:\/\/arantv.az\/wp-content\/uploads\/2019\/05\/753993-240x172.jpg",240,172,true],"advps-thumb-one":["https:\/\/arantv.az\/wp-content\/uploads\/2019\/05\/753993.jpg",800,600,false]},"rttpg_author":{"display_name":"V\u00fcsal Rafiqo\u011flu","author_link":"https:\/\/arantv.az\/?author=2"},"rttpg_comment":0,"rttpg_category":"<a href=\"https:\/\/arantv.az\/?cat=4\" rel=\"category\">Siyas\u0259t<\/a>","rttpg_excerpt":"Bir ne\u00e7\u0259 g\u00fcn bundan \u00f6nc\u0259 b\u00fct\u00fcn d\u00fcnyan\u0131n izl\u0259diyi &#8220;Formula 1&#8221; yar\u0131\u015f\u0131na ev sahibliyi etdik. Bu ay\u0131n sonu is\u0259 UEFA Avropa Liqas\u0131n\u0131n final oyunu Bak\u0131da ke\u00e7iril\u0259c\u0259k. Bu m\u00f6t\u0259b\u0259r yar\u0131\u015flar\u0131n Bak\u0131da ke\u00e7irilm\u0259si t\u0259sad\u00fcfi deyil. ARANTV.AZ\u00a0\u00a0Trend-\u0259 istinad\u0259n bildirir ki,\u00a0bunu Ba\u015f nazirin m\u00fcavini, Yeni Az\u0259rbaycan Partiyas\u0131n\u0131n S\u0259dr m\u00fcavini &#8211; \u0130cra katibi \u018fli \u018fhm\u0259dov deyib. Bak\u0131n\u0131n d\u00fcnyan\u0131n \u0259n g\u00f6z\u0259l \u015f\u0259h\u0259rl\u0259rind\u0259n&hellip;","_links":{"self":[{"href":"https:\/\/arantv.az\/index.php?rest_route=\/wp\/v2\/posts\/56972"}],"collection":[{"href":"https:\/\/arantv.az\/index.php?rest_route=\/wp\/v2\/posts"}],"about":[{"href":"https:\/\/arantv.az\/index.php?rest_route=\/wp\/v2\/types\/post"}],"author":[{"embeddable":true,"href":"https:\/\/arantv.az\/index.php?rest_route=\/wp\/v2\/users\/2"}],"replies":[{"embeddable":true,"href":"https:\/\/arantv.az\/index.php?rest_route=%2Fwp%2Fv2%2Fcomments&post=56972"}],"version-history":[{"count":0,"href":"https:\/\/arantv.az\/index.php?rest_route=\/wp\/v2\/posts\/56972\/revisions"}],"wp:featuredmedia":[{"embeddable":true,"href":"https:\/\/arantv.az\/index.php?rest_route=\/wp\/v2\/media\/56973"}],"wp:attachment":[{"href":"https:\/\/arantv.az\/index.php?rest_route=%2Fwp%2Fv2%2Fmedia&parent=56972"}],"wp:term":[{"taxonomy":"category","embeddable":true,"href":"https:\/\/arantv.az\/index.php?rest_route=%2Fwp%2Fv2%2Fcategories&post=56972"},{"taxonomy":"post_tag","embeddable":true,"href":"https:\/\/arantv.az\/index.php?rest_route=%2Fwp%2Fv2%2Ftags&post=56972"}],"curies":[{"name":"wp","href":"https:\/\/api.w.org\/{rel}","templated":true}]}}