{"id":57026,"date":"2019-05-11T12:27:27","date_gmt":"2019-05-11T09:27:27","guid":{"rendered":"http:\/\/arantv.az\/?p=57026"},"modified":"2019-05-11T12:27:27","modified_gmt":"2019-05-11T09:27:27","slug":"h%c9%99ft%c9%99ici-bas-nazir-h%c9%99ft%c9%99sonu-h%c9%99kim-olan-s%c9%99xs","status":"publish","type":"post","link":"https:\/\/arantv.az\/?p=57026","title":{"rendered":"H\u0259ft\u0259i\u00e7i ba\u015f nazir, h\u0259ft\u0259sonu h\u0259kim olan \u015f\u0259xs"},"content":{"rendered":"<p>Xo\u015fb\u0259xtlik Nazirliyinin olmas\u0131 il\u0259 tan\u0131nan Butan Krall\u0131\u011f\u0131 maraql\u0131 bir yeniliyi il\u0259 g\u00fcnd\u0259md\u0259dir.<\/p>\n<p><b>ARANTV.AZ\u00a0<\/b>\u00a0publika.az-a istinad\u0259n x\u0259b\u0259r verir ki, \u00f6lk\u0259nin ba\u015f naziri Lotay T\u015ferinq h\u0259ft\u0259i\u00e7i d\u00f6vl\u0259t i\u015fl\u0259ril\u0259 m\u0259\u015f\u011ful olur, h\u0259ft\u0259sonu is\u0259 x\u0259st\u0259xanada i\u015fl\u0259yir.<\/p>\n<p>2008-ci ild\u0259 m\u00fctl\u0259q monarxiyaya son qoyulan Butan Krall\u0131\u011f\u0131nda \u00fc\u00e7\u00fcnc\u00fc d\u0259f\u0259 demokratik se\u00e7kil\u0259rd\u0259 ba\u015f nazir se\u00e7il\u0259n L.T\u015ferinq bir \u0259m\u0259liyyat sonras\u0131 jurnalistl\u0259rin suallar\u0131n\u0131 cavabland\u0131r\u0131b.<\/p>\n<div id=\"AdviadNativeVideo0\" class=\"AdviadNativeVideo\"><\/div>\n<p>Ba\u015f nazir h\u0259kimlik etm\u0259yin onu g\u00fcnd\u0259lik stressd\u0259n xilas etdiyini deyib:<\/p>\n<p>\u201cKimi qolf oynay\u0131r, kimi ox at\u0131r, m\u0259n d\u0259 \u0259m\u0259liyyat etm\u0259yi sevir\u0259m\u201d.<\/p>\n<p>50 ya\u015fl\u0131 ba\u015f nazirin h\u0259kim \u00f6nl\u00fcy\u00fc il\u0259 x\u0259st\u0259xanada g\u0259zm\u0259sinin he\u00e7 kimd\u0259 t\u0259\u0259cc\u00fcb do\u011furmad\u0131\u011f\u0131 bildirilir.<\/p>\n<p>Qeyd ed\u0259k ki, Butan bir \u00e7ox x\u00fcsusiyy\u0259tl\u0259rin\u0259 g\u00f6r\u0259 f\u0259rql\u0259nir. Bura d\u00fcnyan\u0131n karbondan azad olan t\u0259k \u00f6lk\u0259sidir. Y\u0259ni atmosfer\u0259 karbon qaz\u0131 at\u0131lm\u0131r. Konstitusiyaya g\u00f6r\u0259 \u00f6lk\u0259 torpaqlar\u0131n\u0131n 60 faizi me\u015f\u0259 olmal\u0131d\u0131r. Burada \u0259sas\u0259n ekoturizm m\u0259\u015fhurdur. \u00d6lk\u0259 \u00e7ox az sayda turist q\u0259bul edir. T\u00fct\u00fcn m\u0259mulatlar\u0131n\u0131n sat\u0131\u015f\u0131 qada\u011fand\u0131r. Paytaxt Thimphuda i\u015f\u0131qfor yoxdur.<\/p>\n","protected":false},"excerpt":{"rendered":"<p>Xo\u015fb\u0259xtlik Nazirliyinin olmas\u0131 il\u0259 tan\u0131nan Butan Krall\u0131\u011f\u0131 maraql\u0131 bir yeniliyi il\u0259 g\u00fcnd\u0259md\u0259dir. ARANTV.AZ\u00a0\u00a0publika.az-a istinad\u0259n x\u0259b\u0259r verir ki, \u00f6lk\u0259nin ba\u015f naziri Lotay T\u015ferinq h\u0259ft\u0259i\u00e7i d\u00f6vl\u0259t i\u015fl\u0259ril\u0259 m\u0259\u015f\u011ful olur, h\u0259ft\u0259sonu is\u0259 x\u0259st\u0259xanada i\u015fl\u0259yir. 2008-ci ild\u0259 m\u00fctl\u0259q monarxiyaya son qoyulan Butan Krall\u0131\u011f\u0131nda \u00fc\u00e7\u00fcnc\u00fc d\u0259f\u0259 demokratik se\u00e7kil\u0259rd\u0259 ba\u015f nazir se\u00e7il\u0259n L.T\u015ferinq bir \u0259m\u0259liyyat sonras\u0131 jurnalistl\u0259rin suallar\u0131n\u0131 cavabland\u0131r\u0131b. Ba\u015f nazir h\u0259kimlik etm\u0259yin onu g\u00fcnd\u0259lik stressd\u0259n xilas etdiyini deyib: \u201cKimi qolf oynay\u0131r, kimi ox at\u0131r, m\u0259n d\u0259 \u0259m\u0259liyyat etm\u0259yi sevir\u0259m\u201d. 50 ya\u015fl\u0131 ba\u015f nazirin h\u0259kim \u00f6nl\u00fcy\u00fc il\u0259 x\u0259st\u0259xanada g\u0259zm\u0259sinin he\u00e7 kimd\u0259 t\u0259\u0259cc\u00fcb do\u011furmad\u0131\u011f\u0131 bildirilir. Qeyd ed\u0259k&hellip;<\/p>\n","protected":false},"author":2,"featured_media":57027,"comment_status":"closed","ping_status":"closed","sticky":false,"template":"","format":"standard","meta":{"om_disable_all_campaigns":false,"_monsterinsights_skip_tracking":false,"_monsterinsights_sitenote_active":false,"_monsterinsights_sitenote_note":"","_monsterinsights_sitenote_category":0},"categories":[7],"tags":[],"aioseo_notices":[],"gutentor_comment":0,"rttpg_featured_image_url":{"full":["https:\/\/arantv.az\/wp-content\/uploads\/2019\/05\/1_51557566006.jpg",649,365,false],"landscape":["https:\/\/arantv.az\/wp-content\/uploads\/2019\/05\/1_51557566006.jpg",649,365,false],"portraits":["https:\/\/arantv.az\/wp-content\/uploads\/2019\/05\/1_51557566006.jpg",649,365,false],"thumbnail":["https:\/\/arantv.az\/wp-content\/uploads\/2019\/05\/1_51557566006-150x150.jpg",150,150,true],"medium":["https:\/\/arantv.az\/wp-content\/uploads\/2019\/05\/1_51557566006-300x169.jpg",300,169,true],"large":["https:\/\/arantv.az\/wp-content\/uploads\/2019\/05\/1_51557566006.jpg",640,360,false],"1536x1536":["https:\/\/arantv.az\/wp-content\/uploads\/2019\/05\/1_51557566006.jpg",649,365,false],"2048x2048":["https:\/\/arantv.az\/wp-content\/uploads\/2019\/05\/1_51557566006.jpg",649,365,false],"post-thumbnail":["https:\/\/arantv.az\/wp-content\/uploads\/2019\/05\/1_51557566006-240x172.jpg",240,172,true],"advps-thumb-one":["https:\/\/arantv.az\/wp-content\/uploads\/2019\/05\/1_51557566006.jpg",649,365,false]},"rttpg_author":{"display_name":"V\u00fcsal Rafiqo\u011flu","author_link":"https:\/\/arantv.az\/?author=2"},"rttpg_comment":0,"rttpg_category":"<a href=\"https:\/\/arantv.az\/?cat=7\" rel=\"category\">D\u00fcnya<\/a>","rttpg_excerpt":"Xo\u015fb\u0259xtlik Nazirliyinin olmas\u0131 il\u0259 tan\u0131nan Butan Krall\u0131\u011f\u0131 maraql\u0131 bir yeniliyi il\u0259 g\u00fcnd\u0259md\u0259dir. ARANTV.AZ\u00a0\u00a0publika.az-a istinad\u0259n x\u0259b\u0259r verir ki, \u00f6lk\u0259nin ba\u015f naziri Lotay T\u015ferinq h\u0259ft\u0259i\u00e7i d\u00f6vl\u0259t i\u015fl\u0259ril\u0259 m\u0259\u015f\u011ful olur, h\u0259ft\u0259sonu is\u0259 x\u0259st\u0259xanada i\u015fl\u0259yir. 2008-ci ild\u0259 m\u00fctl\u0259q monarxiyaya son qoyulan Butan Krall\u0131\u011f\u0131nda \u00fc\u00e7\u00fcnc\u00fc d\u0259f\u0259 demokratik se\u00e7kil\u0259rd\u0259 ba\u015f nazir se\u00e7il\u0259n L.T\u015ferinq bir \u0259m\u0259liyyat sonras\u0131 jurnalistl\u0259rin suallar\u0131n\u0131 cavabland\u0131r\u0131b. Ba\u015f nazir&hellip;","_links":{"self":[{"href":"https:\/\/arantv.az\/index.php?rest_route=\/wp\/v2\/posts\/57026"}],"collection":[{"href":"https:\/\/arantv.az\/index.php?rest_route=\/wp\/v2\/posts"}],"about":[{"href":"https:\/\/arantv.az\/index.php?rest_route=\/wp\/v2\/types\/post"}],"author":[{"embeddable":true,"href":"https:\/\/arantv.az\/index.php?rest_route=\/wp\/v2\/users\/2"}],"replies":[{"embeddable":true,"href":"https:\/\/arantv.az\/index.php?rest_route=%2Fwp%2Fv2%2Fcomments&post=57026"}],"version-history":[{"count":0,"href":"https:\/\/arantv.az\/index.php?rest_route=\/wp\/v2\/posts\/57026\/revisions"}],"wp:featuredmedia":[{"embeddable":true,"href":"https:\/\/arantv.az\/index.php?rest_route=\/wp\/v2\/media\/57027"}],"wp:attachment":[{"href":"https:\/\/arantv.az\/index.php?rest_route=%2Fwp%2Fv2%2Fmedia&parent=57026"}],"wp:term":[{"taxonomy":"category","embeddable":true,"href":"https:\/\/arantv.az\/index.php?rest_route=%2Fwp%2Fv2%2Fcategories&post=57026"},{"taxonomy":"post_tag","embeddable":true,"href":"https:\/\/arantv.az\/index.php?rest_route=%2Fwp%2Fv2%2Ftags&post=57026"}],"curies":[{"name":"wp","href":"https:\/\/api.w.org\/{rel}","templated":true}]}}