{"id":57029,"date":"2019-05-11T12:29:32","date_gmt":"2019-05-11T09:29:32","guid":{"rendered":"http:\/\/arantv.az\/?p=57029"},"modified":"2019-05-11T12:39:05","modified_gmt":"2019-05-11T09:39:05","slug":"agcab%c9%99di-rayonunda-umummilli-lider-heyd%c9%99r-%c9%99liyevin-96-illik-yubileyi-munasib%c9%99ti-il%c9%99-umumrayon-t%c9%99dbiri-kecirilmisdir","status":"publish","type":"post","link":"https:\/\/arantv.az\/?p=57029","title":{"rendered":"A\u011fcab\u0259di rayonunda \u00dcmummilli lider Heyd\u0259r \u018fliyevin 96 illik yubileyi m\u00fcnasib\u0259ti il\u0259 \u00fcmumrayon t\u0259dbiri ke\u00e7irilmi\u015fdir."},"content":{"rendered":"<p><strong>ARANTV.AZ<\/strong> x\u0259b\u0259r verir ki, t\u0259dbir 10 may 2019-cu il tyarixd\u0259 saat 19:30 \u2013da A\u011fcab\u0259di rayon Heyd\u0259r \u018fliyev meydan\u0131nda rayon \u0130cra Hakimiyy\u0259tinin qar\u015f\u0131s\u0131nda ucald\u0131lm\u0131\u015f Ulu \u00d6nd\u0259r Heyd\u0259r \u018fliyevin m\u00f6ht\u0259\u015f\u0259m abid\u0259sinin \u00f6n\u00fcnd\u0259 g\u00fclqoyma m\u0259rasimi il\u0259 ba\u015flam\u0131\u015fd\u0131r. T\u0259dbir i\u015ftirak\u00e7\u0131lar\u0131 g\u00fclqoyma m\u0259rasimi ke\u00e7irm\u0259kl\u0259, \u00dcmummilli Liderimiz Heyd\u0259r \u018fliyevin \u0259ziz xatir\u0259sin\u0259 ehtiramlar\u0131n\u0131 bildirmi\u015fl\u0259r.<br \/>\nT\u0259dbird\u0259 A\u011fcab\u0259di rayon \u0130cra Hakimyy\u0259tinin Ba\u015f\u00e7\u0131s\u0131 c\u0259nab \u015eahin M\u0259mm\u0259dov,h\u00fcquq m\u00fchafiz\u0259 orqanlar\u0131,idar\u0259 v\u0259 m\u00fc\u0259ssis\u0259 r\u0259hb\u0259rl\u0259ri, ziyar\u0259t\u0259 g\u0259lmi\u015f rayon ictimaiyy\u0259ti \u2013 ziyal\u0131lar, a\u011fsaqqallar, g\u0259ncl\u0259r i\u015ftirak etmi\u015fdir.<br \/>\nT\u0259dbir i\u015ftirak\u00e7\u0131lar\u0131 \u0259vv\u0259lc\u0259 \u015fagirdl\u0259rin \u0259l i\u015fl\u0259rind\u0259n ibar\u0259t s\u0259rgi il\u0259 tan\u0131\u015f olmu\u015flar.<br \/>\nT\u0259dbird\u0259 i\u015ftirak ed\u0259n A\u011fcab\u0259di rayon \u0130cra Hakimyy\u0259tinin Ba\u015f\u00e7\u0131s\u0131 c\u0259nab \u015eahin M\u0259mm\u0259dov \u00e7\u0131x\u0131\u015f ed\u0259r\u0259k , bu g\u00fcnki \u0259ziz g\u00fcn m\u00fcnasib\u0259ti il\u0259 A\u011fcab\u0259di rayon sakinl\u0259rini t\u0259brik etmi\u015f v\u0259 bildirmi\u015fdir ki, Ulu \u00d6nd\u0259r Heyd\u0259r \u018fliyevin Az\u0259rbaycan xalq\u0131n\u0131n tarixind\u0259,Az\u0259rbaycan xalq\u0131n\u0131n q\u0259lbind\u0259 \u00f6z\u00fcn\u0259m\u0259xsus yeri var. Az\u0259rbaycan d\u00f6vl\u0259t\u00e7iliyinin ba\u015f\u0131n\u0131n \u00fcst\u00fcn\u00fc qara buludlar alanda \u00dcmummilli Lider Heyd\u0259r \u018fliyev \u00f6z v\u0259t\u0259ninin d\u0259, xalq\u0131n\u0131n da dad\u0131na yeti\u015fdi v\u0259 Az\u0259rbaycan d\u00f6vl\u0259tini zirv\u0259l\u0259rd\u0259 he\u00e7 zaman s\u00f6nm\u0259y\u0259n parlaq g\u00fcn\u0259\u015f\u0259 \u00e7evirdi.<br \/>\nB\u00fct\u00fcn h\u0259yat\u0131n\u0131 Az\u0259rbaycan xalq\u0131n\u0131n xo\u015fb\u0259xt g\u0259l\u0259c\u0259yin\u0259 h\u0259sr etmi\u015f Heyd\u0259r \u018fliyev \u015f\u0259xsi keyfiyy\u0259tl\u0259ri il\u0259 d\u0259 yadda\u015flarda silinm\u0259z iz qoymu\u015fdur. Heyd\u0259r \u018fliyev fenomenal yadda\u015f\u0131, y\u00fcks\u0259k t\u0259\u015fkilat\u00e7\u0131l\u0131q bacar\u0131\u011f\u0131, t\u00fck\u0259nm\u0259z enerjisi v\u0259 z\u0259hm\u0259tsev\u0259rliyi, c\u0259sar\u0259ti, q\u0259tiyy\u0259ti v\u0259 polad irad\u0259si, eyni zamanda insanp\u0259rv\u0259rliyi v\u0259 qay\u011f\u0131ke\u015fliyi il\u0259 m\u00fcasiri oldu\u011fu insanlar\u0131n d\u0259rin r\u0259\u011fb\u0259tini v\u0259 sevgisini qazanm\u0131\u015fd\u0131r. \u00dcmummilli Liderin bu x\u00fcsusiyy\u0259tl\u0259ri 40 ild\u0259n \u00e7ox bir d\u00f6vr\u00fc \u0259hat\u0259 ed\u0259n konkret faktlarla v\u0259 b\u00f6y\u00fck s\u0259mimiyy\u0259tl\u0259 \u0259ks olunmu\u015fdur. Eyni zamanda, Heyd\u0259r \u018fliyevin insanlara istedad\u0131na, bacar\u0131\u011f\u0131na g\u00f6r\u0259 qay\u011f\u0131 g\u00f6st\u0259rm\u0259si, elm v\u0259 s\u0259n\u0259t xadiml\u0259rind\u0259n tutmu\u015f sad\u0259 z\u0259hm\u0259t adamlar\u0131na q\u0259d\u0259r ham\u0131n\u0131n \u0259m\u0259yini layiqinc\u0259 qiym\u0259tl\u0259ndirm\u0259si kimi y\u00fcks\u0259k keyfiyy\u0259tl\u0259ri olan dahi \u015f\u0259xsiyy\u0259t idi.<br \/>\nA\u011fcab\u0259di rayon \u0130cra Hakimyy\u0259tinin Ba\u015f\u00e7\u0131s\u0131 c\u0259nab \u015eahin M\u0259mm\u0259dov \u00e7\u0131x\u0131\u015f\u0131n\u0131n sonunda bir daha t\u0259dbir i\u015ftirak\u00e7\u0131lar\u0131n\u0131 yenid\u0259n t\u0259brik etmi\u015f v\u0259 qeyd etmi\u015fdir ki, Ulu \u00d6nd\u0259r Heyd\u0259r \u018fliyev\u0259 qar\u015f\u0131 olan xalq sevgisi zaman \u00f6td\u00fckc\u0259 daha \u00e7ox xalq\u0131n q\u0259lbind\u0259 b\u00f6y\u00fcy\u00fcr.v\u0259 g\u00fccl\u0259nir , xalq \u00f6z o\u011fluna sonsuz sevgisini Onun siyasi varisi c\u0259nab Prezidentimiz \u0130lham \u018fliyev\u0259 etimad g\u00f6st\u0259r\u0259r\u0259k bildirmi\u015fdi v\u0259 yan\u0131lmad\u0131qlar\u0131n\u0131 g\u00f6rm\u00fc\u015fd\u00fcl\u0259r. N\u0259 q\u0259d\u0259r ki, bu xalq var Heyd\u0259r \u018fliyev b\u00f6y\u00fckl\u00fcy\u00fc ya\u015fayacaq, n\u0259sild\u0259n \u2013 n\u0259sil\u0259 \u00f6t\u00fcr\u00fcl\u0259r\u0259k onun Az\u0259rbaycan d\u00f6vl\u0259t\u00e7iliyinin m\u00f6hk\u0259ml\u0259nm\u0259si \u00fc\u00e7\u00fcn g\u00f6rd\u00fcy\u00fc i\u015fl\u0259r \u00f6rn\u0259k g\u00f6st\u0259ril\u0259c\u0259kdir. Bu g\u00fcn d\u0259 onun u\u011frulu siyas\u0259ti , Ulu \u00d6nd\u0259rin \u015f\u0259r\u0259fli h\u0259yat yolunun davam\u00e7\u0131s\u0131 \u00e7ox h\u00f6rm\u0259tli c\u0259nab Prezidentimiz \u0130lham \u018fliyev t\u0259r\u0259find\u0259n u\u011furla davam etdirilir.<br \/>\nT\u0259dbir Regional M\u0259d\u0259niyy\u0259t\u00a0 \u0130dar\u0259sinin A\u011fcab\u0259di rayon \u015f\u00f6b\u0259sinin haz\u0131rlad\u0131\u011f\u0131 musiqili proqram il\u0259 ax\u015fam saatlar\u0131na q\u0259d\u0259r davam etdirilmi\u015fdir.<br \/>\nT\u0259dbir gec\u0259nin qaranl\u0131\u011f\u0131nda A\u011fcab\u0259di s\u0259malar\u0131n\u0131 i\u015f\u0131qland\u0131ran yanan \u015farlar\u0131n v\u0259 at\u0259\u015ff\u0259\u015fanl\u0131\u011f\u0131n m\u00f6ht\u0259\u015f\u0259mliyi il\u0259 ba\u015fa \u00e7atm\u0131\u015fd\u0131r.<\/p>\n","protected":false},"excerpt":{"rendered":"<p>ARANTV.AZ x\u0259b\u0259r verir ki, t\u0259dbir 10 may 2019-cu il tyarixd\u0259 saat 19:30 \u2013da A\u011fcab\u0259di rayon Heyd\u0259r \u018fliyev meydan\u0131nda rayon \u0130cra Hakimiyy\u0259tinin qar\u015f\u0131s\u0131nda ucald\u0131lm\u0131\u015f Ulu \u00d6nd\u0259r Heyd\u0259r \u018fliyevin m\u00f6ht\u0259\u015f\u0259m abid\u0259sinin \u00f6n\u00fcnd\u0259 g\u00fclqoyma m\u0259rasimi il\u0259 ba\u015flam\u0131\u015fd\u0131r. T\u0259dbir i\u015ftirak\u00e7\u0131lar\u0131 g\u00fclqoyma m\u0259rasimi ke\u00e7irm\u0259kl\u0259, \u00dcmummilli Liderimiz Heyd\u0259r \u018fliyevin \u0259ziz xatir\u0259sin\u0259 ehtiramlar\u0131n\u0131 bildirmi\u015fl\u0259r. T\u0259dbird\u0259 A\u011fcab\u0259di rayon \u0130cra Hakimyy\u0259tinin Ba\u015f\u00e7\u0131s\u0131 c\u0259nab \u015eahin M\u0259mm\u0259dov,h\u00fcquq m\u00fchafiz\u0259 orqanlar\u0131,idar\u0259 v\u0259 m\u00fc\u0259ssis\u0259 r\u0259hb\u0259rl\u0259ri, ziyar\u0259t\u0259 g\u0259lmi\u015f rayon ictimaiyy\u0259ti \u2013 ziyal\u0131lar, a\u011fsaqqallar, g\u0259ncl\u0259r i\u015ftirak etmi\u015fdir. T\u0259dbir i\u015ftirak\u00e7\u0131lar\u0131 \u0259vv\u0259lc\u0259 \u015fagirdl\u0259rin \u0259l i\u015fl\u0259rind\u0259n ibar\u0259t s\u0259rgi il\u0259 tan\u0131\u015f olmu\u015flar. T\u0259dbird\u0259 i\u015ftirak ed\u0259n A\u011fcab\u0259di rayon \u0130cra Hakimyy\u0259tinin Ba\u015f\u00e7\u0131s\u0131&hellip;<\/p>\n","protected":false},"author":2,"featured_media":57050,"comment_status":"closed","ping_status":"closed","sticky":false,"template":"","format":"standard","meta":{"om_disable_all_campaigns":false,"_monsterinsights_skip_tracking":false,"_monsterinsights_sitenote_active":false,"_monsterinsights_sitenote_note":"","_monsterinsights_sitenote_category":0},"categories":[2],"tags":[],"aioseo_notices":[],"gutentor_comment":0,"rttpg_featured_image_url":{"full":["https:\/\/arantv.az\/wp-content\/uploads\/2019\/05\/8ca9ad612ffd9487c17a16bca06d4056-1.jpg",1500,1000,false],"landscape":["https:\/\/arantv.az\/wp-content\/uploads\/2019\/05\/8ca9ad612ffd9487c17a16bca06d4056-1.jpg",1500,1000,false],"portraits":["https:\/\/arantv.az\/wp-content\/uploads\/2019\/05\/8ca9ad612ffd9487c17a16bca06d4056-1.jpg",1500,1000,false],"thumbnail":["https:\/\/arantv.az\/wp-content\/uploads\/2019\/05\/8ca9ad612ffd9487c17a16bca06d4056-1-150x150.jpg",150,150,true],"medium":["https:\/\/arantv.az\/wp-content\/uploads\/2019\/05\/8ca9ad612ffd9487c17a16bca06d4056-1-300x200.jpg",300,200,true],"large":["https:\/\/arantv.az\/wp-content\/uploads\/2019\/05\/8ca9ad612ffd9487c17a16bca06d4056-1-1024x683.jpg",640,427,true],"1536x1536":["https:\/\/arantv.az\/wp-content\/uploads\/2019\/05\/8ca9ad612ffd9487c17a16bca06d4056-1.jpg",1500,1000,false],"2048x2048":["https:\/\/arantv.az\/wp-content\/uploads\/2019\/05\/8ca9ad612ffd9487c17a16bca06d4056-1.jpg",1500,1000,false],"post-thumbnail":["https:\/\/arantv.az\/wp-content\/uploads\/2019\/05\/8ca9ad612ffd9487c17a16bca06d4056-1-240x172.jpg",240,172,true],"advps-thumb-one":["https:\/\/arantv.az\/wp-content\/uploads\/2019\/05\/8ca9ad612ffd9487c17a16bca06d4056-1-1200x620.jpg",1200,620,true]},"rttpg_author":{"display_name":"V\u00fcsal Rafiqo\u011flu","author_link":"https:\/\/arantv.az\/?author=2"},"rttpg_comment":0,"rttpg_category":"<a href=\"https:\/\/arantv.az\/?cat=2\" rel=\"category\">Region X\u0259b\u0259rl\u0259ri<\/a>","rttpg_excerpt":"ARANTV.AZ x\u0259b\u0259r verir ki, t\u0259dbir 10 may 2019-cu il tyarixd\u0259 saat 19:30 \u2013da A\u011fcab\u0259di rayon Heyd\u0259r \u018fliyev meydan\u0131nda rayon \u0130cra Hakimiyy\u0259tinin qar\u015f\u0131s\u0131nda ucald\u0131lm\u0131\u015f Ulu \u00d6nd\u0259r Heyd\u0259r \u018fliyevin m\u00f6ht\u0259\u015f\u0259m abid\u0259sinin \u00f6n\u00fcnd\u0259 g\u00fclqoyma m\u0259rasimi il\u0259 ba\u015flam\u0131\u015fd\u0131r. T\u0259dbir i\u015ftirak\u00e7\u0131lar\u0131 g\u00fclqoyma m\u0259rasimi ke\u00e7irm\u0259kl\u0259, \u00dcmummilli Liderimiz Heyd\u0259r \u018fliyevin \u0259ziz xatir\u0259sin\u0259 ehtiramlar\u0131n\u0131 bildirmi\u015fl\u0259r. T\u0259dbird\u0259 A\u011fcab\u0259di rayon \u0130cra Hakimyy\u0259tinin Ba\u015f\u00e7\u0131s\u0131 c\u0259nab \u015eahin&hellip;","_links":{"self":[{"href":"https:\/\/arantv.az\/index.php?rest_route=\/wp\/v2\/posts\/57029"}],"collection":[{"href":"https:\/\/arantv.az\/index.php?rest_route=\/wp\/v2\/posts"}],"about":[{"href":"https:\/\/arantv.az\/index.php?rest_route=\/wp\/v2\/types\/post"}],"author":[{"embeddable":true,"href":"https:\/\/arantv.az\/index.php?rest_route=\/wp\/v2\/users\/2"}],"replies":[{"embeddable":true,"href":"https:\/\/arantv.az\/index.php?rest_route=%2Fwp%2Fv2%2Fcomments&post=57029"}],"version-history":[{"count":0,"href":"https:\/\/arantv.az\/index.php?rest_route=\/wp\/v2\/posts\/57029\/revisions"}],"wp:featuredmedia":[{"embeddable":true,"href":"https:\/\/arantv.az\/index.php?rest_route=\/wp\/v2\/media\/57050"}],"wp:attachment":[{"href":"https:\/\/arantv.az\/index.php?rest_route=%2Fwp%2Fv2%2Fmedia&parent=57029"}],"wp:term":[{"taxonomy":"category","embeddable":true,"href":"https:\/\/arantv.az\/index.php?rest_route=%2Fwp%2Fv2%2Fcategories&post=57029"},{"taxonomy":"post_tag","embeddable":true,"href":"https:\/\/arantv.az\/index.php?rest_route=%2Fwp%2Fv2%2Ftags&post=57029"}],"curies":[{"name":"wp","href":"https:\/\/api.w.org\/{rel}","templated":true}]}}