{"id":57032,"date":"2019-05-11T12:31:28","date_gmt":"2019-05-11T09:31:28","guid":{"rendered":"http:\/\/arantv.az\/?p=57032"},"modified":"2019-05-11T12:38:16","modified_gmt":"2019-05-11T09:38:16","slug":"qazaxda-ulu-ond%c9%99r-heyd%c9%99r-%c9%99liyevin-anadan-olmasinin-96-ci-ildonumu-boyuk-ehtiramla-yad-edilib","status":"publish","type":"post","link":"https:\/\/arantv.az\/?p=57032","title":{"rendered":"Qazaxda ulu \u00f6nd\u0259r Heyd\u0259r \u018fliyevin anadan olmas\u0131n\u0131n 96-c\u0131 ild\u00f6n\u00fcm\u00fc b\u00f6y\u00fck ehtiramla yad edilib"},"content":{"rendered":"<p><strong>ARANTV.AZ<\/strong> x\u0259b\u0259r verir ki, 10 May! T\u0259qvimd\u0259 bu tarixi g\u00fcn m\u00fcasir m\u00fcst\u0259qil Az\u0259rbaycan\u0131n memar\u0131 v\u0259 qurucusu, g\u00f6rk\u0259mli d\u00f6vl\u0259t xadimi, xalq\u0131m\u0131z\u0131n dahi o\u011flu v\u0259 \u00fcmummilli lideri Heyd\u0259r \u018fliyevin anadan olmas\u0131n\u0131n 96-c\u0131 ild\u00f6n\u00fcm\u00fc g\u00fcn\u00fcd\u00fcr. Art\u0131q 16 ildir ki, q\u0259dirbil\u0259n Az\u0259rbaycan xalq\u0131, b\u00fct\u00fcn d\u00fcnyada Heyd\u0259r \u018fliyevi tan\u0131yanlar v\u0259 sev\u0259nl\u0259r dahi \u015f\u0259xsiyy\u0259tin do\u011fum g\u00fcn\u00fcn\u00fc onsuz qeyd edirl\u0259r.<br \/>\nUlu \u00f6nd\u0259r Heyd\u0259r \u018fliyevin anadan olmas\u0131n\u0131n 96-c\u0131 ild\u00f6n\u00fcm\u00fc Qazax rayonunda da geni\u015f \u015f\u0259kild\u0259 qeyd edilib. \u00dcmummilli liderin anadan olmas\u0131n\u0131n 96-c\u0131 ild\u00f6n\u00fcm\u00fc m\u00fcnasib\u0259til\u0259 rayonun b\u00fct\u00fcn idar\u0259 v\u0259 m\u00fc\u0259ssis\u0259l\u0259rind\u0259, \u0259m\u0259k kollektivl\u0259rind\u0259, b\u00fct\u00fcn t\u0259hsil m\u00fc\u0259ssis\u0259l\u0259rind\u0259 silsil\u0259 t\u0259dbirl\u0259r ke\u00e7irilib, xatir\u0259sin\u0259 h\u0259sr olunmu\u015f idman yar\u0131\u015flar\u0131 v\u0259 s\u0259rgil\u0259r t\u0259\u015fkil olunub. Bundan \u0259lav\u0259, ulu \u00f6nd\u0259rin ad\u0131n\u0131 da\u015f\u0131yan M\u0259rk\u0259zd\u0259 \u201cA\u00e7\u0131q qap\u0131\u201d g\u00fcnl\u0259ri t\u0259\u015fkil olunub.<br \/>\nBu g\u00fcn respublikam\u0131z\u0131n h\u0259r yerind\u0259 oldu\u011fu kimi, Qazaxda da \u00fcmummilli liderin anadan olmas\u0131n\u0131n 96-c\u0131 ild\u00f6n\u00fcm\u00fc b\u00f6y\u00fck ehtiramla yad edilib.<br \/>\nQazax Rayon \u0130cra Hakimiyy\u0259tinin ba\u015f\u00e7\u0131s\u0131 R\u0259c\u0259b Baba\u015fov, icra aparat\u0131n\u0131n m\u0259sul i\u015f\u00e7il\u0259ri<br \/>\n&#8220;\u015e\u00f6hr\u0259t\u201d ordenli, &#8220;T\u0259r\u0259qqi\u201d medall\u0131, d\u00fcnya \u015f\u00f6hr\u0259tli idman\u00e7\u0131m\u0131z, Az\u0259rbaycan G\u00fcl\u0259\u015f Federasiyas\u0131n\u0131n vitse-prezidenti Firdovsi Umudov \u00fcmummilli lider Heyd\u0259r \u018fliyevin ild\u00f6n\u00fcm\u00fc il\u0259 \u0259laq\u0259dar ke\u00e7iril\u0259n t\u0259dbird\u0259 i\u015ftirak etm\u0259k \u00fc\u00e7\u00fcn ulu \u00f6nd\u0259rin ad\u0131n\u0131 da\u015f\u0131yan parka g\u0259l\u0259r\u0259k \u00fcmummilli liderin abid\u0259si \u00f6n\u00fcn\u0259 g\u00fcl d\u0259st\u0259l\u0259ri qoyub, \u0259ziz xatir\u0259sini b\u00f6y\u00fck ehtiramla yad edibl\u0259r. Rayonun h\u00fcquq-m\u00fchafiz\u0259 orqanlar\u0131n\u0131n, idar\u0259, m\u00fc\u0259ssis\u0259 v\u0259 t\u0259\u015fkilatlar\u0131n r\u0259hb\u0259rl\u0259ri d\u0259 ulu \u00f6nd\u0259rin heyk\u0259li \u00f6n\u00fcn\u0259 g\u00fcl d\u0259st\u0259l\u0259ri qoyaraq dahi \u015f\u0259xsiyy\u0259t\u0259 \u00f6z ehtiramlar\u0131n\u0131 bildiribl\u0259r.<br \/>\nSonra ulu \u00f6nd\u0259rin ad\u0131n\u0131 da\u015f\u0131yan Heyd\u0259r \u018fliyev M\u0259rk\u0259zind\u0259 \u00fcmummilli liderin h\u0259yat v\u0259 f\u0259aliyy\u0259tind\u0259n b\u0259hs ed\u0259n film\u0259 bax\u0131b, kitab v\u0259 jurnallardan ibar\u0259t s\u0259rgi il\u0259 tan\u0131\u015f olublar. M\u0259rk\u0259zd\u0259 olan qonaqlara bildirilib ki, bu g\u00fcn Az\u0259rbaycan xalq\u0131 f\u0259xr ed\u0259 bil\u0259r ki, onun tarixi v\u0259 taleyi dahi \u015f\u0259xsiyy\u0259t Heyd\u0259r \u018fliyevin ad\u0131 v\u0259 ideyalar\u0131 il\u0259 ba\u011fl\u0131d\u0131r. V\u0259t\u0259nimiz \u00fc\u00e7\u00fcn \u00e7ox m\u00fcr\u0259kk\u0259b bir d\u00f6vrd\u0259 xalq\u0131na arxa olan ulu \u00f6nd\u0259r Heyd\u0259r \u018fliyev Az\u0259rbaycan\u0131n inki\u015faf tarixind\u0259 silinm\u0259z izl\u0259r qoyub. Onun z\u0259hm\u0259ti n\u0259tic\u0259sind\u0259 Az\u0259rbaycan d\u00fcnyan\u0131n siyasi meydan\u0131nda \u00f6z s\u00f6z\u00fcn\u00fc dey\u0259 bil\u0259n q\u00fcdr\u0259tli d\u00f6vl\u0259t\u0259 \u00e7evrilib.<br \/>\nBildirilib ki, ulu \u00f6nd\u0259r 3 d\u0259f\u0259 &#8211; 1971, 1979 v\u0259 1998-ci ill\u0259rd\u0259 Qazax rayonunda olub, \u0259m\u0259k adamlar\u0131 il\u0259 g\u00f6r\u00fc\u015f\u00fcb, m\u00fc\u015favir\u0259l\u0259r ke\u00e7irib. \u00dcmummilli lider Qazax rayonuna, onun z\u0259hm\u0259tsev\u0259r insanlar\u0131na, yaz\u0131\u00e7\u0131 v\u0259 \u015fairl\u0259rin\u0259, elm adamlar\u0131na daim y\u00fcks\u0259k d\u0259y\u0259r verib, zaman-zaman onlar\u0131 qiym\u0259tl\u0259ndirib.<br \/>\nVur\u011fulan\u0131b ki, qeyri-adi \u015f\u0259xsiyy\u0259ti, siyas\u0259t v\u0259 d\u00f6vl\u0259t xadimin\u0259 xas olan b\u00f6y\u00fck istedad\u0131 il\u0259 f\u0259rql\u0259n\u0259n \u00fcmummilli lider Heyd\u0259r \u018fliyev h\u0259l\u0259 sa\u011fl\u0131\u011f\u0131nda canl\u0131 \u0259fsan\u0259y\u0259 \u00e7evrilmi\u015fdi. Az\u0259rbaycan\u0131n \u00f6z\u00fc q\u0259d\u0259r \u0259b\u0259di olan dahi \u015f\u0259xsiyy\u0259t h\u0259r bir v\u0259t\u0259nda\u015f\u0131n q\u0259lbind\u0259 b\u00f6y\u00fck m\u0259h\u0259bb\u0259tl\u0259 an\u0131l\u0131r, sevilir, ya\u015fan\u0131r v\u0259 \u0259b\u0259di ya\u015fayacaqd\u0131r.<br \/>\nQeyd olunub ki, \u0259sas\u0131 ulu \u00f6nd\u0259r Heyd\u0259r \u018fliyev t\u0259r\u0259find\u0259n qoyulmu\u015f bu inki\u015faf strategiyas\u0131 haz\u0131rda Respublika Prezidenti \u0130lham \u018fliyev t\u0259r\u0259find\u0259n u\u011furla davam etdirilir. Bunun n\u0259tic\u0259sidir ki, bu g\u00fcn Az\u0259rbaycan d\u00fcnyan\u0131n \u0259n inki\u015faf etmi\u015f \u00f6lk\u0259l\u0259rind\u0259n birin\u0259 \u00e7evrilib.<\/p>\n<p><img loading=\"lazy\" src=\"http:\/\/www.qazax-ih.gov.az\/userfiles\/images\/IMG_9805(2).JPG\" alt=\"\" width=\"650\" height=\"433\" \/><\/p>\n<p><img loading=\"lazy\" src=\"http:\/\/www.qazax-ih.gov.az\/userfiles\/images\/IMG_9811.JPG\" alt=\"\" width=\"650\" height=\"433\" \/><\/p>\n<p><img loading=\"lazy\" src=\"http:\/\/www.qazax-ih.gov.az\/userfiles\/images\/IMG_9816(2).JPG\" alt=\"\" width=\"650\" height=\"433\" \/><\/p>\n<p><img loading=\"lazy\" src=\"http:\/\/www.qazax-ih.gov.az\/userfiles\/images\/IMG_9819.JPG\" alt=\"\" width=\"650\" height=\"433\" \/><\/p>\n<p><img loading=\"lazy\" src=\"http:\/\/www.qazax-ih.gov.az\/userfiles\/images\/IMG_9822(3).JPG\" alt=\"\" width=\"650\" height=\"433\" \/><\/p>\n<p><img loading=\"lazy\" src=\"http:\/\/www.qazax-ih.gov.az\/userfiles\/images\/IMG_9823(1).JPG\" alt=\"\" width=\"650\" height=\"433\" \/><\/p>\n","protected":false},"excerpt":{"rendered":"<p>ARANTV.AZ x\u0259b\u0259r verir ki, 10 May! T\u0259qvimd\u0259 bu tarixi g\u00fcn m\u00fcasir m\u00fcst\u0259qil Az\u0259rbaycan\u0131n memar\u0131 v\u0259 qurucusu, g\u00f6rk\u0259mli d\u00f6vl\u0259t xadimi, xalq\u0131m\u0131z\u0131n dahi o\u011flu v\u0259 \u00fcmummilli lideri Heyd\u0259r \u018fliyevin anadan olmas\u0131n\u0131n 96-c\u0131 ild\u00f6n\u00fcm\u00fc g\u00fcn\u00fcd\u00fcr. Art\u0131q 16 ildir ki, q\u0259dirbil\u0259n Az\u0259rbaycan xalq\u0131, b\u00fct\u00fcn d\u00fcnyada Heyd\u0259r \u018fliyevi tan\u0131yanlar v\u0259 sev\u0259nl\u0259r dahi \u015f\u0259xsiyy\u0259tin do\u011fum g\u00fcn\u00fcn\u00fc onsuz qeyd edirl\u0259r. Ulu \u00f6nd\u0259r Heyd\u0259r \u018fliyevin anadan olmas\u0131n\u0131n 96-c\u0131 ild\u00f6n\u00fcm\u00fc Qazax rayonunda da geni\u015f \u015f\u0259kild\u0259 qeyd edilib. \u00dcmummilli liderin anadan olmas\u0131n\u0131n 96-c\u0131 ild\u00f6n\u00fcm\u00fc m\u00fcnasib\u0259til\u0259 rayonun b\u00fct\u00fcn idar\u0259 v\u0259 m\u00fc\u0259ssis\u0259l\u0259rind\u0259, \u0259m\u0259k kollektivl\u0259rind\u0259, b\u00fct\u00fcn t\u0259hsil m\u00fc\u0259ssis\u0259l\u0259rind\u0259 silsil\u0259 t\u0259dbirl\u0259r ke\u00e7irilib, xatir\u0259sin\u0259 h\u0259sr&hellip;<\/p>\n","protected":false},"author":2,"featured_media":57033,"comment_status":"closed","ping_status":"closed","sticky":false,"template":"","format":"standard","meta":{"om_disable_all_campaigns":false,"_monsterinsights_skip_tracking":false,"_monsterinsights_sitenote_active":false,"_monsterinsights_sitenote_note":"","_monsterinsights_sitenote_category":0},"categories":[2],"tags":[],"aioseo_notices":[],"gutentor_comment":0,"rttpg_featured_image_url":{"full":["https:\/\/arantv.az\/wp-content\/uploads\/2019\/05\/IMG_97932.jpg",1600,1067,false],"landscape":["https:\/\/arantv.az\/wp-content\/uploads\/2019\/05\/IMG_97932.jpg",1600,1067,false],"portraits":["https:\/\/arantv.az\/wp-content\/uploads\/2019\/05\/IMG_97932.jpg",1600,1067,false],"thumbnail":["https:\/\/arantv.az\/wp-content\/uploads\/2019\/05\/IMG_97932-150x150.jpg",150,150,true],"medium":["https:\/\/arantv.az\/wp-content\/uploads\/2019\/05\/IMG_97932-300x200.jpg",300,200,true],"large":["https:\/\/arantv.az\/wp-content\/uploads\/2019\/05\/IMG_97932-1024x683.jpg",640,427,true],"1536x1536":["https:\/\/arantv.az\/wp-content\/uploads\/2019\/05\/IMG_97932.jpg",1536,1024,false],"2048x2048":["https:\/\/arantv.az\/wp-content\/uploads\/2019\/05\/IMG_97932.jpg",1600,1067,false],"post-thumbnail":["https:\/\/arantv.az\/wp-content\/uploads\/2019\/05\/IMG_97932-240x172.jpg",240,172,true],"advps-thumb-one":["https:\/\/arantv.az\/wp-content\/uploads\/2019\/05\/IMG_97932-1200x620.jpg",1200,620,true]},"rttpg_author":{"display_name":"V\u00fcsal Rafiqo\u011flu","author_link":"https:\/\/arantv.az\/?author=2"},"rttpg_comment":0,"rttpg_category":"<a href=\"https:\/\/arantv.az\/?cat=2\" rel=\"category\">Region X\u0259b\u0259rl\u0259ri<\/a>","rttpg_excerpt":"ARANTV.AZ x\u0259b\u0259r verir ki, 10 May! T\u0259qvimd\u0259 bu tarixi g\u00fcn m\u00fcasir m\u00fcst\u0259qil Az\u0259rbaycan\u0131n memar\u0131 v\u0259 qurucusu, g\u00f6rk\u0259mli d\u00f6vl\u0259t xadimi, xalq\u0131m\u0131z\u0131n dahi o\u011flu v\u0259 \u00fcmummilli lideri Heyd\u0259r \u018fliyevin anadan olmas\u0131n\u0131n 96-c\u0131 ild\u00f6n\u00fcm\u00fc g\u00fcn\u00fcd\u00fcr. Art\u0131q 16 ildir ki, q\u0259dirbil\u0259n Az\u0259rbaycan xalq\u0131, b\u00fct\u00fcn d\u00fcnyada Heyd\u0259r \u018fliyevi tan\u0131yanlar v\u0259 sev\u0259nl\u0259r dahi \u015f\u0259xsiyy\u0259tin do\u011fum g\u00fcn\u00fcn\u00fc onsuz qeyd edirl\u0259r. Ulu \u00f6nd\u0259r&hellip;","_links":{"self":[{"href":"https:\/\/arantv.az\/index.php?rest_route=\/wp\/v2\/posts\/57032"}],"collection":[{"href":"https:\/\/arantv.az\/index.php?rest_route=\/wp\/v2\/posts"}],"about":[{"href":"https:\/\/arantv.az\/index.php?rest_route=\/wp\/v2\/types\/post"}],"author":[{"embeddable":true,"href":"https:\/\/arantv.az\/index.php?rest_route=\/wp\/v2\/users\/2"}],"replies":[{"embeddable":true,"href":"https:\/\/arantv.az\/index.php?rest_route=%2Fwp%2Fv2%2Fcomments&post=57032"}],"version-history":[{"count":0,"href":"https:\/\/arantv.az\/index.php?rest_route=\/wp\/v2\/posts\/57032\/revisions"}],"wp:featuredmedia":[{"embeddable":true,"href":"https:\/\/arantv.az\/index.php?rest_route=\/wp\/v2\/media\/57033"}],"wp:attachment":[{"href":"https:\/\/arantv.az\/index.php?rest_route=%2Fwp%2Fv2%2Fmedia&parent=57032"}],"wp:term":[{"taxonomy":"category","embeddable":true,"href":"https:\/\/arantv.az\/index.php?rest_route=%2Fwp%2Fv2%2Fcategories&post=57032"},{"taxonomy":"post_tag","embeddable":true,"href":"https:\/\/arantv.az\/index.php?rest_route=%2Fwp%2Fv2%2Ftags&post=57032"}],"curies":[{"name":"wp","href":"https:\/\/api.w.org\/{rel}","templated":true}]}}