{"id":57035,"date":"2019-05-11T12:32:33","date_gmt":"2019-05-11T09:32:33","guid":{"rendered":"http:\/\/arantv.az\/?p=57035"},"modified":"2019-05-11T12:37:20","modified_gmt":"2019-05-11T09:37:20","slug":"ulu-ond%c9%99r-heyd%c9%99r-%c9%99liyevin-anadan-olmasinin-96-ci-ildonumu-munasib%c9%99til%c9%99-futbol-uzr%c9%99-b%c9%99l%c9%99diyy%c9%99-komandalari-arasinda-agstafa-rayon-cempionati-kecirildi","status":"publish","type":"post","link":"https:\/\/arantv.az\/?p=57035","title":{"rendered":"Ulu \u00d6nd\u0259r Heyd\u0259r \u018fliyevin anadan olmas\u0131n\u0131n 96-c\u0131 ild\u00f6n\u00fcm\u00fc m\u00fcnasib\u0259til\u0259 Futbol \u00fczr\u0259 b\u0259l\u0259diyy\u0259 komandalar\u0131 aras\u0131nda A\u011fstafa rayon \u00e7empionat\u0131 ke\u00e7irildi."},"content":{"rendered":"<p><strong>ARANTV.AZ<\/strong> x\u0259b\u0259r verir ki, Ulu \u00d6nd\u0259r Heyd\u0259r \u018fliyevin anadan olmas\u0131n\u0131n 96-c\u0131 ild\u00f6n\u00fcm\u00fc m\u00fcnasib\u0259til\u0259 A\u011fstafa rayon G\u0259ncl\u0259r v\u0259 \u0130dman \u0130dar\u0259sinin v\u0259 YAP A\u011fstafa rayon t\u0259\u015fkilat\u0131n\u0131n birg\u0259 t\u0259\u015fkilat\u00e7\u0131l\u0131\u011f\u0131 il\u0259\u00a0 5 aprel\u00a0 &#8211; 10 May 2019-cu il tarixind\u0259 rayonun b\u0259l\u0259diyy\u0259 komandalar\u0131 aras\u0131nda futbol \u00fczr\u0259 A\u011fstafa rayon \u00e7empionat\u0131 ke\u00e7irilmi\u015fdir. \u00c7empionatda \u00fcmumilikd\u0259 18 komanda i\u015ftirak etmi\u015fdir. A\u011fstafa \u015f\u0259h\u0259r stadionunda t\u0259\u015fkil olunan \u00c7empionatda komandalar ilk olaraq qruplar \u00fczr\u0259 m\u00fcbariz\u0259 aparm\u0131\u015f , final m\u0259rh\u0259l\u0259sind\u0259 Poylu k\u0259nd b\u0259l\u0259diyy\u0259 komandas\u0131 1-ci yer\u0259 , A\u011fstafa \u015f\u0259h\u0259r b\u0259l\u0259diyy\u0259 komandas\u0131 2-ci yer\u0259 Poylu q\u0259s\u0259b\u0259 komandas\u0131 is\u0259 3 yer\u0259\u00a0 layiq g\u00f6r\u00fclm\u00fc\u015fdur. 10 may 2019- cu il tarixd\u0259 A\u011fstafa \u015f\u0259h\u0259r m\u0259rk\u0259zi stadionunda ke\u00e7iril\u0259n final oyunundan sonra Qalib komandalari A\u011fstafa rayon \u0130cra Hakimiyy\u0259tinin ba\u015f\u00e7\u0131s\u0131 c\u0259nab Nizam\u0259ddin Quliyev\u00a0 t\u0259brik ed\u0259r\u0259k onlari f\u0259xri f\u0259rman v\u0259 qiym\u0259tli h\u0259diyy\u0259l\u0259rl\u0259 t\u0259ltif etdi.<\/p>\n<p><img loading=\"lazy\" src=\"http:\/\/agstafa-ih.gov.az\/userfiles\/images\/futbol%20%20(2).JPG\" alt=\"\" width=\"800\" height=\"534\" \/><img loading=\"lazy\" src=\"http:\/\/agstafa-ih.gov.az\/userfiles\/images\/futbol%20%20(3).JPG\" alt=\"\" width=\"800\" height=\"534\" \/><img loading=\"lazy\" src=\"http:\/\/agstafa-ih.gov.az\/userfiles\/images\/futbol%20%20(7).JPG\" alt=\"\" width=\"800\" height=\"534\" \/><img loading=\"lazy\" src=\"http:\/\/agstafa-ih.gov.az\/userfiles\/images\/futbol%20%20(12)(2).JPG\" alt=\"\" width=\"800\" height=\"534\" \/><img loading=\"lazy\" src=\"http:\/\/agstafa-ih.gov.az\/userfiles\/images\/futbol%20%20(13).JPG\" alt=\"\" width=\"800\" height=\"534\" \/><img loading=\"lazy\" src=\"http:\/\/agstafa-ih.gov.az\/userfiles\/images\/futbol%20%20(20).JPG\" alt=\"\" width=\"800\" height=\"534\" \/><img loading=\"lazy\" src=\"http:\/\/agstafa-ih.gov.az\/userfiles\/images\/futbol%20%20(21).JPG\" alt=\"\" width=\"800\" height=\"534\" \/><\/p>\n","protected":false},"excerpt":{"rendered":"<p>ARANTV.AZ x\u0259b\u0259r verir ki, Ulu \u00d6nd\u0259r Heyd\u0259r \u018fliyevin anadan olmas\u0131n\u0131n 96-c\u0131 ild\u00f6n\u00fcm\u00fc m\u00fcnasib\u0259til\u0259 A\u011fstafa rayon G\u0259ncl\u0259r v\u0259 \u0130dman \u0130dar\u0259sinin v\u0259 YAP A\u011fstafa rayon t\u0259\u015fkilat\u0131n\u0131n birg\u0259 t\u0259\u015fkilat\u00e7\u0131l\u0131\u011f\u0131 il\u0259\u00a0 5 aprel\u00a0 &#8211; 10 May 2019-cu il tarixind\u0259 rayonun b\u0259l\u0259diyy\u0259 komandalar\u0131 aras\u0131nda futbol \u00fczr\u0259 A\u011fstafa rayon \u00e7empionat\u0131 ke\u00e7irilmi\u015fdir. \u00c7empionatda \u00fcmumilikd\u0259 18 komanda i\u015ftirak etmi\u015fdir. A\u011fstafa \u015f\u0259h\u0259r stadionunda t\u0259\u015fkil olunan \u00c7empionatda komandalar ilk olaraq qruplar \u00fczr\u0259 m\u00fcbariz\u0259 aparm\u0131\u015f , final m\u0259rh\u0259l\u0259sind\u0259 Poylu k\u0259nd b\u0259l\u0259diyy\u0259 komandas\u0131 1-ci yer\u0259 , A\u011fstafa \u015f\u0259h\u0259r b\u0259l\u0259diyy\u0259 komandas\u0131 2-ci yer\u0259 Poylu q\u0259s\u0259b\u0259 komandas\u0131 is\u0259 3 yer\u0259\u00a0 layiq g\u00f6r\u00fclm\u00fc\u015fdur. 10 may&hellip;<\/p>\n","protected":false},"author":2,"featured_media":57048,"comment_status":"closed","ping_status":"closed","sticky":false,"template":"","format":"standard","meta":{"om_disable_all_campaigns":false,"_monsterinsights_skip_tracking":false,"_monsterinsights_sitenote_active":false,"_monsterinsights_sitenote_note":"","_monsterinsights_sitenote_category":0},"categories":[2],"tags":[],"aioseo_notices":[],"gutentor_comment":0,"rttpg_featured_image_url":{"full":["https:\/\/arantv.az\/wp-content\/uploads\/2019\/05\/134e723cf51e1a9851349d89c98456f6-1.jpg",1024,683,false],"landscape":["https:\/\/arantv.az\/wp-content\/uploads\/2019\/05\/134e723cf51e1a9851349d89c98456f6-1.jpg",1024,683,false],"portraits":["https:\/\/arantv.az\/wp-content\/uploads\/2019\/05\/134e723cf51e1a9851349d89c98456f6-1.jpg",1024,683,false],"thumbnail":["https:\/\/arantv.az\/wp-content\/uploads\/2019\/05\/134e723cf51e1a9851349d89c98456f6-1-150x150.jpg",150,150,true],"medium":["https:\/\/arantv.az\/wp-content\/uploads\/2019\/05\/134e723cf51e1a9851349d89c98456f6-1-300x200.jpg",300,200,true],"large":["https:\/\/arantv.az\/wp-content\/uploads\/2019\/05\/134e723cf51e1a9851349d89c98456f6-1-1024x683.jpg",640,427,true],"1536x1536":["https:\/\/arantv.az\/wp-content\/uploads\/2019\/05\/134e723cf51e1a9851349d89c98456f6-1.jpg",1024,683,false],"2048x2048":["https:\/\/arantv.az\/wp-content\/uploads\/2019\/05\/134e723cf51e1a9851349d89c98456f6-1.jpg",1024,683,false],"post-thumbnail":["https:\/\/arantv.az\/wp-content\/uploads\/2019\/05\/134e723cf51e1a9851349d89c98456f6-1-240x172.jpg",240,172,true],"advps-thumb-one":["https:\/\/arantv.az\/wp-content\/uploads\/2019\/05\/134e723cf51e1a9851349d89c98456f6-1-1024x620.jpg",1024,620,true]},"rttpg_author":{"display_name":"V\u00fcsal Rafiqo\u011flu","author_link":"https:\/\/arantv.az\/?author=2"},"rttpg_comment":0,"rttpg_category":"<a href=\"https:\/\/arantv.az\/?cat=2\" rel=\"category\">Region X\u0259b\u0259rl\u0259ri<\/a>","rttpg_excerpt":"ARANTV.AZ x\u0259b\u0259r verir ki, Ulu \u00d6nd\u0259r Heyd\u0259r \u018fliyevin anadan olmas\u0131n\u0131n 96-c\u0131 ild\u00f6n\u00fcm\u00fc m\u00fcnasib\u0259til\u0259 A\u011fstafa rayon G\u0259ncl\u0259r v\u0259 \u0130dman \u0130dar\u0259sinin v\u0259 YAP A\u011fstafa rayon t\u0259\u015fkilat\u0131n\u0131n birg\u0259 t\u0259\u015fkilat\u00e7\u0131l\u0131\u011f\u0131 il\u0259\u00a0 5 aprel\u00a0 &#8211; 10 May 2019-cu il tarixind\u0259 rayonun b\u0259l\u0259diyy\u0259 komandalar\u0131 aras\u0131nda futbol \u00fczr\u0259 A\u011fstafa rayon \u00e7empionat\u0131 ke\u00e7irilmi\u015fdir. \u00c7empionatda \u00fcmumilikd\u0259 18 komanda i\u015ftirak etmi\u015fdir. A\u011fstafa \u015f\u0259h\u0259r stadionunda t\u0259\u015fkil&hellip;","_links":{"self":[{"href":"https:\/\/arantv.az\/index.php?rest_route=\/wp\/v2\/posts\/57035"}],"collection":[{"href":"https:\/\/arantv.az\/index.php?rest_route=\/wp\/v2\/posts"}],"about":[{"href":"https:\/\/arantv.az\/index.php?rest_route=\/wp\/v2\/types\/post"}],"author":[{"embeddable":true,"href":"https:\/\/arantv.az\/index.php?rest_route=\/wp\/v2\/users\/2"}],"replies":[{"embeddable":true,"href":"https:\/\/arantv.az\/index.php?rest_route=%2Fwp%2Fv2%2Fcomments&post=57035"}],"version-history":[{"count":0,"href":"https:\/\/arantv.az\/index.php?rest_route=\/wp\/v2\/posts\/57035\/revisions"}],"wp:featuredmedia":[{"embeddable":true,"href":"https:\/\/arantv.az\/index.php?rest_route=\/wp\/v2\/media\/57048"}],"wp:attachment":[{"href":"https:\/\/arantv.az\/index.php?rest_route=%2Fwp%2Fv2%2Fmedia&parent=57035"}],"wp:term":[{"taxonomy":"category","embeddable":true,"href":"https:\/\/arantv.az\/index.php?rest_route=%2Fwp%2Fv2%2Fcategories&post=57035"},{"taxonomy":"post_tag","embeddable":true,"href":"https:\/\/arantv.az\/index.php?rest_route=%2Fwp%2Fv2%2Ftags&post=57035"}],"curies":[{"name":"wp","href":"https:\/\/api.w.org\/{rel}","templated":true}]}}