{"id":570501,"date":"2023-02-28T14:52:26","date_gmt":"2023-02-28T11:52:26","guid":{"rendered":"https:\/\/arantv.az\/?p=570501"},"modified":"2023-02-28T14:52:26","modified_gmt":"2023-02-28T11:52:26","slug":"xin-r%c9%99hb%c9%99ri-rusiya-az%c9%99rbaycan-ekspert-surasi-s%c9%99m%c9%99r%c9%99li-%c9%99m%c9%99kdasliq-platformasidir","status":"publish","type":"post","link":"https:\/\/arantv.az\/?p=570501","title":{"rendered":"X\u0130N r\u0259hb\u0259ri: \u201cRusiya-Az\u0259rbaycan Ekspert \u015euras\u0131 s\u0259m\u0259r\u0259li \u0259m\u0259kda\u015fl\u0131q platformas\u0131d\u0131r\u201d"},"content":{"rendered":"<p>\u201cRusiya-Az\u0259rbaycan Ekspert \u015euras\u0131 s\u0259m\u0259r\u0259li \u0259m\u0259kda\u015fl\u0131q platformas\u0131na \u00e7evrilib\u201d.<\/p>\n<p>\u201cReport\u201d x\u0259b\u0259r verir ki, bunu Az\u0259rbaycan\u0131n xarici i\u015fl\u0259r naziri Ceyhun Bayramov Rusiya-Az\u0259rbaycan Ekspert \u015euras\u0131n\u0131n \u00fc\u00e7\u00fcnc\u00fc iclas\u0131 \u00e7\u0259r\u00e7iv\u0259sind\u0259 \u201cXXI \u0259srd\u0259 Rusiya-Az\u0259rbaycan m\u00fcnasib\u0259tl\u0259ri: regional t\u0259hl\u00fck\u0259sizlik kontekstind\u0259 strateji t\u0259r\u0259fda\u015fl\u0131q\u201d m\u00f6vzusuna h\u0259sr olunan konfransda deyib.<\/p>\n<div class=\"AdviadNativeVideo\"><\/div>\n<p>\u201cBel\u0259 bir dialoq bizim \u00fc\u00e7\u00fcn yax\u015f\u0131 fikir m\u00fcbadil\u0259sidir. Bu, h\u0259mi\u015f\u0259 yeni ideya v\u0259 m\u00fclahiz\u0259l\u0259r, ekspert qiym\u0259tl\u0259ndirm\u0259l\u0259ridir\u201d, &#8211; o bildirib.<\/p>\n<p>X\u0130N r\u0259hb\u0259ri Az\u0259rbaycanla Rusiya aras\u0131nda strateji \u0259m\u0259kda\u015fl\u0131q \u0259laq\u0259l\u0259rinin inki\u015faf etdiyini, bunun \u0259sas\u0131n\u0131n h\u0259r iki d\u00f6vl\u0259tin liderl\u0259rinin qar\u015f\u0131l\u0131ql\u0131 anla\u015fmas\u0131 oldu\u011funu vur\u011fulay\u0131b.<\/p>\n<p>Onun s\u00f6zl\u0259rin\u0259 g\u00f6r\u0259, regionda s\u00fclh, revan\u015fizml\u0259 m\u00fcbariz\u0259 il\u0259 ba\u011fl\u0131 Bak\u0131 v\u0259 Moskvan\u0131n g\u00fcnd\u0259liyi praktiki olaraq \u00fcst-\u00fcst\u0259 d\u00fc\u015f\u00fcr:<\/p>\n<p>\u201c2022-ci il fevral\u0131n 22-d\u0259 Az\u0259rbaycanla Rusiya aras\u0131nda m\u00fctt\u0259fiqlik qar\u015f\u0131l\u0131ql\u0131 f\u0259aliyy\u0259ti haqq\u0131nda B\u0259yannam\u0259nin imzalanmas\u0131 bu m\u00fcnasib\u0259tl\u0259r\u0259 m\u00fcsb\u0259t impuls verib\u201d.<\/p>\n","protected":false},"excerpt":{"rendered":"<p>\u201cRusiya-Az\u0259rbaycan Ekspert \u015euras\u0131 s\u0259m\u0259r\u0259li \u0259m\u0259kda\u015fl\u0131q platformas\u0131na \u00e7evrilib\u201d. \u201cReport\u201d x\u0259b\u0259r verir ki, bunu Az\u0259rbaycan\u0131n xarici i\u015fl\u0259r naziri Ceyhun Bayramov Rusiya-Az\u0259rbaycan Ekspert \u015euras\u0131n\u0131n \u00fc\u00e7\u00fcnc\u00fc iclas\u0131 \u00e7\u0259r\u00e7iv\u0259sind\u0259 \u201cXXI \u0259srd\u0259 Rusiya-Az\u0259rbaycan m\u00fcnasib\u0259tl\u0259ri: regional t\u0259hl\u00fck\u0259sizlik kontekstind\u0259 strateji t\u0259r\u0259fda\u015fl\u0131q\u201d m\u00f6vzusuna h\u0259sr olunan konfransda deyib. \u201cBel\u0259 bir dialoq bizim \u00fc\u00e7\u00fcn yax\u015f\u0131 fikir m\u00fcbadil\u0259sidir. Bu, h\u0259mi\u015f\u0259 yeni ideya v\u0259 m\u00fclahiz\u0259l\u0259r, ekspert qiym\u0259tl\u0259ndirm\u0259l\u0259ridir\u201d, &#8211; o bildirib. X\u0130N r\u0259hb\u0259ri Az\u0259rbaycanla Rusiya aras\u0131nda strateji \u0259m\u0259kda\u015fl\u0131q \u0259laq\u0259l\u0259rinin inki\u015faf etdiyini, bunun \u0259sas\u0131n\u0131n h\u0259r iki d\u00f6vl\u0259tin liderl\u0259rinin qar\u015f\u0131l\u0131ql\u0131 anla\u015fmas\u0131 oldu\u011funu vur\u011fulay\u0131b. Onun s\u00f6zl\u0259rin\u0259 g\u00f6r\u0259, regionda s\u00fclh, revan\u015fizml\u0259 m\u00fcbariz\u0259 il\u0259 ba\u011fl\u0131 Bak\u0131 v\u0259 Moskvan\u0131n g\u00fcnd\u0259liyi&hellip;<\/p>\n","protected":false},"author":2,"featured_media":570502,"comment_status":"closed","ping_status":"closed","sticky":false,"template":"","format":"standard","meta":{"om_disable_all_campaigns":false,"_monsterinsights_skip_tracking":false,"_monsterinsights_sitenote_active":false,"_monsterinsights_sitenote_note":"","_monsterinsights_sitenote_category":0},"categories":[4],"tags":[],"aioseo_notices":[],"gutentor_comment":0,"rttpg_featured_image_url":{"full":["https:\/\/arantv.az\/wp-content\/uploads\/2023\/02\/rrr-3.jpg",620,413,false],"landscape":["https:\/\/arantv.az\/wp-content\/uploads\/2023\/02\/rrr-3.jpg",620,413,false],"portraits":["https:\/\/arantv.az\/wp-content\/uploads\/2023\/02\/rrr-3.jpg",620,413,false],"thumbnail":["https:\/\/arantv.az\/wp-content\/uploads\/2023\/02\/rrr-3-500x280.jpg",500,280,true],"medium":["https:\/\/arantv.az\/wp-content\/uploads\/2023\/02\/rrr-3-548x365.jpg",548,365,true],"large":["https:\/\/arantv.az\/wp-content\/uploads\/2023\/02\/rrr-3.jpg",620,413,false],"1536x1536":["https:\/\/arantv.az\/wp-content\/uploads\/2023\/02\/rrr-3.jpg",620,413,false],"2048x2048":["https:\/\/arantv.az\/wp-content\/uploads\/2023\/02\/rrr-3.jpg",620,413,false],"post-thumbnail":["https:\/\/arantv.az\/wp-content\/uploads\/2023\/02\/rrr-3-240x172.jpg",240,172,true],"advps-thumb-one":["https:\/\/arantv.az\/wp-content\/uploads\/2023\/02\/rrr-3.jpg",620,413,false]},"rttpg_author":{"display_name":"V\u00fcsal Rafiqo\u011flu","author_link":"https:\/\/arantv.az\/?author=2"},"rttpg_comment":0,"rttpg_category":"<a href=\"https:\/\/arantv.az\/?cat=4\" rel=\"category\">Siyas\u0259t<\/a>","rttpg_excerpt":"\u201cRusiya-Az\u0259rbaycan Ekspert \u015euras\u0131 s\u0259m\u0259r\u0259li \u0259m\u0259kda\u015fl\u0131q platformas\u0131na \u00e7evrilib\u201d. \u201cReport\u201d x\u0259b\u0259r verir ki, bunu Az\u0259rbaycan\u0131n xarici i\u015fl\u0259r naziri Ceyhun Bayramov Rusiya-Az\u0259rbaycan Ekspert \u015euras\u0131n\u0131n \u00fc\u00e7\u00fcnc\u00fc iclas\u0131 \u00e7\u0259r\u00e7iv\u0259sind\u0259 \u201cXXI \u0259srd\u0259 Rusiya-Az\u0259rbaycan m\u00fcnasib\u0259tl\u0259ri: regional t\u0259hl\u00fck\u0259sizlik kontekstind\u0259 strateji t\u0259r\u0259fda\u015fl\u0131q\u201d m\u00f6vzusuna h\u0259sr olunan konfransda deyib. \u201cBel\u0259 bir dialoq bizim \u00fc\u00e7\u00fcn yax\u015f\u0131 fikir m\u00fcbadil\u0259sidir. Bu, h\u0259mi\u015f\u0259 yeni ideya v\u0259 m\u00fclahiz\u0259l\u0259r, ekspert qiym\u0259tl\u0259ndirm\u0259l\u0259ridir\u201d, &#8211;&hellip;","_links":{"self":[{"href":"https:\/\/arantv.az\/index.php?rest_route=\/wp\/v2\/posts\/570501"}],"collection":[{"href":"https:\/\/arantv.az\/index.php?rest_route=\/wp\/v2\/posts"}],"about":[{"href":"https:\/\/arantv.az\/index.php?rest_route=\/wp\/v2\/types\/post"}],"author":[{"embeddable":true,"href":"https:\/\/arantv.az\/index.php?rest_route=\/wp\/v2\/users\/2"}],"replies":[{"embeddable":true,"href":"https:\/\/arantv.az\/index.php?rest_route=%2Fwp%2Fv2%2Fcomments&post=570501"}],"version-history":[{"count":0,"href":"https:\/\/arantv.az\/index.php?rest_route=\/wp\/v2\/posts\/570501\/revisions"}],"wp:featuredmedia":[{"embeddable":true,"href":"https:\/\/arantv.az\/index.php?rest_route=\/wp\/v2\/media\/570502"}],"wp:attachment":[{"href":"https:\/\/arantv.az\/index.php?rest_route=%2Fwp%2Fv2%2Fmedia&parent=570501"}],"wp:term":[{"taxonomy":"category","embeddable":true,"href":"https:\/\/arantv.az\/index.php?rest_route=%2Fwp%2Fv2%2Fcategories&post=570501"},{"taxonomy":"post_tag","embeddable":true,"href":"https:\/\/arantv.az\/index.php?rest_route=%2Fwp%2Fv2%2Ftags&post=570501"}],"curies":[{"name":"wp","href":"https:\/\/api.w.org\/{rel}","templated":true}]}}