{"id":570514,"date":"2023-02-28T14:54:45","date_gmt":"2023-02-28T11:54:45","guid":{"rendered":"https:\/\/arantv.az\/?p=570514"},"modified":"2023-02-28T14:54:45","modified_gmt":"2023-02-28T11:54:45","slug":"az%c9%99rbaycanin-turkiy%c9%99y%c9%99-d%c9%99st%c9%99yi-il%c9%99-bagli-r%c9%99y-sorgusunun-n%c9%99tic%c9%99l%c9%99ri-aciqlanib","status":"publish","type":"post","link":"https:\/\/arantv.az\/?p=570514","title":{"rendered":"Az\u0259rbaycan\u0131n T\u00fcrkiy\u0259y\u0259 d\u0259st\u0259yi il\u0259 ba\u011fl\u0131 r\u0259y sor\u011fusunun n\u0259tic\u0259l\u0259ri a\u00e7\u0131qlan\u0131b"},"content":{"rendered":"<p>Sosial T\u0259dqiqatlar M\u0259rk\u0259zi (STM) T\u00fcrkiy\u0259nin 11 \u015f\u0259h\u0259rind\u0259 humanitar f\u0259lak\u0259tl\u0259r\u0259 yol a\u00e7m\u0131\u015f z\u0259lz\u0259l\u0259y\u0259 g\u00f6r\u0259 Az\u0259rbaycanda bu kimi f\u00f6vq\u0259lad\u0259 hallara qar\u015f\u0131 m\u00fcmk\u00fcn riskl\u0259rin, ictimai davran\u0131\u015f v\u0259 m\u00fchakim\u0259l\u0259rin \u00f6yr\u0259nilm\u0259si, eyni zamanda proqnozla\u015fd\u0131r\u0131lmas\u0131 m\u0259qs\u0259dil\u0259 r\u0259y sor\u011fular\u0131 ke\u00e7irib.<\/p>\n<div class=\"AdviadNativeVideo\"><\/div>\n<p>Bu bar\u0259d\u0259 STM-d\u0259n bildirilib.<\/p>\n<p>Sor\u011fu \u00e7\u0259r\u00e7iv\u0259sind\u0259 T\u00fcrkiy\u0259d\u0259 ba\u015f ver\u0259n f\u0259lak\u0259tin ayr\u0131-ayr\u0131 aspektl\u0259rin\u0259, o c\u00fcml\u0259d\u0259n Az\u0259rbaycan t\u0259r\u0259find\u0259n bu istiqam\u0259td\u0259 g\u00f6st\u0259ril\u0259n d\u0259st\u0259y\u0259 d\u0259 ictimai m\u00fcnasib\u0259t \u00f6yr\u0259nilib.<\/p>\n<p>Sor\u011fuda i\u015ftirak ed\u0259nl\u0259rin \u0259ks\u0259riyy\u0259ti Az\u0259rbaycan xalq\u0131n\u0131n v\u0259 d\u00f6vl\u0259tinin T\u00fcrkiy\u0259y\u0259 d\u0259st\u0259yini m\u00fcsb\u0259t xarakteriz\u0259 edib. Bel\u0259 ki, i\u015ftirak\u00e7\u0131lar\u0131n 99%-i Az\u0259rbaycan\u0131n b\u00fct\u00fcn imkanlar\u0131 il\u0259 T\u00fcrkiy\u0259nin yan\u0131nda oldu\u011funu bildirib. Onlar\u0131n c\u0259mi 1%-i Az\u0259rbaycan\u0131n T\u00fcrkiy\u0259y\u0259 yet\u0259rli d\u0259st\u0259k g\u00f6st\u0259rm\u0259diyi m\u00f6vqeyini b\u00f6l\u00fc\u015f\u00fcb.<\/p>\n<p>Sor\u011funun sah\u0259 i\u015fi 11-14 fevral 2023-c\u00fc il tarixind\u0259 icra olunub. Sor\u011fuda k\u00f6n\u00fcll\u00fcl\u00fck prinsipi \u0259sas\u0131nda 18 ya\u015f\u0131ndan yuxar\u0131 384 respondent i\u015ftirak edib. Sor\u011fular telefonla m\u00fcsahib\u0259 formas\u0131nda apar\u0131l\u0131b. Sor\u011fu \u00f6lk\u0259nin \u00fc\u00e7 b\u00f6y\u00fck \u015f\u0259h\u0259rind\u0259 &#8211; Bak\u0131, Sumqay\u0131t v\u0259 G\u0259nc\u0259 \u015f\u0259h\u0259rl\u0259rind\u0259 yaln\u0131z bina evl\u0259rind\u0259 ya\u015fayan \u015f\u0259xsl\u0259r aras\u0131nda ke\u00e7irilib.<\/p>\n","protected":false},"excerpt":{"rendered":"<p>Sosial T\u0259dqiqatlar M\u0259rk\u0259zi (STM) T\u00fcrkiy\u0259nin 11 \u015f\u0259h\u0259rind\u0259 humanitar f\u0259lak\u0259tl\u0259r\u0259 yol a\u00e7m\u0131\u015f z\u0259lz\u0259l\u0259y\u0259 g\u00f6r\u0259 Az\u0259rbaycanda bu kimi f\u00f6vq\u0259lad\u0259 hallara qar\u015f\u0131 m\u00fcmk\u00fcn riskl\u0259rin, ictimai davran\u0131\u015f v\u0259 m\u00fchakim\u0259l\u0259rin \u00f6yr\u0259nilm\u0259si, eyni zamanda proqnozla\u015fd\u0131r\u0131lmas\u0131 m\u0259qs\u0259dil\u0259 r\u0259y sor\u011fular\u0131 ke\u00e7irib. Bu bar\u0259d\u0259 STM-d\u0259n bildirilib. Sor\u011fu \u00e7\u0259r\u00e7iv\u0259sind\u0259 T\u00fcrkiy\u0259d\u0259 ba\u015f ver\u0259n f\u0259lak\u0259tin ayr\u0131-ayr\u0131 aspektl\u0259rin\u0259, o c\u00fcml\u0259d\u0259n Az\u0259rbaycan t\u0259r\u0259find\u0259n bu istiqam\u0259td\u0259 g\u00f6st\u0259ril\u0259n d\u0259st\u0259y\u0259 d\u0259 ictimai m\u00fcnasib\u0259t \u00f6yr\u0259nilib. Sor\u011fuda i\u015ftirak ed\u0259nl\u0259rin \u0259ks\u0259riyy\u0259ti Az\u0259rbaycan xalq\u0131n\u0131n v\u0259 d\u00f6vl\u0259tinin T\u00fcrkiy\u0259y\u0259 d\u0259st\u0259yini m\u00fcsb\u0259t xarakteriz\u0259 edib. Bel\u0259 ki, i\u015ftirak\u00e7\u0131lar\u0131n 99%-i Az\u0259rbaycan\u0131n b\u00fct\u00fcn imkanlar\u0131 il\u0259 T\u00fcrkiy\u0259nin yan\u0131nda oldu\u011funu bildirib. Onlar\u0131n c\u0259mi 1%-i Az\u0259rbaycan\u0131n T\u00fcrkiy\u0259y\u0259 yet\u0259rli d\u0259st\u0259k g\u00f6st\u0259rm\u0259diyi&hellip;<\/p>\n","protected":false},"author":2,"featured_media":570515,"comment_status":"closed","ping_status":"closed","sticky":false,"template":"","format":"standard","meta":{"om_disable_all_campaigns":false,"_monsterinsights_skip_tracking":false,"_monsterinsights_sitenote_active":false,"_monsterinsights_sitenote_note":"","_monsterinsights_sitenote_category":0},"categories":[1],"tags":[],"aioseo_notices":[],"gutentor_comment":0,"rttpg_featured_image_url":{"full":["https:\/\/arantv.az\/wp-content\/uploads\/2023\/02\/MN01MuMJDcDWBdPqjc53W28f9Ej49ThzyRpER1D9.jpg",620,413,false],"landscape":["https:\/\/arantv.az\/wp-content\/uploads\/2023\/02\/MN01MuMJDcDWBdPqjc53W28f9Ej49ThzyRpER1D9.jpg",620,413,false],"portraits":["https:\/\/arantv.az\/wp-content\/uploads\/2023\/02\/MN01MuMJDcDWBdPqjc53W28f9Ej49ThzyRpER1D9.jpg",620,413,false],"thumbnail":["https:\/\/arantv.az\/wp-content\/uploads\/2023\/02\/MN01MuMJDcDWBdPqjc53W28f9Ej49ThzyRpER1D9-500x280.jpg",500,280,true],"medium":["https:\/\/arantv.az\/wp-content\/uploads\/2023\/02\/MN01MuMJDcDWBdPqjc53W28f9Ej49ThzyRpER1D9-548x365.jpg",548,365,true],"large":["https:\/\/arantv.az\/wp-content\/uploads\/2023\/02\/MN01MuMJDcDWBdPqjc53W28f9Ej49ThzyRpER1D9.jpg",620,413,false],"1536x1536":["https:\/\/arantv.az\/wp-content\/uploads\/2023\/02\/MN01MuMJDcDWBdPqjc53W28f9Ej49ThzyRpER1D9.jpg",620,413,false],"2048x2048":["https:\/\/arantv.az\/wp-content\/uploads\/2023\/02\/MN01MuMJDcDWBdPqjc53W28f9Ej49ThzyRpER1D9.jpg",620,413,false],"post-thumbnail":["https:\/\/arantv.az\/wp-content\/uploads\/2023\/02\/MN01MuMJDcDWBdPqjc53W28f9Ej49ThzyRpER1D9-240x172.jpg",240,172,true],"advps-thumb-one":["https:\/\/arantv.az\/wp-content\/uploads\/2023\/02\/MN01MuMJDcDWBdPqjc53W28f9Ej49ThzyRpER1D9.jpg",620,413,false]},"rttpg_author":{"display_name":"V\u00fcsal Rafiqo\u011flu","author_link":"https:\/\/arantv.az\/?author=2"},"rttpg_comment":0,"rttpg_category":"<a href=\"https:\/\/arantv.az\/?cat=1\" rel=\"category\">C\u0259miyy\u0259t<\/a>","rttpg_excerpt":"Sosial T\u0259dqiqatlar M\u0259rk\u0259zi (STM) T\u00fcrkiy\u0259nin 11 \u015f\u0259h\u0259rind\u0259 humanitar f\u0259lak\u0259tl\u0259r\u0259 yol a\u00e7m\u0131\u015f z\u0259lz\u0259l\u0259y\u0259 g\u00f6r\u0259 Az\u0259rbaycanda bu kimi f\u00f6vq\u0259lad\u0259 hallara qar\u015f\u0131 m\u00fcmk\u00fcn riskl\u0259rin, ictimai davran\u0131\u015f v\u0259 m\u00fchakim\u0259l\u0259rin \u00f6yr\u0259nilm\u0259si, eyni zamanda proqnozla\u015fd\u0131r\u0131lmas\u0131 m\u0259qs\u0259dil\u0259 r\u0259y sor\u011fular\u0131 ke\u00e7irib. Bu bar\u0259d\u0259 STM-d\u0259n bildirilib. Sor\u011fu \u00e7\u0259r\u00e7iv\u0259sind\u0259 T\u00fcrkiy\u0259d\u0259 ba\u015f ver\u0259n f\u0259lak\u0259tin ayr\u0131-ayr\u0131 aspektl\u0259rin\u0259, o c\u00fcml\u0259d\u0259n Az\u0259rbaycan t\u0259r\u0259find\u0259n bu istiqam\u0259td\u0259 g\u00f6st\u0259ril\u0259n d\u0259st\u0259y\u0259 d\u0259 ictimai&hellip;","_links":{"self":[{"href":"https:\/\/arantv.az\/index.php?rest_route=\/wp\/v2\/posts\/570514"}],"collection":[{"href":"https:\/\/arantv.az\/index.php?rest_route=\/wp\/v2\/posts"}],"about":[{"href":"https:\/\/arantv.az\/index.php?rest_route=\/wp\/v2\/types\/post"}],"author":[{"embeddable":true,"href":"https:\/\/arantv.az\/index.php?rest_route=\/wp\/v2\/users\/2"}],"replies":[{"embeddable":true,"href":"https:\/\/arantv.az\/index.php?rest_route=%2Fwp%2Fv2%2Fcomments&post=570514"}],"version-history":[{"count":0,"href":"https:\/\/arantv.az\/index.php?rest_route=\/wp\/v2\/posts\/570514\/revisions"}],"wp:featuredmedia":[{"embeddable":true,"href":"https:\/\/arantv.az\/index.php?rest_route=\/wp\/v2\/media\/570515"}],"wp:attachment":[{"href":"https:\/\/arantv.az\/index.php?rest_route=%2Fwp%2Fv2%2Fmedia&parent=570514"}],"wp:term":[{"taxonomy":"category","embeddable":true,"href":"https:\/\/arantv.az\/index.php?rest_route=%2Fwp%2Fv2%2Fcategories&post=570514"},{"taxonomy":"post_tag","embeddable":true,"href":"https:\/\/arantv.az\/index.php?rest_route=%2Fwp%2Fv2%2Ftags&post=570514"}],"curies":[{"name":"wp","href":"https:\/\/api.w.org\/{rel}","templated":true}]}}