{"id":570517,"date":"2023-02-28T14:55:18","date_gmt":"2023-02-28T11:55:18","guid":{"rendered":"https:\/\/arantv.az\/?p=570517"},"modified":"2023-02-28T14:55:18","modified_gmt":"2023-02-28T11:55:18","slug":"az%c9%99rbaycanda-qadinlarin-minat%c9%99mizl%c9%99m%c9%99-%c9%99m%c9%99liyyatlarina-c%c9%99lb-olunmasi-il%c9%99-bagli-isl%c9%99r%c9%99-start-verilib","status":"publish","type":"post","link":"https:\/\/arantv.az\/?p=570517","title":{"rendered":"Az\u0259rbaycanda qad\u0131nlar\u0131n minat\u0259mizl\u0259m\u0259 \u0259m\u0259liyyatlar\u0131na c\u0259lb olunmas\u0131 il\u0259 ba\u011fl\u0131 i\u015fl\u0259r\u0259 start verilib"},"content":{"rendered":"<p>Az\u0259rbaycanda qad\u0131nlar\u0131n minat\u0259mizl\u0259m\u0259 \u0259m\u0259liyyatlar\u0131na c\u0259lb olunmas\u0131 il\u0259 ba\u011fl\u0131 i\u015fl\u0259r\u0259 start verilib.<\/p>\n<div class=\"AdviadNativeVideo\"><\/div>\n<p>\u201cReport\u201dun A\u011fdama ezam olunan m\u00fcxbiri x\u0259b\u0259r verir ki, bunu jurnalistl\u0259r\u0259 a\u00e7\u0131qlamas\u0131nda ANAMA-n\u0131n \u0130dar\u0259 Hey\u0259tinin s\u0259dri V\u00fcqar S\u00fcleymanov deyib.<\/p>\n<p>O bildirib ki, haz\u0131rda qad\u0131nlar\u0131n se\u00e7im m\u0259rh\u0259l\u0259sidir:<\/p>\n<p>\u201cQad\u0131nlar\u0131n \u0259razil\u0259rd\u0259 minaaxtarma \u0259m\u0259liyyatlar\u0131na c\u0259lb olunmas\u0131 \u00fc\u00e7\u00fcn bir m\u00fcdd\u0259t laz\u0131md\u0131r. Se\u00e7im turu ba\u015fa \u00e7atd\u0131qdan sonra qad\u0131nlar treninql\u0259r\u0259 c\u0259lb edil\u0259c\u0259kl\u0259r. Treninql\u0259rd\u0259n sonra imtahanlar\u0131 ver\u0259 bil\u0259n qad\u0131nlar minaaxtarma i\u015fl\u0259rin\u0259 c\u0259lb olunacaqlar\u201d.<\/p>\n","protected":false},"excerpt":{"rendered":"<p>Az\u0259rbaycanda qad\u0131nlar\u0131n minat\u0259mizl\u0259m\u0259 \u0259m\u0259liyyatlar\u0131na c\u0259lb olunmas\u0131 il\u0259 ba\u011fl\u0131 i\u015fl\u0259r\u0259 start verilib. \u201cReport\u201dun A\u011fdama ezam olunan m\u00fcxbiri x\u0259b\u0259r verir ki, bunu jurnalistl\u0259r\u0259 a\u00e7\u0131qlamas\u0131nda ANAMA-n\u0131n \u0130dar\u0259 Hey\u0259tinin s\u0259dri V\u00fcqar S\u00fcleymanov deyib. O bildirib ki, haz\u0131rda qad\u0131nlar\u0131n se\u00e7im m\u0259rh\u0259l\u0259sidir: \u201cQad\u0131nlar\u0131n \u0259razil\u0259rd\u0259 minaaxtarma \u0259m\u0259liyyatlar\u0131na c\u0259lb olunmas\u0131 \u00fc\u00e7\u00fcn bir m\u00fcdd\u0259t laz\u0131md\u0131r. Se\u00e7im turu ba\u015fa \u00e7atd\u0131qdan sonra qad\u0131nlar treninql\u0259r\u0259 c\u0259lb edil\u0259c\u0259kl\u0259r. Treninql\u0259rd\u0259n sonra imtahanlar\u0131 ver\u0259 bil\u0259n qad\u0131nlar minaaxtarma i\u015fl\u0259rin\u0259 c\u0259lb olunacaqlar\u201d.<\/p>\n","protected":false},"author":2,"featured_media":570518,"comment_status":"closed","ping_status":"closed","sticky":false,"template":"","format":"standard","meta":{"om_disable_all_campaigns":false,"_monsterinsights_skip_tracking":false,"_monsterinsights_sitenote_active":false,"_monsterinsights_sitenote_note":"","_monsterinsights_sitenote_category":0},"categories":[1],"tags":[],"aioseo_notices":[],"gutentor_comment":0,"rttpg_featured_image_url":{"full":["https:\/\/arantv.az\/wp-content\/uploads\/2023\/02\/4995670.jpg",620,413,false],"landscape":["https:\/\/arantv.az\/wp-content\/uploads\/2023\/02\/4995670.jpg",620,413,false],"portraits":["https:\/\/arantv.az\/wp-content\/uploads\/2023\/02\/4995670.jpg",620,413,false],"thumbnail":["https:\/\/arantv.az\/wp-content\/uploads\/2023\/02\/4995670-500x280.jpg",500,280,true],"medium":["https:\/\/arantv.az\/wp-content\/uploads\/2023\/02\/4995670-548x365.jpg",548,365,true],"large":["https:\/\/arantv.az\/wp-content\/uploads\/2023\/02\/4995670.jpg",620,413,false],"1536x1536":["https:\/\/arantv.az\/wp-content\/uploads\/2023\/02\/4995670.jpg",620,413,false],"2048x2048":["https:\/\/arantv.az\/wp-content\/uploads\/2023\/02\/4995670.jpg",620,413,false],"post-thumbnail":["https:\/\/arantv.az\/wp-content\/uploads\/2023\/02\/4995670-240x172.jpg",240,172,true],"advps-thumb-one":["https:\/\/arantv.az\/wp-content\/uploads\/2023\/02\/4995670.jpg",620,413,false]},"rttpg_author":{"display_name":"V\u00fcsal Rafiqo\u011flu","author_link":"https:\/\/arantv.az\/?author=2"},"rttpg_comment":0,"rttpg_category":"<a href=\"https:\/\/arantv.az\/?cat=1\" rel=\"category\">C\u0259miyy\u0259t<\/a>","rttpg_excerpt":"Az\u0259rbaycanda qad\u0131nlar\u0131n minat\u0259mizl\u0259m\u0259 \u0259m\u0259liyyatlar\u0131na c\u0259lb olunmas\u0131 il\u0259 ba\u011fl\u0131 i\u015fl\u0259r\u0259 start verilib. \u201cReport\u201dun A\u011fdama ezam olunan m\u00fcxbiri x\u0259b\u0259r verir ki, bunu jurnalistl\u0259r\u0259 a\u00e7\u0131qlamas\u0131nda ANAMA-n\u0131n \u0130dar\u0259 Hey\u0259tinin s\u0259dri V\u00fcqar S\u00fcleymanov deyib. O bildirib ki, haz\u0131rda qad\u0131nlar\u0131n se\u00e7im m\u0259rh\u0259l\u0259sidir: \u201cQad\u0131nlar\u0131n \u0259razil\u0259rd\u0259 minaaxtarma \u0259m\u0259liyyatlar\u0131na c\u0259lb olunmas\u0131 \u00fc\u00e7\u00fcn bir m\u00fcdd\u0259t laz\u0131md\u0131r. Se\u00e7im turu ba\u015fa \u00e7atd\u0131qdan sonra qad\u0131nlar treninql\u0259r\u0259 c\u0259lb edil\u0259c\u0259kl\u0259r.&hellip;","_links":{"self":[{"href":"https:\/\/arantv.az\/index.php?rest_route=\/wp\/v2\/posts\/570517"}],"collection":[{"href":"https:\/\/arantv.az\/index.php?rest_route=\/wp\/v2\/posts"}],"about":[{"href":"https:\/\/arantv.az\/index.php?rest_route=\/wp\/v2\/types\/post"}],"author":[{"embeddable":true,"href":"https:\/\/arantv.az\/index.php?rest_route=\/wp\/v2\/users\/2"}],"replies":[{"embeddable":true,"href":"https:\/\/arantv.az\/index.php?rest_route=%2Fwp%2Fv2%2Fcomments&post=570517"}],"version-history":[{"count":0,"href":"https:\/\/arantv.az\/index.php?rest_route=\/wp\/v2\/posts\/570517\/revisions"}],"wp:featuredmedia":[{"embeddable":true,"href":"https:\/\/arantv.az\/index.php?rest_route=\/wp\/v2\/media\/570518"}],"wp:attachment":[{"href":"https:\/\/arantv.az\/index.php?rest_route=%2Fwp%2Fv2%2Fmedia&parent=570517"}],"wp:term":[{"taxonomy":"category","embeddable":true,"href":"https:\/\/arantv.az\/index.php?rest_route=%2Fwp%2Fv2%2Fcategories&post=570517"},{"taxonomy":"post_tag","embeddable":true,"href":"https:\/\/arantv.az\/index.php?rest_route=%2Fwp%2Fv2%2Ftags&post=570517"}],"curies":[{"name":"wp","href":"https:\/\/api.w.org\/{rel}","templated":true}]}}