{"id":570520,"date":"2023-02-28T14:55:52","date_gmt":"2023-02-28T11:55:52","guid":{"rendered":"https:\/\/arantv.az\/?p=570520"},"modified":"2023-02-28T14:55:52","modified_gmt":"2023-02-28T11:55:52","slug":"adil-k%c9%99rimli-orta-ixtisas-t%c9%99hsili-olmayan-s%c9%99xsl%c9%99r-kitabxanalarda-r%c9%99hb%c9%99r-v%c9%99zif%c9%99l%c9%99rd%c9%99-calisirlar","status":"publish","type":"post","link":"https:\/\/arantv.az\/?p=570520","title":{"rendered":"Adil K\u0259rimli: \u201cOrta ixtisas t\u0259hsili olmayan \u015f\u0259xsl\u0259r kitabxanalarda r\u0259hb\u0259r v\u0259zif\u0259l\u0259rd\u0259 \u00e7al\u0131\u015f\u0131rlar\u201d"},"content":{"rendered":"<p>\u201cOrta ixtisas t\u0259hsili olmayan \u015f\u0259xsl\u0259r kitabxanalarda r\u0259hb\u0259r v\u0259zif\u0259l\u0259rd\u0259 \u00e7al\u0131\u015f\u0131rlar\u201d.<\/p>\n<p>\u201cReport\u201d x\u0259b\u0259r verir ki, bunu m\u0259d\u0259niyy\u0259t nazirinin birinci m\u00fcavini, nazir v\u0259zif\u0259sini m\u00fcv\u0259qq\u0259ti icra ed\u0259n Adil K\u0259rimli Milli M\u0259clisd\u0259 \u201cQeyri-maddi m\u0259d\u0259ni irs haqq\u0131nda\u201d qanun layih\u0259sinin m\u00fczakir\u0259si zaman\u0131 deyib.<\/p>\n<div class=\"AdviadNativeVideo\"><\/div>\n<p>Onun s\u00f6zl\u0259rin\u0259 g\u00f6r\u0259, bu g\u00fcn Az\u0259rbaycanda 7000-\u0259 yax\u0131n m\u0259d\u0259niyy\u0259t m\u00fc\u0259ssis\u0259si var:<\/p>\n<p>&#8220;Bu m\u00fc\u0259ssis\u0259l\u0259rd\u0259 ciddi probleml\u0259r var. Onlar\u0131n infrastrukturlar\u0131, dem\u0259k olar ki, yoxa \u00e7\u0131x\u0131b. Ucqar k\u0259ndl\u0259rd\u0259 yerl\u0259\u015f\u0259n kitabxanalar\u0131n da v\u0259ziyy\u0259ti olduqca ac\u0131nacaql\u0131d\u0131r. Kitab t\u0259minat\u0131nda da ciddi probleml\u0259r var. H\u0259min m\u00fc\u0259ssis\u0259l\u0259rd\u0259 \u00e7al\u0131\u015fan kadr potensial\u0131 b\u0259rbad durumdad\u0131r. Proses\u0259 kompleks yana\u015fmaq laz\u0131md\u0131r. Haz\u0131rda m\u0259s\u0259l\u0259 il\u0259 \u0259laq\u0259li ciddi ara\u015fd\u0131rma v\u0259 t\u0259hlil apar\u0131l\u0131r. H\u0259min m\u00fc\u0259ssis\u0259l\u0259rin faydal\u0131l\u0131\u011f\u0131 da yoxlan\u0131lmal\u0131d\u0131r\u201d.<\/p>\n<p>A.K\u0259rimli bildirib ki, islahatlar\u0131n do\u011fru apar\u0131lmas\u0131nda h\u0259r k\u0259sin d\u0259st\u0259yin\u0259 ehtiyac var:<\/p>\n<p>\u201c\u00c7\u00fcnki bu, t\u0259k nazirliyin v\u0259 ya m\u0259murun i\u015fi deyil. H\u0259r k\u0259s bu prosesd\u0259 i\u015ftirak etm\u0259lidir. M\u0259d\u0259niyy\u0259t Nazirliyinin tabeliyind\u0259 olan m\u00fc\u0259ssis\u0259l\u0259rd\u0259 \u00e7al\u0131\u015fan 41 min \u015f\u0259xsi hey\u0259t var. Bunun da t\u0259xmin\u0259n 30 min\u0259 yax\u0131n\u0131 b\u00f6lg\u0259l\u0259rd\u0259ki m\u0259d\u0259niyy\u0259t m\u00fc\u0259ssis\u0259l\u0259rind\u0259 \u00e7al\u0131\u015f\u0131r. Apar\u0131lan t\u0259hlill\u0259r\u0259 g\u00f6r\u0259, onlardan 30 mininin c\u0259mi 7%-nin m\u0259d\u0259niyy\u0259t v\u0259 inc\u0259s\u0259n\u0259t sah\u0259sind\u0259 yaln\u0131z orta ixtisas t\u0259hsili var. Bu sah\u0259d\u0259 ciddi islahat apar\u0131lmal\u0131d\u0131r\u201d.<\/p>\n","protected":false},"excerpt":{"rendered":"<p>\u201cOrta ixtisas t\u0259hsili olmayan \u015f\u0259xsl\u0259r kitabxanalarda r\u0259hb\u0259r v\u0259zif\u0259l\u0259rd\u0259 \u00e7al\u0131\u015f\u0131rlar\u201d. \u201cReport\u201d x\u0259b\u0259r verir ki, bunu m\u0259d\u0259niyy\u0259t nazirinin birinci m\u00fcavini, nazir v\u0259zif\u0259sini m\u00fcv\u0259qq\u0259ti icra ed\u0259n Adil K\u0259rimli Milli M\u0259clisd\u0259 \u201cQeyri-maddi m\u0259d\u0259ni irs haqq\u0131nda\u201d qanun layih\u0259sinin m\u00fczakir\u0259si zaman\u0131 deyib. Onun s\u00f6zl\u0259rin\u0259 g\u00f6r\u0259, bu g\u00fcn Az\u0259rbaycanda 7000-\u0259 yax\u0131n m\u0259d\u0259niyy\u0259t m\u00fc\u0259ssis\u0259si var: &#8220;Bu m\u00fc\u0259ssis\u0259l\u0259rd\u0259 ciddi probleml\u0259r var. Onlar\u0131n infrastrukturlar\u0131, dem\u0259k olar ki, yoxa \u00e7\u0131x\u0131b. Ucqar k\u0259ndl\u0259rd\u0259 yerl\u0259\u015f\u0259n kitabxanalar\u0131n da v\u0259ziyy\u0259ti olduqca ac\u0131nacaql\u0131d\u0131r. Kitab t\u0259minat\u0131nda da ciddi probleml\u0259r var. H\u0259min m\u00fc\u0259ssis\u0259l\u0259rd\u0259 \u00e7al\u0131\u015fan kadr potensial\u0131 b\u0259rbad durumdad\u0131r. Proses\u0259 kompleks yana\u015fmaq laz\u0131md\u0131r. Haz\u0131rda m\u0259s\u0259l\u0259 il\u0259 \u0259laq\u0259li ciddi ara\u015fd\u0131rma&hellip;<\/p>\n","protected":false},"author":2,"featured_media":570521,"comment_status":"closed","ping_status":"closed","sticky":false,"template":"","format":"standard","meta":{"om_disable_all_campaigns":false,"_monsterinsights_skip_tracking":false,"_monsterinsights_sitenote_active":false,"_monsterinsights_sitenote_note":"","_monsterinsights_sitenote_category":0},"categories":[1],"tags":[],"aioseo_notices":[],"gutentor_comment":0,"rttpg_featured_image_url":{"full":["https:\/\/arantv.az\/wp-content\/uploads\/2023\/02\/ty-2.jpg",620,413,false],"landscape":["https:\/\/arantv.az\/wp-content\/uploads\/2023\/02\/ty-2.jpg",620,413,false],"portraits":["https:\/\/arantv.az\/wp-content\/uploads\/2023\/02\/ty-2.jpg",620,413,false],"thumbnail":["https:\/\/arantv.az\/wp-content\/uploads\/2023\/02\/ty-2-500x280.jpg",500,280,true],"medium":["https:\/\/arantv.az\/wp-content\/uploads\/2023\/02\/ty-2-548x365.jpg",548,365,true],"large":["https:\/\/arantv.az\/wp-content\/uploads\/2023\/02\/ty-2.jpg",620,413,false],"1536x1536":["https:\/\/arantv.az\/wp-content\/uploads\/2023\/02\/ty-2.jpg",620,413,false],"2048x2048":["https:\/\/arantv.az\/wp-content\/uploads\/2023\/02\/ty-2.jpg",620,413,false],"post-thumbnail":["https:\/\/arantv.az\/wp-content\/uploads\/2023\/02\/ty-2-240x172.jpg",240,172,true],"advps-thumb-one":["https:\/\/arantv.az\/wp-content\/uploads\/2023\/02\/ty-2.jpg",620,413,false]},"rttpg_author":{"display_name":"V\u00fcsal Rafiqo\u011flu","author_link":"https:\/\/arantv.az\/?author=2"},"rttpg_comment":0,"rttpg_category":"<a href=\"https:\/\/arantv.az\/?cat=1\" rel=\"category\">C\u0259miyy\u0259t<\/a>","rttpg_excerpt":"\u201cOrta ixtisas t\u0259hsili olmayan \u015f\u0259xsl\u0259r kitabxanalarda r\u0259hb\u0259r v\u0259zif\u0259l\u0259rd\u0259 \u00e7al\u0131\u015f\u0131rlar\u201d. \u201cReport\u201d x\u0259b\u0259r verir ki, bunu m\u0259d\u0259niyy\u0259t nazirinin birinci m\u00fcavini, nazir v\u0259zif\u0259sini m\u00fcv\u0259qq\u0259ti icra ed\u0259n Adil K\u0259rimli Milli M\u0259clisd\u0259 \u201cQeyri-maddi m\u0259d\u0259ni irs haqq\u0131nda\u201d qanun layih\u0259sinin m\u00fczakir\u0259si zaman\u0131 deyib. Onun s\u00f6zl\u0259rin\u0259 g\u00f6r\u0259, bu g\u00fcn Az\u0259rbaycanda 7000-\u0259 yax\u0131n m\u0259d\u0259niyy\u0259t m\u00fc\u0259ssis\u0259si var: &#8220;Bu m\u00fc\u0259ssis\u0259l\u0259rd\u0259 ciddi probleml\u0259r var. Onlar\u0131n infrastrukturlar\u0131, dem\u0259k&hellip;","_links":{"self":[{"href":"https:\/\/arantv.az\/index.php?rest_route=\/wp\/v2\/posts\/570520"}],"collection":[{"href":"https:\/\/arantv.az\/index.php?rest_route=\/wp\/v2\/posts"}],"about":[{"href":"https:\/\/arantv.az\/index.php?rest_route=\/wp\/v2\/types\/post"}],"author":[{"embeddable":true,"href":"https:\/\/arantv.az\/index.php?rest_route=\/wp\/v2\/users\/2"}],"replies":[{"embeddable":true,"href":"https:\/\/arantv.az\/index.php?rest_route=%2Fwp%2Fv2%2Fcomments&post=570520"}],"version-history":[{"count":0,"href":"https:\/\/arantv.az\/index.php?rest_route=\/wp\/v2\/posts\/570520\/revisions"}],"wp:featuredmedia":[{"embeddable":true,"href":"https:\/\/arantv.az\/index.php?rest_route=\/wp\/v2\/media\/570521"}],"wp:attachment":[{"href":"https:\/\/arantv.az\/index.php?rest_route=%2Fwp%2Fv2%2Fmedia&parent=570520"}],"wp:term":[{"taxonomy":"category","embeddable":true,"href":"https:\/\/arantv.az\/index.php?rest_route=%2Fwp%2Fv2%2Fcategories&post=570520"},{"taxonomy":"post_tag","embeddable":true,"href":"https:\/\/arantv.az\/index.php?rest_route=%2Fwp%2Fv2%2Ftags&post=570520"}],"curies":[{"name":"wp","href":"https:\/\/api.w.org\/{rel}","templated":true}]}}