{"id":570523,"date":"2023-02-28T14:56:20","date_gmt":"2023-02-28T11:56:20","guid":{"rendered":"https:\/\/arantv.az\/?p=570523"},"modified":"2023-02-28T14:56:20","modified_gmt":"2023-02-28T11:56:20","slug":"rusiyanin-xarici-isl%c9%99r-naziri-ai-az%c9%99rbaycan-v%c9%99-erm%c9%99nistan-il%c9%99-munasib%c9%99tl%c9%99rd%c9%99n-sui-istifad%c9%99-edir","status":"publish","type":"post","link":"https:\/\/arantv.az\/?p=570523","title":{"rendered":"Rusiyan\u0131n xarici i\u015fl\u0259r naziri: \u201cA\u0130 Az\u0259rbaycan v\u0259 Erm\u0259nistan il\u0259 m\u00fcnasib\u0259tl\u0259rd\u0259n sui-istifad\u0259 edir\u201d"},"content":{"rendered":"<p>\u201cAvropa \u0130ttifaq\u0131 (A\u0130) Erm\u0259nistan \u0259razisin\u0259 v\u0259t\u0259nda\u015f missiyas\u0131 g\u00f6nd\u0259rm\u0259kl\u0259 Az\u0259rbaycan v\u0259 Erm\u0259nistan il\u0259 m\u00fcnasib\u0259tl\u0259rd\u0259n sui-istifad\u0259 edir\u201d.<\/p>\n<p>\u201cReport\u201d x\u0259b\u0259r verir ki, bunu Rusiyan\u0131n xarici i\u015fl\u0259r naziri Sergey Lavrov Az\u0259rbaycan\u0131n xarici i\u015fl\u0259r naziri Ceyhun Bayramov il\u0259 birg\u0259 m\u0259tbuat konfrans\u0131nda deyib.<\/p>\n<p>\u201cAvropa \u0130ttifaq\u0131 Erm\u0259nistan \u0259razisin\u0259 v\u0259t\u0259nda\u015f missiyas\u0131 g\u00f6nd\u0259rm\u0259kl\u0259 Az\u0259rbaycan v\u0259 Erm\u0259nistan il\u0259 m\u00fcnasib\u0259tl\u0259rind\u0259n a\u00e7\u0131q-a\u015fkar sui-istifad\u0259 edir ki, bu da s\u00fclh prosesi istiqam\u0259tind\u0259 s\u0259y g\u00f6st\u0259rilm\u0259sini \u015f\u00fcbh\u0259 alt\u0131na al\u0131r\u201d, &#8211; Lavrov bildirib.<\/p>\n","protected":false},"excerpt":{"rendered":"<p>\u201cAvropa \u0130ttifaq\u0131 (A\u0130) Erm\u0259nistan \u0259razisin\u0259 v\u0259t\u0259nda\u015f missiyas\u0131 g\u00f6nd\u0259rm\u0259kl\u0259 Az\u0259rbaycan v\u0259 Erm\u0259nistan il\u0259 m\u00fcnasib\u0259tl\u0259rd\u0259n sui-istifad\u0259 edir\u201d. \u201cReport\u201d x\u0259b\u0259r verir ki, bunu Rusiyan\u0131n xarici i\u015fl\u0259r naziri Sergey Lavrov Az\u0259rbaycan\u0131n xarici i\u015fl\u0259r naziri Ceyhun Bayramov il\u0259 birg\u0259 m\u0259tbuat konfrans\u0131nda deyib. \u201cAvropa \u0130ttifaq\u0131 Erm\u0259nistan \u0259razisin\u0259 v\u0259t\u0259nda\u015f missiyas\u0131 g\u00f6nd\u0259rm\u0259kl\u0259 Az\u0259rbaycan v\u0259 Erm\u0259nistan il\u0259 m\u00fcnasib\u0259tl\u0259rind\u0259n a\u00e7\u0131q-a\u015fkar sui-istifad\u0259 edir ki, bu da s\u00fclh prosesi istiqam\u0259tind\u0259 s\u0259y g\u00f6st\u0259rilm\u0259sini \u015f\u00fcbh\u0259 alt\u0131na al\u0131r\u201d, &#8211; Lavrov bildirib.<\/p>\n","protected":false},"author":2,"featured_media":570524,"comment_status":"closed","ping_status":"closed","sticky":false,"template":"","format":"standard","meta":{"om_disable_all_campaigns":false,"_monsterinsights_skip_tracking":false,"_monsterinsights_sitenote_active":false,"_monsterinsights_sitenote_note":"","_monsterinsights_sitenote_category":0},"categories":[4],"tags":[],"aioseo_notices":[],"gutentor_comment":0,"rttpg_featured_image_url":{"full":["https:\/\/arantv.az\/wp-content\/uploads\/2023\/02\/l3.jpg",620,413,false],"landscape":["https:\/\/arantv.az\/wp-content\/uploads\/2023\/02\/l3.jpg",620,413,false],"portraits":["https:\/\/arantv.az\/wp-content\/uploads\/2023\/02\/l3.jpg",620,413,false],"thumbnail":["https:\/\/arantv.az\/wp-content\/uploads\/2023\/02\/l3-500x280.jpg",500,280,true],"medium":["https:\/\/arantv.az\/wp-content\/uploads\/2023\/02\/l3-548x365.jpg",548,365,true],"large":["https:\/\/arantv.az\/wp-content\/uploads\/2023\/02\/l3.jpg",620,413,false],"1536x1536":["https:\/\/arantv.az\/wp-content\/uploads\/2023\/02\/l3.jpg",620,413,false],"2048x2048":["https:\/\/arantv.az\/wp-content\/uploads\/2023\/02\/l3.jpg",620,413,false],"post-thumbnail":["https:\/\/arantv.az\/wp-content\/uploads\/2023\/02\/l3-240x172.jpg",240,172,true],"advps-thumb-one":["https:\/\/arantv.az\/wp-content\/uploads\/2023\/02\/l3.jpg",620,413,false]},"rttpg_author":{"display_name":"V\u00fcsal Rafiqo\u011flu","author_link":"https:\/\/arantv.az\/?author=2"},"rttpg_comment":0,"rttpg_category":"<a href=\"https:\/\/arantv.az\/?cat=4\" rel=\"category\">Siyas\u0259t<\/a>","rttpg_excerpt":"\u201cAvropa \u0130ttifaq\u0131 (A\u0130) Erm\u0259nistan \u0259razisin\u0259 v\u0259t\u0259nda\u015f missiyas\u0131 g\u00f6nd\u0259rm\u0259kl\u0259 Az\u0259rbaycan v\u0259 Erm\u0259nistan il\u0259 m\u00fcnasib\u0259tl\u0259rd\u0259n sui-istifad\u0259 edir\u201d. \u201cReport\u201d x\u0259b\u0259r verir ki, bunu Rusiyan\u0131n xarici i\u015fl\u0259r naziri Sergey Lavrov Az\u0259rbaycan\u0131n xarici i\u015fl\u0259r naziri Ceyhun Bayramov il\u0259 birg\u0259 m\u0259tbuat konfrans\u0131nda deyib. \u201cAvropa \u0130ttifaq\u0131 Erm\u0259nistan \u0259razisin\u0259 v\u0259t\u0259nda\u015f missiyas\u0131 g\u00f6nd\u0259rm\u0259kl\u0259 Az\u0259rbaycan v\u0259 Erm\u0259nistan il\u0259 m\u00fcnasib\u0259tl\u0259rind\u0259n a\u00e7\u0131q-a\u015fkar sui-istifad\u0259 edir ki, bu da&hellip;","_links":{"self":[{"href":"https:\/\/arantv.az\/index.php?rest_route=\/wp\/v2\/posts\/570523"}],"collection":[{"href":"https:\/\/arantv.az\/index.php?rest_route=\/wp\/v2\/posts"}],"about":[{"href":"https:\/\/arantv.az\/index.php?rest_route=\/wp\/v2\/types\/post"}],"author":[{"embeddable":true,"href":"https:\/\/arantv.az\/index.php?rest_route=\/wp\/v2\/users\/2"}],"replies":[{"embeddable":true,"href":"https:\/\/arantv.az\/index.php?rest_route=%2Fwp%2Fv2%2Fcomments&post=570523"}],"version-history":[{"count":0,"href":"https:\/\/arantv.az\/index.php?rest_route=\/wp\/v2\/posts\/570523\/revisions"}],"wp:featuredmedia":[{"embeddable":true,"href":"https:\/\/arantv.az\/index.php?rest_route=\/wp\/v2\/media\/570524"}],"wp:attachment":[{"href":"https:\/\/arantv.az\/index.php?rest_route=%2Fwp%2Fv2%2Fmedia&parent=570523"}],"wp:term":[{"taxonomy":"category","embeddable":true,"href":"https:\/\/arantv.az\/index.php?rest_route=%2Fwp%2Fv2%2Fcategories&post=570523"},{"taxonomy":"post_tag","embeddable":true,"href":"https:\/\/arantv.az\/index.php?rest_route=%2Fwp%2Fv2%2Ftags&post=570523"}],"curies":[{"name":"wp","href":"https:\/\/api.w.org\/{rel}","templated":true}]}}