{"id":570535,"date":"2023-02-28T14:58:35","date_gmt":"2023-02-28T11:58:35","guid":{"rendered":"https:\/\/arantv.az\/?p=570535"},"modified":"2023-02-28T14:58:35","modified_gmt":"2023-02-28T11:58:35","slug":"lavrov-rusiya-az%c9%99rbaycan-erm%c9%99nistan-sulh-muqavil%c9%99si-danisiqlarinin-t%c9%99skilin%c9%99-kom%c9%99k-etm%c9%99y%c9%99-hazirdir","status":"publish","type":"post","link":"https:\/\/arantv.az\/?p=570535","title":{"rendered":"Lavrov: \u201cRusiya Az\u0259rbaycan-Erm\u0259nistan s\u00fclh m\u00fcqavil\u0259si dan\u0131\u015f\u0131qlar\u0131n\u0131n t\u0259\u015fkilin\u0259 k\u00f6m\u0259k etm\u0259y\u0259 haz\u0131rd\u0131r\u201d"},"content":{"rendered":"<p>\u201cRusiya Az\u0259rbaycan v\u0259 Erm\u0259nistan aras\u0131nda s\u00fclh m\u00fcqavil\u0259si \u00fczr\u0259 dan\u0131\u015f\u0131qlar\u0131n t\u0259\u015fkilin\u0259 k\u00f6m\u0259k etm\u0259y\u0259 haz\u0131rd\u0131r, lakin \u00f6z xidm\u0259tl\u0259rini t\u0259kidl\u0259 t\u0259klif etm\u0259y\u0259c\u0259k\u201d.<\/p>\n<div class=\"AdviadNativeVideo\"><\/div>\n<p>\u201cReport\u201d x\u0259b\u0259r verir ki, bunu Rusiyan\u0131n xarici i\u015fl\u0259r naziri Sergey Lavrov Az\u0259rbaycan\u0131n xarici i\u015fl\u0259r naziri Ceyhun Bayramov il\u0259 birg\u0259 m\u0259tbuat konfrans\u0131nda deyib.<\/p>\n<p>Onun s\u00f6zl\u0259rin\u0259 g\u00f6r\u0259, Az\u0259rbaycan t\u0259r\u0259fi buna haz\u0131r oldu\u011funu bildirib, Erm\u0259nistan t\u0259r\u0259fi is\u0259 etiraz etmir, lakin h\u0259l\u0259lik yekun raz\u0131l\u0131q vermir.<\/p>\n<p>\u201cBiz Erm\u0259nistan v\u0259 Az\u0259rbaycan aras\u0131nda bel\u0259 g\u00f6r\u00fc\u015fl\u0259rin davam etdirilm\u0259si \u00fc\u00e7\u00fcn imkanlar yaratma\u011fa haz\u0131r oldu\u011fumuzu bir daha t\u0259sdiql\u0259dik\u201d, &#8211; Lavrov bildirib.<\/p>\n","protected":false},"excerpt":{"rendered":"<p>\u201cRusiya Az\u0259rbaycan v\u0259 Erm\u0259nistan aras\u0131nda s\u00fclh m\u00fcqavil\u0259si \u00fczr\u0259 dan\u0131\u015f\u0131qlar\u0131n t\u0259\u015fkilin\u0259 k\u00f6m\u0259k etm\u0259y\u0259 haz\u0131rd\u0131r, lakin \u00f6z xidm\u0259tl\u0259rini t\u0259kidl\u0259 t\u0259klif etm\u0259y\u0259c\u0259k\u201d. \u201cReport\u201d x\u0259b\u0259r verir ki, bunu Rusiyan\u0131n xarici i\u015fl\u0259r naziri Sergey Lavrov Az\u0259rbaycan\u0131n xarici i\u015fl\u0259r naziri Ceyhun Bayramov il\u0259 birg\u0259 m\u0259tbuat konfrans\u0131nda deyib. Onun s\u00f6zl\u0259rin\u0259 g\u00f6r\u0259, Az\u0259rbaycan t\u0259r\u0259fi buna haz\u0131r oldu\u011funu bildirib, Erm\u0259nistan t\u0259r\u0259fi is\u0259 etiraz etmir, lakin h\u0259l\u0259lik yekun raz\u0131l\u0131q vermir. \u201cBiz Erm\u0259nistan v\u0259 Az\u0259rbaycan aras\u0131nda bel\u0259 g\u00f6r\u00fc\u015fl\u0259rin davam etdirilm\u0259si \u00fc\u00e7\u00fcn imkanlar yaratma\u011fa haz\u0131r oldu\u011fumuzu bir daha t\u0259sdiql\u0259dik\u201d, &#8211; Lavrov bildirib.<\/p>\n","protected":false},"author":2,"featured_media":570536,"comment_status":"closed","ping_status":"closed","sticky":false,"template":"","format":"standard","meta":{"om_disable_all_campaigns":false,"_monsterinsights_skip_tracking":false,"_monsterinsights_sitenote_active":false,"_monsterinsights_sitenote_note":"","_monsterinsights_sitenote_category":0},"categories":[4],"tags":[],"aioseo_notices":[],"gutentor_comment":0,"rttpg_featured_image_url":{"full":["https:\/\/arantv.az\/wp-content\/uploads\/2023\/02\/l1.jpg",620,413,false],"landscape":["https:\/\/arantv.az\/wp-content\/uploads\/2023\/02\/l1.jpg",620,413,false],"portraits":["https:\/\/arantv.az\/wp-content\/uploads\/2023\/02\/l1.jpg",620,413,false],"thumbnail":["https:\/\/arantv.az\/wp-content\/uploads\/2023\/02\/l1-500x280.jpg",500,280,true],"medium":["https:\/\/arantv.az\/wp-content\/uploads\/2023\/02\/l1-548x365.jpg",548,365,true],"large":["https:\/\/arantv.az\/wp-content\/uploads\/2023\/02\/l1.jpg",620,413,false],"1536x1536":["https:\/\/arantv.az\/wp-content\/uploads\/2023\/02\/l1.jpg",620,413,false],"2048x2048":["https:\/\/arantv.az\/wp-content\/uploads\/2023\/02\/l1.jpg",620,413,false],"post-thumbnail":["https:\/\/arantv.az\/wp-content\/uploads\/2023\/02\/l1-240x172.jpg",240,172,true],"advps-thumb-one":["https:\/\/arantv.az\/wp-content\/uploads\/2023\/02\/l1.jpg",620,413,false]},"rttpg_author":{"display_name":"V\u00fcsal Rafiqo\u011flu","author_link":"https:\/\/arantv.az\/?author=2"},"rttpg_comment":0,"rttpg_category":"<a href=\"https:\/\/arantv.az\/?cat=4\" rel=\"category\">Siyas\u0259t<\/a>","rttpg_excerpt":"\u201cRusiya Az\u0259rbaycan v\u0259 Erm\u0259nistan aras\u0131nda s\u00fclh m\u00fcqavil\u0259si \u00fczr\u0259 dan\u0131\u015f\u0131qlar\u0131n t\u0259\u015fkilin\u0259 k\u00f6m\u0259k etm\u0259y\u0259 haz\u0131rd\u0131r, lakin \u00f6z xidm\u0259tl\u0259rini t\u0259kidl\u0259 t\u0259klif etm\u0259y\u0259c\u0259k\u201d. \u201cReport\u201d x\u0259b\u0259r verir ki, bunu Rusiyan\u0131n xarici i\u015fl\u0259r naziri Sergey Lavrov Az\u0259rbaycan\u0131n xarici i\u015fl\u0259r naziri Ceyhun Bayramov il\u0259 birg\u0259 m\u0259tbuat konfrans\u0131nda deyib. Onun s\u00f6zl\u0259rin\u0259 g\u00f6r\u0259, Az\u0259rbaycan t\u0259r\u0259fi buna haz\u0131r oldu\u011funu bildirib, Erm\u0259nistan t\u0259r\u0259fi is\u0259 etiraz etmir,&hellip;","_links":{"self":[{"href":"https:\/\/arantv.az\/index.php?rest_route=\/wp\/v2\/posts\/570535"}],"collection":[{"href":"https:\/\/arantv.az\/index.php?rest_route=\/wp\/v2\/posts"}],"about":[{"href":"https:\/\/arantv.az\/index.php?rest_route=\/wp\/v2\/types\/post"}],"author":[{"embeddable":true,"href":"https:\/\/arantv.az\/index.php?rest_route=\/wp\/v2\/users\/2"}],"replies":[{"embeddable":true,"href":"https:\/\/arantv.az\/index.php?rest_route=%2Fwp%2Fv2%2Fcomments&post=570535"}],"version-history":[{"count":0,"href":"https:\/\/arantv.az\/index.php?rest_route=\/wp\/v2\/posts\/570535\/revisions"}],"wp:featuredmedia":[{"embeddable":true,"href":"https:\/\/arantv.az\/index.php?rest_route=\/wp\/v2\/media\/570536"}],"wp:attachment":[{"href":"https:\/\/arantv.az\/index.php?rest_route=%2Fwp%2Fv2%2Fmedia&parent=570535"}],"wp:term":[{"taxonomy":"category","embeddable":true,"href":"https:\/\/arantv.az\/index.php?rest_route=%2Fwp%2Fv2%2Fcategories&post=570535"},{"taxonomy":"post_tag","embeddable":true,"href":"https:\/\/arantv.az\/index.php?rest_route=%2Fwp%2Fv2%2Ftags&post=570535"}],"curies":[{"name":"wp","href":"https:\/\/api.w.org\/{rel}","templated":true}]}}