{"id":570544,"date":"2023-02-28T15:01:08","date_gmt":"2023-02-28T12:01:08","guid":{"rendered":"https:\/\/arantv.az\/?p=570544"},"modified":"2023-02-28T15:01:08","modified_gmt":"2023-02-28T12:01:08","slug":"m%c9%99d%c9%99niyy%c9%99t-nazirliyi-az%c9%99rbaycan-r%c9%99ssamlarinin-%c9%99s%c9%99rl%c9%99rinin-xaricd%c9%99-satilmasina-munasib%c9%99t-bildirib","status":"publish","type":"post","link":"https:\/\/arantv.az\/?p=570544","title":{"rendered":"M\u0259d\u0259niyy\u0259t Nazirliyi Az\u0259rbaycan r\u0259ssamlar\u0131n\u0131n \u0259s\u0259rl\u0259rinin xaricd\u0259 sat\u0131lmas\u0131na m\u00fcnasib\u0259t bildirib"},"content":{"rendered":"<p>\u201cEl\u0259 r\u0259sm \u0259s\u0259rl\u0259rimiz var ki, onlar\u0131 d\u00fcnyaya \u00e7atd\u0131rmaq laz\u0131md\u0131r. El\u0259 \u0259s\u0259rl\u0259r d\u0259 var ki, \u00f6z fondumuzda saxlan\u0131lmal\u0131d\u0131r\u201d.<\/p>\n<p>APA-n\u0131n x\u0259b\u0259rin\u0259 g\u00f6r\u0259, bunu bu g\u00fcn Milli M\u0259clisin M\u0259d\u0259niyy\u0259t komit\u0259si il\u0259 M\u0259d\u0259niyy\u0259t Nazirliyi v\u0259 \u018fqli M\u00fclkiyy\u0259t Agentliyinin t\u0259\u015fkil etdiyi birg\u0259 ictimai dinl\u0259m\u0259l\u0259r zaman\u0131 Az\u0259rbaycan\u0131n m\u0259\u015fhur r\u0259ssamlar\u0131n\u0131n \u0259s\u0259rl\u0259rinin xaricd\u0259 sat\u0131lmas\u0131 il\u0259 ba\u011fl\u0131 m\u0259s\u0259l\u0259y\u0259 toxunan M\u0259d\u0259niyy\u0259t Nazirliyi Aparat\u0131n\u0131n H\u00fcquq \u015f\u00f6b\u0259sinin ba\u015f m\u0259sl\u0259h\u0259t\u00e7isi \u00dclviyy\u0259 F\u0259r\u0259cova deyib.<\/p>\n<p>\u00dclviyy\u0259 F\u0259r\u0259cova bildirib ki, r\u0259sm \u0259s\u0259rl\u0259rinin t\u0259qlidi \u00e7ox b\u00f6y\u00fck v\u00fcs\u0259t tap\u0131b:<\/p>\n<p>\u201cBilinmir ki, \u0259s\u0259rin \u0259slidir, ya sur\u0259ti. Bu zaman milli t\u0259hl\u00fck\u0259sizlik problemi ya\u015fay\u0131r\u0131q. D\u00fc\u015f\u00fcn\u00fcr\u0259m ki, \u00f6lk\u0259miz\u0259, xalq\u0131m\u0131za m\u0259xsus olan \u0259s\u0259rl\u0259r\u0259 daha \u00e7ox diqq\u0259t edilm\u0259li v\u0259 \u00f6z\u00fcm\u00fczd\u0259 qalmal\u0131d\u0131r\u201d.<\/p>\n","protected":false},"excerpt":{"rendered":"<p>\u201cEl\u0259 r\u0259sm \u0259s\u0259rl\u0259rimiz var ki, onlar\u0131 d\u00fcnyaya \u00e7atd\u0131rmaq laz\u0131md\u0131r. El\u0259 \u0259s\u0259rl\u0259r d\u0259 var ki, \u00f6z fondumuzda saxlan\u0131lmal\u0131d\u0131r\u201d. APA-n\u0131n x\u0259b\u0259rin\u0259 g\u00f6r\u0259, bunu bu g\u00fcn Milli M\u0259clisin M\u0259d\u0259niyy\u0259t komit\u0259si il\u0259 M\u0259d\u0259niyy\u0259t Nazirliyi v\u0259 \u018fqli M\u00fclkiyy\u0259t Agentliyinin t\u0259\u015fkil etdiyi birg\u0259 ictimai dinl\u0259m\u0259l\u0259r zaman\u0131 Az\u0259rbaycan\u0131n m\u0259\u015fhur r\u0259ssamlar\u0131n\u0131n \u0259s\u0259rl\u0259rinin xaricd\u0259 sat\u0131lmas\u0131 il\u0259 ba\u011fl\u0131 m\u0259s\u0259l\u0259y\u0259 toxunan M\u0259d\u0259niyy\u0259t Nazirliyi Aparat\u0131n\u0131n H\u00fcquq \u015f\u00f6b\u0259sinin ba\u015f m\u0259sl\u0259h\u0259t\u00e7isi \u00dclviyy\u0259 F\u0259r\u0259cova deyib. \u00dclviyy\u0259 F\u0259r\u0259cova bildirib ki, r\u0259sm \u0259s\u0259rl\u0259rinin t\u0259qlidi \u00e7ox b\u00f6y\u00fck v\u00fcs\u0259t tap\u0131b: \u201cBilinmir ki, \u0259s\u0259rin \u0259slidir, ya sur\u0259ti. Bu zaman milli t\u0259hl\u00fck\u0259sizlik problemi ya\u015fay\u0131r\u0131q. D\u00fc\u015f\u00fcn\u00fcr\u0259m ki, \u00f6lk\u0259miz\u0259, xalq\u0131m\u0131za m\u0259xsus olan \u0259s\u0259rl\u0259r\u0259&hellip;<\/p>\n","protected":false},"author":2,"featured_media":570545,"comment_status":"closed","ping_status":"closed","sticky":false,"template":"","format":"standard","meta":{"om_disable_all_campaigns":false,"_monsterinsights_skip_tracking":false,"_monsterinsights_sitenote_active":false,"_monsterinsights_sitenote_note":"","_monsterinsights_sitenote_category":0},"categories":[1],"tags":[],"aioseo_notices":[],"gutentor_comment":0,"rttpg_featured_image_url":{"full":["https:\/\/arantv.az\/wp-content\/uploads\/2023\/02\/63fdc7698be7263fdc7698be73167757604163fdc7698be7063fdc7698be71.jpg",620,413,false],"landscape":["https:\/\/arantv.az\/wp-content\/uploads\/2023\/02\/63fdc7698be7263fdc7698be73167757604163fdc7698be7063fdc7698be71.jpg",620,413,false],"portraits":["https:\/\/arantv.az\/wp-content\/uploads\/2023\/02\/63fdc7698be7263fdc7698be73167757604163fdc7698be7063fdc7698be71.jpg",620,413,false],"thumbnail":["https:\/\/arantv.az\/wp-content\/uploads\/2023\/02\/63fdc7698be7263fdc7698be73167757604163fdc7698be7063fdc7698be71-500x280.jpg",500,280,true],"medium":["https:\/\/arantv.az\/wp-content\/uploads\/2023\/02\/63fdc7698be7263fdc7698be73167757604163fdc7698be7063fdc7698be71-548x365.jpg",548,365,true],"large":["https:\/\/arantv.az\/wp-content\/uploads\/2023\/02\/63fdc7698be7263fdc7698be73167757604163fdc7698be7063fdc7698be71.jpg",620,413,false],"1536x1536":["https:\/\/arantv.az\/wp-content\/uploads\/2023\/02\/63fdc7698be7263fdc7698be73167757604163fdc7698be7063fdc7698be71.jpg",620,413,false],"2048x2048":["https:\/\/arantv.az\/wp-content\/uploads\/2023\/02\/63fdc7698be7263fdc7698be73167757604163fdc7698be7063fdc7698be71.jpg",620,413,false],"post-thumbnail":["https:\/\/arantv.az\/wp-content\/uploads\/2023\/02\/63fdc7698be7263fdc7698be73167757604163fdc7698be7063fdc7698be71-240x172.jpg",240,172,true],"advps-thumb-one":["https:\/\/arantv.az\/wp-content\/uploads\/2023\/02\/63fdc7698be7263fdc7698be73167757604163fdc7698be7063fdc7698be71.jpg",620,413,false]},"rttpg_author":{"display_name":"V\u00fcsal Rafiqo\u011flu","author_link":"https:\/\/arantv.az\/?author=2"},"rttpg_comment":0,"rttpg_category":"<a href=\"https:\/\/arantv.az\/?cat=1\" rel=\"category\">C\u0259miyy\u0259t<\/a>","rttpg_excerpt":"\u201cEl\u0259 r\u0259sm \u0259s\u0259rl\u0259rimiz var ki, onlar\u0131 d\u00fcnyaya \u00e7atd\u0131rmaq laz\u0131md\u0131r. El\u0259 \u0259s\u0259rl\u0259r d\u0259 var ki, \u00f6z fondumuzda saxlan\u0131lmal\u0131d\u0131r\u201d. APA-n\u0131n x\u0259b\u0259rin\u0259 g\u00f6r\u0259, bunu bu g\u00fcn Milli M\u0259clisin M\u0259d\u0259niyy\u0259t komit\u0259si il\u0259 M\u0259d\u0259niyy\u0259t Nazirliyi v\u0259 \u018fqli M\u00fclkiyy\u0259t Agentliyinin t\u0259\u015fkil etdiyi birg\u0259 ictimai dinl\u0259m\u0259l\u0259r zaman\u0131 Az\u0259rbaycan\u0131n m\u0259\u015fhur r\u0259ssamlar\u0131n\u0131n \u0259s\u0259rl\u0259rinin xaricd\u0259 sat\u0131lmas\u0131 il\u0259 ba\u011fl\u0131 m\u0259s\u0259l\u0259y\u0259 toxunan M\u0259d\u0259niyy\u0259t Nazirliyi Aparat\u0131n\u0131n H\u00fcquq \u015f\u00f6b\u0259sinin&hellip;","_links":{"self":[{"href":"https:\/\/arantv.az\/index.php?rest_route=\/wp\/v2\/posts\/570544"}],"collection":[{"href":"https:\/\/arantv.az\/index.php?rest_route=\/wp\/v2\/posts"}],"about":[{"href":"https:\/\/arantv.az\/index.php?rest_route=\/wp\/v2\/types\/post"}],"author":[{"embeddable":true,"href":"https:\/\/arantv.az\/index.php?rest_route=\/wp\/v2\/users\/2"}],"replies":[{"embeddable":true,"href":"https:\/\/arantv.az\/index.php?rest_route=%2Fwp%2Fv2%2Fcomments&post=570544"}],"version-history":[{"count":0,"href":"https:\/\/arantv.az\/index.php?rest_route=\/wp\/v2\/posts\/570544\/revisions"}],"wp:featuredmedia":[{"embeddable":true,"href":"https:\/\/arantv.az\/index.php?rest_route=\/wp\/v2\/media\/570545"}],"wp:attachment":[{"href":"https:\/\/arantv.az\/index.php?rest_route=%2Fwp%2Fv2%2Fmedia&parent=570544"}],"wp:term":[{"taxonomy":"category","embeddable":true,"href":"https:\/\/arantv.az\/index.php?rest_route=%2Fwp%2Fv2%2Fcategories&post=570544"},{"taxonomy":"post_tag","embeddable":true,"href":"https:\/\/arantv.az\/index.php?rest_route=%2Fwp%2Fv2%2Ftags&post=570544"}],"curies":[{"name":"wp","href":"https:\/\/api.w.org\/{rel}","templated":true}]}}