{"id":57078,"date":"2019-05-11T14:03:30","date_gmt":"2019-05-11T11:03:30","guid":{"rendered":"http:\/\/arantv.az\/?p=57078"},"modified":"2019-05-11T14:03:30","modified_gmt":"2019-05-11T11:03:30","slug":"nazirlik-bu-s%c9%99xsl%c9%99rin-t%c9%99qaudunun-gecikm%c9%99sinin-s%c9%99b%c9%99bini-aciqlayib","status":"publish","type":"post","link":"https:\/\/arantv.az\/?p=57078","title":{"rendered":"Nazirlik bu \u015f\u0259xsl\u0259rin t\u0259qa\u00fcd\u00fcn\u00fcn gecikm\u0259sinin s\u0259b\u0259bini a\u00e7\u0131qlay\u0131b"},"content":{"rendered":"<p>&#8220;I d\u0259r\u0259c\u0259 \u0259lilliyi olan \u015f\u0259xsl\u0259r\u0259 qulluq ed\u0259nl\u0259r \u00fc\u00e7\u00fcn aprelin 1-d\u0259n 50 manat t\u0259qa\u00fcd t\u0259sis edilib. Bu o dem\u0259kdir ki, h\u0259min \u015f\u0259xsl\u0259rin \u0259m\u0259k pensiyas\u0131 hesablanark\u0259n onlara qulluq \u00fc\u00e7\u00fcn \u0259lav\u0259 edilmi\u015f 11 manat m\u0259bl\u0259\u011f ayr\u0131ca formada 50 manatl\u0131q t\u0259qa\u00fcdl\u0259 \u0259v\u0259z olunub&#8221;.<\/p>\n<p><b>ARANTV.AZ\u00a0<\/b>x\u0259b\u0259r verir ki, bunu \u018fm\u0259k v\u0259 \u018fhalinin Sosial M\u00fcdafi\u0259si Nazirliyinin \u0130ctimaiyy\u0259tl\u0259 \u0259laq\u0259l\u0259r v\u0259 kommunikasiya \u015f\u00f6b\u0259sinin m\u00fcdiri Fazil Tal\u0131bov bildirib.<\/p>\n<p>O deyib ki, ona g\u00f6r\u0259 d\u0259 I d\u0259r\u0259c\u0259 \u0259lilliyi olan \u015f\u0259xsl\u0259r\u0259 may ay\u0131n\u0131n pensiyas\u0131 veril\u0259rk\u0259n aprel v\u0259 may aylar\u0131n\u0131n h\u0259r biri \u00fc\u00e7\u00fcn h\u0259min 11 manat (\u00fcmumilikd\u0259 22 manat) dayand\u0131r\u0131l\u0131b, bunun \u0259v\u0259zind\u0259 is\u0259 may ay\u0131n\u0131n t\u0259qa\u00fcdl\u0259ri veril\u0259rk\u0259n I d\u0259r\u0259c\u0259 \u0259lilliyi olan \u015f\u0259xsl\u0259r\u0259 qulluq ed\u0259nl\u0259r\u0259 aprel v\u0259 may aylar\u0131n\u0131n h\u0259r biri \u00fc\u00e7\u00fcn 50 manat (\u00fcmumilikd\u0259 100 manat) \u00f6d\u0259nil\u0259c\u0259kdir: &#8220;Bunun \u00fc\u00e7\u00fcn d\u0259 I d\u0259r\u0259c\u0259 \u0259lilliyi olan \u015f\u0259xsl\u0259ri narahat olmama\u011f\u0131 t\u00f6vsiy\u0259 edirik v\u0259 yax\u0131n g\u00fcnl\u0259rd\u0259 onlardan yaln\u0131z bir \u0259riz\u0259 (onlara qulluq ed\u0259nin kimliyini m\u00fc\u0259yy\u0259n etm\u0259k \u00fc\u00e7\u00fcn) \u0259riz\u0259 q\u0259bul olunmaqla, aprel v\u0259 may aylar\u0131 \u00fczr\u0259 100 manat (50+50) t\u0259qa\u00fcd\u00fcn \u00f6d\u0259nil\u0259c\u0259yini bildiririk&#8221;.big.az<\/p>\n","protected":false},"excerpt":{"rendered":"<p>&#8220;I d\u0259r\u0259c\u0259 \u0259lilliyi olan \u015f\u0259xsl\u0259r\u0259 qulluq ed\u0259nl\u0259r \u00fc\u00e7\u00fcn aprelin 1-d\u0259n 50 manat t\u0259qa\u00fcd t\u0259sis edilib. Bu o dem\u0259kdir ki, h\u0259min \u015f\u0259xsl\u0259rin \u0259m\u0259k pensiyas\u0131 hesablanark\u0259n onlara qulluq \u00fc\u00e7\u00fcn \u0259lav\u0259 edilmi\u015f 11 manat m\u0259bl\u0259\u011f ayr\u0131ca formada 50 manatl\u0131q t\u0259qa\u00fcdl\u0259 \u0259v\u0259z olunub&#8221;. ARANTV.AZ\u00a0x\u0259b\u0259r verir ki, bunu \u018fm\u0259k v\u0259 \u018fhalinin Sosial M\u00fcdafi\u0259si Nazirliyinin \u0130ctimaiyy\u0259tl\u0259 \u0259laq\u0259l\u0259r v\u0259 kommunikasiya \u015f\u00f6b\u0259sinin m\u00fcdiri Fazil Tal\u0131bov bildirib. O deyib ki, ona g\u00f6r\u0259 d\u0259 I d\u0259r\u0259c\u0259 \u0259lilliyi olan \u015f\u0259xsl\u0259r\u0259 may ay\u0131n\u0131n pensiyas\u0131 veril\u0259rk\u0259n aprel v\u0259 may aylar\u0131n\u0131n h\u0259r biri \u00fc\u00e7\u00fcn h\u0259min 11 manat (\u00fcmumilikd\u0259 22 manat) dayand\u0131r\u0131l\u0131b, bunun \u0259v\u0259zind\u0259 is\u0259&hellip;<\/p>\n","protected":false},"author":2,"featured_media":57079,"comment_status":"closed","ping_status":"closed","sticky":false,"template":"","format":"standard","meta":{"om_disable_all_campaigns":false,"_monsterinsights_skip_tracking":false,"_monsterinsights_sitenote_active":false,"_monsterinsights_sitenote_note":"","_monsterinsights_sitenote_category":0},"categories":[1],"tags":[],"aioseo_notices":[],"gutentor_comment":0,"rttpg_featured_image_url":{"full":["https:\/\/arantv.az\/wp-content\/uploads\/2019\/05\/150056531116219419_1000x669.jpg",649,365,false],"landscape":["https:\/\/arantv.az\/wp-content\/uploads\/2019\/05\/150056531116219419_1000x669.jpg",649,365,false],"portraits":["https:\/\/arantv.az\/wp-content\/uploads\/2019\/05\/150056531116219419_1000x669.jpg",649,365,false],"thumbnail":["https:\/\/arantv.az\/wp-content\/uploads\/2019\/05\/150056531116219419_1000x669-150x150.jpg",150,150,true],"medium":["https:\/\/arantv.az\/wp-content\/uploads\/2019\/05\/150056531116219419_1000x669-300x169.jpg",300,169,true],"large":["https:\/\/arantv.az\/wp-content\/uploads\/2019\/05\/150056531116219419_1000x669.jpg",640,360,false],"1536x1536":["https:\/\/arantv.az\/wp-content\/uploads\/2019\/05\/150056531116219419_1000x669.jpg",649,365,false],"2048x2048":["https:\/\/arantv.az\/wp-content\/uploads\/2019\/05\/150056531116219419_1000x669.jpg",649,365,false],"post-thumbnail":["https:\/\/arantv.az\/wp-content\/uploads\/2019\/05\/150056531116219419_1000x669-240x172.jpg",240,172,true],"advps-thumb-one":["https:\/\/arantv.az\/wp-content\/uploads\/2019\/05\/150056531116219419_1000x669.jpg",649,365,false]},"rttpg_author":{"display_name":"V\u00fcsal Rafiqo\u011flu","author_link":"https:\/\/arantv.az\/?author=2"},"rttpg_comment":0,"rttpg_category":"<a href=\"https:\/\/arantv.az\/?cat=1\" rel=\"category\">C\u0259miyy\u0259t<\/a>","rttpg_excerpt":"&#8220;I d\u0259r\u0259c\u0259 \u0259lilliyi olan \u015f\u0259xsl\u0259r\u0259 qulluq ed\u0259nl\u0259r \u00fc\u00e7\u00fcn aprelin 1-d\u0259n 50 manat t\u0259qa\u00fcd t\u0259sis edilib. Bu o dem\u0259kdir ki, h\u0259min \u015f\u0259xsl\u0259rin \u0259m\u0259k pensiyas\u0131 hesablanark\u0259n onlara qulluq \u00fc\u00e7\u00fcn \u0259lav\u0259 edilmi\u015f 11 manat m\u0259bl\u0259\u011f ayr\u0131ca formada 50 manatl\u0131q t\u0259qa\u00fcdl\u0259 \u0259v\u0259z olunub&#8221;. ARANTV.AZ\u00a0x\u0259b\u0259r verir ki, bunu \u018fm\u0259k v\u0259 \u018fhalinin Sosial M\u00fcdafi\u0259si Nazirliyinin \u0130ctimaiyy\u0259tl\u0259 \u0259laq\u0259l\u0259r v\u0259 kommunikasiya \u015f\u00f6b\u0259sinin m\u00fcdiri&hellip;","_links":{"self":[{"href":"https:\/\/arantv.az\/index.php?rest_route=\/wp\/v2\/posts\/57078"}],"collection":[{"href":"https:\/\/arantv.az\/index.php?rest_route=\/wp\/v2\/posts"}],"about":[{"href":"https:\/\/arantv.az\/index.php?rest_route=\/wp\/v2\/types\/post"}],"author":[{"embeddable":true,"href":"https:\/\/arantv.az\/index.php?rest_route=\/wp\/v2\/users\/2"}],"replies":[{"embeddable":true,"href":"https:\/\/arantv.az\/index.php?rest_route=%2Fwp%2Fv2%2Fcomments&post=57078"}],"version-history":[{"count":0,"href":"https:\/\/arantv.az\/index.php?rest_route=\/wp\/v2\/posts\/57078\/revisions"}],"wp:featuredmedia":[{"embeddable":true,"href":"https:\/\/arantv.az\/index.php?rest_route=\/wp\/v2\/media\/57079"}],"wp:attachment":[{"href":"https:\/\/arantv.az\/index.php?rest_route=%2Fwp%2Fv2%2Fmedia&parent=57078"}],"wp:term":[{"taxonomy":"category","embeddable":true,"href":"https:\/\/arantv.az\/index.php?rest_route=%2Fwp%2Fv2%2Fcategories&post=57078"},{"taxonomy":"post_tag","embeddable":true,"href":"https:\/\/arantv.az\/index.php?rest_route=%2Fwp%2Fv2%2Ftags&post=57078"}],"curies":[{"name":"wp","href":"https:\/\/api.w.org\/{rel}","templated":true}]}}