{"id":57090,"date":"2019-05-11T14:20:37","date_gmt":"2019-05-11T11:20:37","guid":{"rendered":"http:\/\/arantv.az\/?p=57090"},"modified":"2019-05-11T14:20:37","modified_gmt":"2019-05-11T11:20:37","slug":"40-bicaq-z%c9%99rb%c9%99si-il%c9%99-oldurul%c9%99n-emin-444-qulinin-dostu-imis-q%c9%99tli-gorun-kim-sifaris-verib","status":"publish","type":"post","link":"https:\/\/arantv.az\/?p=57090","title":{"rendered":"40 b\u0131\u00e7aq z\u0259rb\u0259si il\u0259 \u00f6ld\u00fcr\u00fcl\u0259n &#8220;Emin 444&#8221; Qulinin dostu imi\u015f &#8211; Q\u0259tli g\u00f6r\u00fcn kim S\u0130FAR\u0130\u015e VER\u0130B"},"content":{"rendered":"<p>Bak\u0131da kriminal dair\u0259l\u0259rd\u0259 \u201cEmin 444\u201d v\u0259 \u201cEmin Massalinksi\u201d l\u0259q\u0259bl\u0259ri il\u0259 tan\u0131nan kriminal avtoritet Emin S\u0259f\u0259rovun q\u0259tlind\u0259 alt\u0131 n\u0259f\u0259r i\u015ftirak edib.<\/p>\n<p><b>ARANTV.AZ\u00a0<\/b>\u00a0x\u0259b\u0259r verir ki, q\u0259tl qurban\u0131n\u0131n qarda\u015f\u0131 El\u00e7in S\u0259f\u0259rov Oxu.Az-a verdiyi a\u00e7\u0131qlamada q\u0259tlin ehtimal olunan sifari\u015f\u00e7isinin ad\u0131n\u0131 a\u00e7\u0131qlay\u0131b.<\/p>\n<p>Bundan \u0259vv\u0259l may\u0131n 10-a ke\u00e7\u0259n gec\u0259 Bin\u0259q\u0259di rayonunda, 6-c\u0131 mikrorayonun \u0130srafil H\u0259\u015fimov k\u00fc\u00e7\u0259sind\u0259 \u0259vv\u0259ll\u0259r m\u0259hkumlu\u011fu olan S\u0259f\u0259rov Emin Ehtiram o\u011flunun q\u0259tl\u0259 yetirildiyini x\u0259b\u0259r vermi\u015fdik. Bir ne\u00e7\u0259 n\u0259f\u0259r aras\u0131nda d\u00fc\u015f\u0259n davan\u0131n gedi\u015fat\u0131ndan E.S\u0259f\u0259rov \u00e7oxsayl\u0131 b\u0131\u00e7aq x\u0259sar\u0259tl\u0259ri al\u0131b v\u0259 hadis\u0259 yerind\u0259 ke\u00e7inib.<\/p>\n<p>\u0130lkin m\u0259lumata g\u00f6r\u0259, m\u0259hk\u0259m\u0259 tibbi ekspert m\u00fcayin\u0259si zaman\u0131 meyitin \u00fcz\u0259rind\u0259 40-a yax\u0131n b\u0131\u00e7aq yaras\u0131 a\u015fkarlan\u0131b. 7-ci polis b\u00f6lm\u0259sinin (Bin\u0259q\u0259di rayonu) \u0259m\u0259kda\u015flar\u0131 q\u0259tli t\u00f6r\u0259tm\u0259kd\u0259 \u015f\u00fcbh\u0259li bilin\u0259n \u2013 24 ya\u015fl\u0131 Nax\u00e7\u0131van sakini Ta\u011f\u0131yev H\u0259s\u0259n M\u0259rdan o\u011flunu saxlay\u0131b.<\/p>\n<p>Ancaq may\u0131n 11-d\u0259 m\u0259rhumun qarda\u015f\u0131 redaksiyaya z\u0259ng vuraraq, Emin Massalinskinin q\u0259tlin\u0259 kimin sifari\u015f verdiyini a\u00e7\u0131qlay\u0131b.<\/p>\n<p>El\u00e7in S\u0259f\u0259rovun s\u00f6zl\u0259rin\u0259 g\u00f6r\u0259, q\u0259tld\u0259n 10 g\u00fcn \u0259vv\u0259l qarda\u015f\u0131 v\u0259 6-c\u0131 mikrorayonda ya\u015fayan s\u0259l\u0259m\u00e7i Z.Y. aras\u0131nda ciddi m\u00fcnaqi\u015f\u0259 meydana g\u0259lib. Z.Y. Emin S\u0259f\u0259rovu g\u0259ncl\u0259ri yoldan \u00e7\u0131xarmas\u0131na bigan\u0259 qalmayaca\u011f\u0131na x\u0259b\u0259rdar edib. \u0130ddia olunur ki, Eminin q\u0259tlini Z. Y. sifari\u015f edib:<\/p>\n<div id=\"AdviadNativeVideo0\" class=\"AdviadNativeVideo\"><\/div>\n<p>\u201cQ\u0259tl gec\u0259si Emin idman\u00e7\u0131 dostlar\u0131 il\u0259 ma\u015f\u0131nda olub. Avtomobil\u0259 Z.-nin atas\u0131 \u018f.Y. yax\u0131nla\u015f\u0131b v\u0259 qarda\u015f\u0131mla s\u00f6hb\u0259t etm\u0259k \u00fc\u00e7\u00fcn onu bir k\u0259nara \u00e7\u0259kilm\u0259y\u0259 \u00e7a\u011f\u0131r\u0131b. Emin h\u0259r hans\u0131 t\u0259hl\u00fck\u0259 hiss etm\u0259diyind\u0259n, dostlar\u0131n\u0131 burax\u0131b. O t\u0259k qalanda \u00fcz\u0259rin\u0259 alt\u0131 n\u0259f\u0259r h\u00fccum \u00e7\u0259kib\u201d, -dey\u0259 El\u00e7in S\u0259f\u0259rov bildirib.<\/p>\n<p>Z\u0259r\u0259r\u00e7\u0259k\u0259n t\u0259r\u0259f iddia edir ki, cinay\u0259tkarlar ma\u015f\u0131na min\u0259r\u0259k, El\u00e7in\u0259 78 b\u0131\u00e7aq z\u0259rb\u0259si endirib. Onlar onu tros vasit\u0259sil\u0259 bo\u011fublar. B\u00fct\u00fcn bunlar m\u0259hk\u0259m\u0259-tibbi ekspert r\u0259yind\u0259 d\u0259 g\u00f6st\u0259rilib. Bundan ba\u015fqa, m\u00fcnaqi\u015f\u0259d\u0259 konkret \u015f\u0259xl\u0259rin i\u015ftirak etm\u0259sin\u0259 i\u015far\u0259 ed\u0259n \u201cWhatsApp\u201d yaz\u0131\u015fmalar var.<\/p>\n<p>El\u00e7in S\u0259f\u0259rovun bildirdiyin\u0259 g\u00f6r\u0259, yaln\u0131z bir n\u0259f\u0259r saxlan\u0131l\u0131b, qalan q\u0259tl i\u015ftirak\u00e7\u0131lar\u0131 is\u0259 azadl\u0131qdad\u0131r. O \u0259min edir ki, bir ne\u00e7\u0259 \u015f\u0259xsin q\u0259tld\u0259 i\u015ftirak etm\u0259si fakt\u0131n\u0131 t\u0259sdiq ed\u0259 bil\u0259c\u0259k \u015fahidl\u0259r var.<\/p>\n<p>Qeyd ed\u0259k ki, may\u0131n 11-d\u0259 El\u00e7in S\u0259f\u0259rovu ifad\u0259 verm\u0259k \u00fc\u00e7\u00fcn rayon prokurorlu\u011funa \u00e7a\u011f\u0131r\u0131blar.<\/p>\n<p>\u018fld\u0259 etdiyimiz m\u0259lumata g\u00f6r\u0259, \u201cEmin 444\u201d (onu s\u00fcrd\u00fcy\u00fc avtomobilin d\u00f6vl\u0259t n\u00f6mr\u0259 ni\u015fan\u0131ndak\u0131 r\u0259q\u0259ml\u0259r\u0259 g\u00f6r\u0259 bel\u0259 adland\u0131r\u0131blar), kriminal dair\u0259l\u0259rd\u0259 avtoritet\u0259 malik olub, bel\u0259 ki, qanuni o\u011fru Nadir S\u0259lifov (Lotu Quli &#8211; haz\u0131rda Dubayda ya\u015fay\u0131r) qrupla\u015fmas\u0131na aid olub, Emin Massallinski l\u0259q\u0259bi il\u0259 tan\u0131n\u0131b. Bundan ba\u015fqa, m\u0259rhumun qarda\u015f\u0131n\u0131n dediyin\u0259 g\u00f6r\u0259, Emin Qulinin yax\u0131n dostu olub, onunla eyni h\u0259bsxanada \u2013 8 sayl\u0131 ciddi rejimli c\u0259za\u00e7\u0259km\u0259 m\u00fc\u0259ssis\u0259sind\u0259 c\u0259za \u00e7\u0259kib.<\/p>\n<p>Emin S\u0259f\u0259rovun ad\u0131 2013-c\u00fc ilin yanvar ay\u0131nda qald\u0131r\u0131lm\u0131\u015f cinay\u0259t i\u015find\u0259 &#8211; V\u00fcqar Orucovun q\u0259tli v\u0259 B\u0259xtiyar Orucovun yaralanmas\u0131nda hallan\u0131b.<\/p>\n<p>Cinay\u0259t hadis\u0259si yanvar\u0131n 28-d\u0259 N\u0259rimanov rayonunda t\u00f6r\u0259dilib. H\u0259min cinay\u0259t\u0259 g\u00f6r\u0259 E.S\u0259f\u0259rov alt\u0131 il azadl\u0131qdan m\u0259hrum edilmi\u015fdi. Be\u015f il c\u0259za \u00e7\u0259kdikd\u0259n sonra \u015f\u0259rti azadl\u0131\u011fa \u00e7\u0131xm\u0131\u015fd\u0131.<\/p>\n<p>Emin Massallinski \u00f6t\u0259n il odlu silah saxlamaya g\u00f6r\u0259 h\u0259bs olunmu\u015fdu. Ancaq bu s\u0259f\u0259r d\u0259, d\u0259mir barmaql\u0131qlar arxas\u0131nda \u00e7ox qalmam\u0131\u015fd\u0131. S\u0259f\u0259rov bu yax\u0131nlarda vaxt\u0131ndan \u0259vv\u0259l azad edilmi\u015fdi.<\/p>\n","protected":false},"excerpt":{"rendered":"<p>Bak\u0131da kriminal dair\u0259l\u0259rd\u0259 \u201cEmin 444\u201d v\u0259 \u201cEmin Massalinksi\u201d l\u0259q\u0259bl\u0259ri il\u0259 tan\u0131nan kriminal avtoritet Emin S\u0259f\u0259rovun q\u0259tlind\u0259 alt\u0131 n\u0259f\u0259r i\u015ftirak edib. ARANTV.AZ\u00a0\u00a0x\u0259b\u0259r verir ki, q\u0259tl qurban\u0131n\u0131n qarda\u015f\u0131 El\u00e7in S\u0259f\u0259rov Oxu.Az-a verdiyi a\u00e7\u0131qlamada q\u0259tlin ehtimal olunan sifari\u015f\u00e7isinin ad\u0131n\u0131 a\u00e7\u0131qlay\u0131b. Bundan \u0259vv\u0259l may\u0131n 10-a ke\u00e7\u0259n gec\u0259 Bin\u0259q\u0259di rayonunda, 6-c\u0131 mikrorayonun \u0130srafil H\u0259\u015fimov k\u00fc\u00e7\u0259sind\u0259 \u0259vv\u0259ll\u0259r m\u0259hkumlu\u011fu olan S\u0259f\u0259rov Emin Ehtiram o\u011flunun q\u0259tl\u0259 yetirildiyini x\u0259b\u0259r vermi\u015fdik. Bir ne\u00e7\u0259 n\u0259f\u0259r aras\u0131nda d\u00fc\u015f\u0259n davan\u0131n gedi\u015fat\u0131ndan E.S\u0259f\u0259rov \u00e7oxsayl\u0131 b\u0131\u00e7aq x\u0259sar\u0259tl\u0259ri al\u0131b v\u0259 hadis\u0259 yerind\u0259 ke\u00e7inib. \u0130lkin m\u0259lumata g\u00f6r\u0259, m\u0259hk\u0259m\u0259 tibbi ekspert m\u00fcayin\u0259si zaman\u0131 meyitin \u00fcz\u0259rind\u0259 40-a yax\u0131n b\u0131\u00e7aq&hellip;<\/p>\n","protected":false},"author":2,"featured_media":57091,"comment_status":"closed","ping_status":"closed","sticky":false,"template":"","format":"standard","meta":{"om_disable_all_campaigns":false,"_monsterinsights_skip_tracking":false,"_monsterinsights_sitenote_active":false,"_monsterinsights_sitenote_note":"","_monsterinsights_sitenote_category":0},"categories":[3],"tags":[],"aioseo_notices":[],"gutentor_comment":0,"rttpg_featured_image_url":{"full":["https:\/\/arantv.az\/wp-content\/uploads\/2019\/05\/1_51557571270.jpg",649,365,false],"landscape":["https:\/\/arantv.az\/wp-content\/uploads\/2019\/05\/1_51557571270.jpg",649,365,false],"portraits":["https:\/\/arantv.az\/wp-content\/uploads\/2019\/05\/1_51557571270.jpg",649,365,false],"thumbnail":["https:\/\/arantv.az\/wp-content\/uploads\/2019\/05\/1_51557571270-150x150.jpg",150,150,true],"medium":["https:\/\/arantv.az\/wp-content\/uploads\/2019\/05\/1_51557571270-300x169.jpg",300,169,true],"large":["https:\/\/arantv.az\/wp-content\/uploads\/2019\/05\/1_51557571270.jpg",640,360,false],"1536x1536":["https:\/\/arantv.az\/wp-content\/uploads\/2019\/05\/1_51557571270.jpg",649,365,false],"2048x2048":["https:\/\/arantv.az\/wp-content\/uploads\/2019\/05\/1_51557571270.jpg",649,365,false],"post-thumbnail":["https:\/\/arantv.az\/wp-content\/uploads\/2019\/05\/1_51557571270-240x172.jpg",240,172,true],"advps-thumb-one":["https:\/\/arantv.az\/wp-content\/uploads\/2019\/05\/1_51557571270.jpg",649,365,false]},"rttpg_author":{"display_name":"V\u00fcsal Rafiqo\u011flu","author_link":"https:\/\/arantv.az\/?author=2"},"rttpg_comment":0,"rttpg_category":"<a href=\"https:\/\/arantv.az\/?cat=3\" rel=\"category\">Kriminal<\/a>","rttpg_excerpt":"Bak\u0131da kriminal dair\u0259l\u0259rd\u0259 \u201cEmin 444\u201d v\u0259 \u201cEmin Massalinksi\u201d l\u0259q\u0259bl\u0259ri il\u0259 tan\u0131nan kriminal avtoritet Emin S\u0259f\u0259rovun q\u0259tlind\u0259 alt\u0131 n\u0259f\u0259r i\u015ftirak edib. ARANTV.AZ\u00a0\u00a0x\u0259b\u0259r verir ki, q\u0259tl qurban\u0131n\u0131n qarda\u015f\u0131 El\u00e7in S\u0259f\u0259rov Oxu.Az-a verdiyi a\u00e7\u0131qlamada q\u0259tlin ehtimal olunan sifari\u015f\u00e7isinin ad\u0131n\u0131 a\u00e7\u0131qlay\u0131b. Bundan \u0259vv\u0259l may\u0131n 10-a ke\u00e7\u0259n gec\u0259 Bin\u0259q\u0259di rayonunda, 6-c\u0131 mikrorayonun \u0130srafil H\u0259\u015fimov k\u00fc\u00e7\u0259sind\u0259 \u0259vv\u0259ll\u0259r m\u0259hkumlu\u011fu olan S\u0259f\u0259rov Emin&hellip;","_links":{"self":[{"href":"https:\/\/arantv.az\/index.php?rest_route=\/wp\/v2\/posts\/57090"}],"collection":[{"href":"https:\/\/arantv.az\/index.php?rest_route=\/wp\/v2\/posts"}],"about":[{"href":"https:\/\/arantv.az\/index.php?rest_route=\/wp\/v2\/types\/post"}],"author":[{"embeddable":true,"href":"https:\/\/arantv.az\/index.php?rest_route=\/wp\/v2\/users\/2"}],"replies":[{"embeddable":true,"href":"https:\/\/arantv.az\/index.php?rest_route=%2Fwp%2Fv2%2Fcomments&post=57090"}],"version-history":[{"count":0,"href":"https:\/\/arantv.az\/index.php?rest_route=\/wp\/v2\/posts\/57090\/revisions"}],"wp:featuredmedia":[{"embeddable":true,"href":"https:\/\/arantv.az\/index.php?rest_route=\/wp\/v2\/media\/57091"}],"wp:attachment":[{"href":"https:\/\/arantv.az\/index.php?rest_route=%2Fwp%2Fv2%2Fmedia&parent=57090"}],"wp:term":[{"taxonomy":"category","embeddable":true,"href":"https:\/\/arantv.az\/index.php?rest_route=%2Fwp%2Fv2%2Fcategories&post=57090"},{"taxonomy":"post_tag","embeddable":true,"href":"https:\/\/arantv.az\/index.php?rest_route=%2Fwp%2Fv2%2Ftags&post=57090"}],"curies":[{"name":"wp","href":"https:\/\/api.w.org\/{rel}","templated":true}]}}